{"id":92636,"date":"2026-01-22T05:36:15","date_gmt":"2026-01-22T05:36:15","guid":{"rendered":"https:\/\/ikimisli.tr\/?p=92636"},"modified":"2026-01-22T05:36:15","modified_gmt":"2026-01-22T05:36:15","slug":"tarlalara-pervane-kurup-basinda-nobete-basladilar-koy-tum-gece-ayakta","status":"publish","type":"post","link":"https:\/\/ikimisli.tr\/index.php\/2026\/01\/22\/tarlalara-pervane-kurup-basinda-nobete-basladilar-koy-tum-gece-ayakta\/","title":{"rendered":"Tarlalara pervane kurup ba\u015f\u0131nda n\u00f6bete ba\u015flad\u0131lar: K\u00f6y t\u00fcm gece ayakta"},"content":{"rendered":"<p>Hava s\u0131cakl\u0131klar\u0131 s\u00fcratle d\u00fc\u015ft\u00fc T\u00fcrkiye&#8217;nin d\u00f6rt bir yan\u0131ndan g\u00fc\u00e7l\u00fc hava ko\u015fullar\u0131na kar\u015f\u0131 \u00e7abaya dair geli\u015fmeler ya\u015fanmaya ba\u015flad\u0131. Adana&#8217;da narenciye \u00fcreticilerini t\u00fcm gece ayakta tutan hava ko\u015fullar\u0131n\u0131n tesiri, tarlalara kurulan pervanelerle hafifletilmeye \u00e7al\u0131\u015fl\u0131yor. Sistem etkin oldu\u011fu anda \u00fcretti\u011fi r\u00fczgarla geni\u015f bir tesir alan\u0131na ula\u015f\u0131yor ve tar\u0131m \u00e7al\u0131\u015fanlar\u0131 g\u00fcne\u015fin birinci \u0131\u015f\u0131klar\u0131na kadar pervanelerin \u00e7al\u0131\u015f\u0131r durumda olup olmad\u0131\u011f\u0131n\u0131 denetime devam ediyor.<\/p>\n<p><img decoding=\"async\" src=\"https:\/\/ikimisli.tr\/wp-content\/uploads\/2026\/01\/tarlalara-pervane-kurup-basinda-nobete-basladilar-koy-tum-gece-ayakta-0-fT4T2vvQ.jpg\"\/><\/p>\n<p><strong>FARKLI S\u0130STEMLER \u0130\u015eE YARAMADI, PERVANE KURTARICI OLDU<\/strong><\/p>\n<p>Zorlu hava kaidelerinden en d\u00fc\u015f\u00fck ziyanla kurtulmak i\u00e7in \u00e7e\u015fitli sistemler deneyen narenciye \u00fcreticileri en uygun korunma prosed\u00fcr\u00fcn\u00fcn pervaneler oldu\u011funu s\u00f6yl\u00fcyor. Y\u0131llard\u0131r Adana&#8217;n\u0131n Y\u00fcre\u011fir il\u00e7esinde narenciye \u00fcreticili\u011fi yapan H\u00fcseyin Gen\u00e7dal, sabaha kadar n\u00f6bet tuttuktan sonra mevzuyla ilgili &#8220;\u00dcr\u00fcnleri korumak i\u00e7in lastik ve pamuk balyas\u0131 yak\u0131l\u0131yordu. Buradan \u00e7\u0131kan duman\u0131n havay\u0131 \u0131s\u0131tmas\u0131 sa\u011flan\u0131rd\u0131. Lakin bunlar\u0131 \u015fu an kullanm\u0131yoruz.&#8221; a\u00e7\u0131klamas\u0131nda bulundu.<\/p>\n<p><img decoding=\"async\" src=\"https:\/\/ikimisli.tr\/wp-content\/uploads\/2026\/01\/tarlalara-pervane-kurup-basinda-nobete-basladilar-koy-tum-gece-ayakta-1-QwTCB4xa.jpg\"\/><\/p>\n<p><strong>S\u0130STEM NASIL \u00c7ALI\u015eIYOR?<\/strong><\/p>\n<p>Adanal\u0131 \u00e7ift\u00e7i H\u00fcseyin Gen\u00e7dal, pervanelerin \u00e7al\u0131\u015fma prensibini de anlatt\u0131; &#8220;Pervaneler r\u00fczgar yap\u0131yor. R\u00fczgar yapt\u0131\u011f\u0131 s\u00fcrece de \u00e7i\u011f d\u00fc\u015fm\u00fcyor. \u00c7i\u011f d\u00fc\u015fmeyince de a\u011fa\u00e7larda buzlanma olmuyor. Pervaneler so\u011fuk havay\u0131 da\u011f\u0131t\u0131yor. B\u00f6ylelikle eserleri korumu\u015f oluyoruz.&#8221; tabirlerini kulland\u0131.<\/p>\n","protected":false},"excerpt":{"rendered":"<p>Son y\u0131llar\u0131n en sert k\u0131\u015f\u0131n\u0131n tesirini art\u0131rmas\u0131yla birlikte Adana&#8217;daki k\u00f6ylerde vatanda\u015flar hummal\u0131 bir \u00e7abaya giri\u015fti. Tarlalara kurduklar\u0131 pervanelerin ba\u015f\u0131na ge\u00e7en tar\u0131m \u00fcreticileri gece uzunlu\u011fu makineleri \u00e7al\u0131\u015ft\u0131rarak n\u00f6bet tutmaya ba\u015flad\u0131.<\/p>\n","protected":false},"author":1,"featured_media":92637,"comment_status":"open","ping_status":"open","sticky":false,"template":"","format":"standard","meta":{"footnotes":""},"categories":[25],"tags":[161,9921],"class_list":["post-92636","post","type-post","status-publish","format-standard","has-post-thumbnail","hentry","category-gundem","tag-hava","tag-pervane"],"_links":{"self":[{"href":"https:\/\/ikimisli.tr\/index.php\/wp-json\/wp\/v2\/posts\/92636","targetHints":{"allow":["GET"]}}],"collection":[{"href":"https:\/\/ikimisli.tr\/index.php\/wp-json\/wp\/v2\/posts"}],"about":[{"href":"https:\/\/ikimisli.tr\/index.php\/wp-json\/wp\/v2\/types\/post"}],"author":[{"embeddable":true,"href":"https:\/\/ikimisli.tr\/index.php\/wp-json\/wp\/v2\/users\/1"}],"replies":[{"embeddable":true,"href":"https:\/\/ikimisli.tr\/index.php\/wp-json\/wp\/v2\/comments?post=92636"}],"version-history":[{"count":1,"href":"https:\/\/ikimisli.tr\/index.php\/wp-json\/wp\/v2\/posts\/92636\/revisions"}],"predecessor-version":[{"id":92640,"href":"https:\/\/ikimisli.tr\/index.php\/wp-json\/wp\/v2\/posts\/92636\/revisions\/92640"}],"wp:featuredmedia":[{"embeddable":true,"href":"https:\/\/ikimisli.tr\/index.php\/wp-json\/wp\/v2\/media\/92637"}],"wp:attachment":[{"href":"https:\/\/ikimisli.tr\/index.php\/wp-json\/wp\/v2\/media?parent=92636"}],"wp:term":[{"taxonomy":"category","embeddable":true,"href":"https:\/\/ikimisli.tr\/index.php\/wp-json\/wp\/v2\/categories?post=92636"},{"taxonomy":"post_tag","embeddable":true,"href":"https:\/\/ikimisli.tr\/index.php\/wp-json\/wp\/v2\/tags?post=92636"}],"curies":[{"name":"wp","href":"https:\/\/api.w.org\/{rel}","templated":true}]}}