{"id":92672,"date":"2026-01-22T07:48:08","date_gmt":"2026-01-22T07:48:08","guid":{"rendered":"https:\/\/ikimisli.tr\/?p=92672"},"modified":"2026-01-22T07:48:08","modified_gmt":"2026-01-22T07:48:08","slug":"ingiliz-profesorun-beyoglunda-esrarengiz-olumu","status":"publish","type":"post","link":"https:\/\/ikimisli.tr\/index.php\/2026\/01\/22\/ingiliz-profesorun-beyoglunda-esrarengiz-olumu\/","title":{"rendered":"\u0130ngiliz profes\u00f6r\u00fcn Beyo\u011flu&#8217;nda esrarengiz \u00f6l\u00fcm\u00fc!"},"content":{"rendered":"<p>Polis yapt\u0131\u011f\u0131 incelemede, Goss&#8217;un kolunda kemerin ba\u011fl\u0131 oldu\u011funu g\u00f6rd\u00fc. Konutta ise uyu\u015fturucu unsur enjekte gere\u00e7leri, ka\u015f\u0131k ve yan\u0131nda da \u015f\u0131r\u0131nga bulundu. Bir m\u00fchlet evvel cep telefonu ve pasaportunun \u00e7al\u0131nd\u0131\u011f\u0131 \u00f6\u011frenilen Goss\u2019un vefat\u0131yla ilgili soru\u015fturma ba\u015flat\u0131ld\u0131. Esnaf Abdurrahman Tekin, &#8220;Kendi \u00fclkesinde profes\u00f6rm\u00fc\u015f. Bayad\u0131r da buradaym\u0131\u015f. Pasaportuyla evraklar\u0131 \u00e7al\u0131nd\u0131\u011f\u0131 i\u00e7in, \u00e7\u0131kartamam\u0131\u015f&#8221; dedi.<\/p>\n<p>Olay, 19 Ocak Pazartesi g\u00fcn\u00fc saat 12.45 s\u0131ralar\u0131nda Kalyoncu Kullu\u011fu Mahallesi\u2019nde meydana geldi. Edinilen bilgiye nazaran 4 y\u0131l evvel \u00fclkeye giren John Paul Goss, k\u0131sa bir m\u00fchlet evvel cep telefonunu ve pasaportunu \u00e7ald\u0131rd\u0131. Evsiz kalan Goss, Taksim\u2019de bir c\u00fcmb\u00fc\u015f yerinde tan\u0131\u015ft\u0131\u011f\u0131 barmen arkada\u015f\u0131 Civan Necmi G.\u2019nin (27) konutunda yakla\u015f\u0131k 1 ay evvel kalmaya ba\u015flad\u0131. Goss, olay g\u00fcn\u00fc gece saatlerinde Civan Necmi G. ile birlikte alkol ald\u0131. Akabinde odas\u0131na ge\u00e7en Civan Necmi G., \u00f6\u011flen saatlerinde Goss\u2019un kald\u0131\u011f\u0131 odadaki koltukta yatar halde hareketsiz halde oldu\u011funu g\u00f6rd\u00fc.<\/p>\n<p><b>KOLUNDA KEMER, MESKENDE \u015eIRINGA BULUNDU<\/b><\/p>\n<p>Civan Necmi G., s\u0131hhat tak\u0131mlar\u0131na ihbarda bulundu. Olay yerine gelen s\u0131hhat gruplar\u0131, yapt\u0131\u011f\u0131 denetimlerde Goss\u2019un hayat\u0131n\u0131 kaybetti\u011fini belirledi. Bunun \u00fczerine konuta giren polis gruplar\u0131, John Paul Goss\u2019un kolunda kemer ba\u011fl\u0131 oldu\u011funu g\u00f6rd\u00fc. Meskende yap\u0131lan incelemede ise uyu\u015fturucu husus enjekte gere\u00e7leri, ka\u015f\u0131k ve yan\u0131nda da \u015f\u0131r\u0131nga bulundu. Cumhuriyet savc\u0131s\u0131 ve olay yeri inceleme tak\u0131mlar\u0131n\u0131n \u00e7al\u0131\u015fmalar\u0131n\u0131n akabinde Goss\u2019un cenazesi Adli T\u0131p Kurumu morguna kald\u0131r\u0131ld\u0131. Savc\u0131l\u0131k ku\u015fkulu vefatla ilgili soru\u015fturma ba\u015flatt\u0131.<\/p>\n<p><b>GECE ALKOL ALDI SABAH MEYY\u0130T BULUNDU<\/b><\/p>\n<p>Olayla ilgili polis, Civan Necmi G.\u2019nin tabirine ba\u015fvurdu. Civan Necmi G. tabirinde, kendisinin bir c\u00fcmb\u00fc\u015f yerinde barmen oldu\u011funu, \u00e7al\u0131\u015ft\u0131\u011f\u0131 bardan tan\u0131\u015ft\u0131\u011f\u0131 Goss\u2019un evsiz kald\u0131\u011f\u0131n\u0131, meskeninde 1 ayd\u0131r konuk etti\u011fini, husus ba\u011f\u0131ml\u0131s\u0131 oldu\u011funu ve k\u0131sa bir m\u00fchlet evvel telefonunu ve pasaportunu \u00e7ald\u0131rd\u0131\u011f\u0131n\u0131 belirtti. Civan Necmi G. s\u00f6z\u00fcn\u00fcn devam\u0131nda, olay g\u00fcn\u00fc gece saatlerinde birlikte alkol ald\u0131klar\u0131n\u0131, 02.00 s\u0131ralar\u0131nda yatmak i\u00e7in odas\u0131na ge\u00e7ti\u011fini, t\u0131pk\u0131 g\u00fcn saat 12.30\u2019da Goss\u2019u odas\u0131nda koltuk \u00fczerinde yatar vaziyette g\u00f6rd\u00fc\u011f\u00fcn\u00fc s\u00f6yledi\u011fi \u00f6\u011frenildi.<\/p>\n<p><b>&#8216;KEND\u0130 \u00dcLKES\u0130NDE PROFES\u00d6RM\u00dc\u015e&#8217;<\/b><\/p>\n<p>Olayla ilgili konu\u015fan esnaf Abdurrahman Tekin, &#8220;Polisler geldi\u011finde meskende meyyit bulunmu\u015f. Arkada\u015flar\u0131 falan da vard\u0131. Zati bir k\u0131z arkada\u015f\u0131 vard\u0131. Burada polislere s\u00f6z verip gittiler. Ben de onlardan \u00f6\u011frendim. Kendi \u00fclkesinde profes\u00f6rm\u00fc\u015f. Bayad\u0131r da buradaym\u0131\u015f. Pasaportuyla evraklar\u0131 \u00e7al\u0131nd\u0131\u011f\u0131 i\u00e7in, \u00e7\u0131kartamam\u0131\u015f. D\u00fcn de herhalde pasaportlar\u0131n her \u015feyini \u00e7\u0131kartm\u0131\u015f. Sabah gidecekmi\u015f. Konutunda meyyit bulunmu\u015f&#8221; dedi.<\/p>\n<p><b>&#8216;PASAPORTU \u00c7ALINDI\u011eI \u0130\u00c7\u0130N BURADA KALIYOR&#8217;<\/b><\/p>\n<p>Tekin, &#8220;Pasaportu \u00e7al\u0131nd\u0131\u011f\u0131 i\u00e7in burada kal\u0131yordu. Evsiz kald\u0131\u011f\u0131 i\u00e7in buraya gelmi\u015f. Uyu\u015fturucu kullanm\u0131\u015f, o denli dediler. Yapt\u0131\u011f\u0131na alt\u0131n vuru\u015f diyorlarm\u0131\u015f. Meskeninde arama falan yapm\u0131\u015flar. Cenaze arac\u0131 geldi, araca bindirdiler g\u00f6t\u00fcrd\u00fcler. Kendi \u00fclkesinde profes\u00f6rm\u00fc\u015f&#8221; dedi.<\/p>\n","protected":false},"excerpt":{"rendered":"<p>Beyo\u011flu\u2019nda 4 y\u0131l evvel T\u00fcrkiye\u2019ye gelen ve bir m\u00fchlet evvel evsiz kalan \u0130ngiliz Profes\u00f6r John Paul Goss (45), yakla\u015f\u0131k 1 ayd\u0131r konuk olarak kald\u0131\u011f\u0131 barmen arkada\u015f\u0131n\u0131n meskeninde meyyit bulundu.<\/p>\n","protected":false},"author":1,"featured_media":92673,"comment_status":"open","ping_status":"open","sticky":false,"template":"","format":"standard","meta":{"footnotes":""},"categories":[25],"tags":[2919,9922,171,136,1272],"class_list":["post-92672","post","type-post","status-publish","format-standard","has-post-thumbnail","hentry","category-gundem","tag-bulundu","tag-calindigi","tag-olay","tag-olu","tag-saat"],"_links":{"self":[{"href":"https:\/\/ikimisli.tr\/index.php\/wp-json\/wp\/v2\/posts\/92672","targetHints":{"allow":["GET"]}}],"collection":[{"href":"https:\/\/ikimisli.tr\/index.php\/wp-json\/wp\/v2\/posts"}],"about":[{"href":"https:\/\/ikimisli.tr\/index.php\/wp-json\/wp\/v2\/types\/post"}],"author":[{"embeddable":true,"href":"https:\/\/ikimisli.tr\/index.php\/wp-json\/wp\/v2\/users\/1"}],"replies":[{"embeddable":true,"href":"https:\/\/ikimisli.tr\/index.php\/wp-json\/wp\/v2\/comments?post=92672"}],"version-history":[{"count":1,"href":"https:\/\/ikimisli.tr\/index.php\/wp-json\/wp\/v2\/posts\/92672\/revisions"}],"predecessor-version":[{"id":92674,"href":"https:\/\/ikimisli.tr\/index.php\/wp-json\/wp\/v2\/posts\/92672\/revisions\/92674"}],"wp:featuredmedia":[{"embeddable":true,"href":"https:\/\/ikimisli.tr\/index.php\/wp-json\/wp\/v2\/media\/92673"}],"wp:attachment":[{"href":"https:\/\/ikimisli.tr\/index.php\/wp-json\/wp\/v2\/media?parent=92672"}],"wp:term":[{"taxonomy":"category","embeddable":true,"href":"https:\/\/ikimisli.tr\/index.php\/wp-json\/wp\/v2\/categories?post=92672"},{"taxonomy":"post_tag","embeddable":true,"href":"https:\/\/ikimisli.tr\/index.php\/wp-json\/wp\/v2\/tags?post=92672"}],"curies":[{"name":"wp","href":"https:\/\/api.w.org\/{rel}","templated":true}]}}