{"id":92881,"date":"2026-01-22T20:00:07","date_gmt":"2026-01-22T20:00:07","guid":{"rendered":"https:\/\/ikimisli.tr\/?p=92881"},"modified":"2026-01-22T20:00:07","modified_gmt":"2026-01-22T20:00:07","slug":"akpli-zengine-emekli-maasi-tepkisi-annen-seni-terlikle-kovalar","status":"publish","type":"post","link":"https:\/\/ikimisli.tr\/index.php\/2026\/01\/22\/akpli-zengine-emekli-maasi-tepkisi-annen-seni-terlikle-kovalar\/","title":{"rendered":"AKP&#8217;li Zengin&#8217;e emekli maa\u015f\u0131 tepkisi: Annen seni terlikle kovalar"},"content":{"rendered":"<p>TBMM Genel Kurulu, TBMM Ba\u015fkanvekili Celal Adan&#8217;\u0131n ba\u015fkanl\u0131\u011f\u0131nda topland\u0131. Genel Heyeti&#8217;nde en d\u00fc\u015f\u00fck emekli ayl\u0131\u011f\u0131n\u0131n art\u0131r\u0131lmas\u0131n\u0131 da i\u00e7eren Birtak\u0131m Kanunlarda ve 375 Say\u0131l\u0131 Kanun Karar\u0131nda Kararnamede De\u011fi\u015fiklik Yap\u0131lmas\u0131na Dair Kanun Teklifi&#8217;nin t\u00fcm\u00fc \u00fczerinde g\u00f6r\u00fc\u015fmelerine devam ediliyor.<\/p>\n<p>Genel Kurul&#8217;da s\u00f6z alan \u0130Y\u0130 Parti K\u00fcmesi ismine Samsun Milletvekili Erhan Usta, toplumda emeklilere ait \u00f6nemli bir beklenti ve infial bulundu\u011funu lisana getirdi. Usta, en d\u00fc\u015f\u00fck emekli maa\u015f\u0131n\u0131n 20 bin liraya \u00e7\u0131kar\u0131ld\u0131\u011f\u0131n\u0131 ve 900 bin ki\u015finin daha en d\u00fc\u015f\u00fck emekli maa\u015f\u0131 alma kapsam\u0131na girdi\u011fini kaydetti. Fiyat tart\u0131\u015fmalar\u0131n\u0131n en d\u00fc\u015f\u00fck ve minimum seviyeler \u00fczerinden y\u00fcr\u00fct\u00fclmesini ele\u015ftiren Usta, a\u00e7l\u0131k sonunun 30 bin 143 lira oldu\u011funu, bu say\u0131n\u0131n hazirana kadar daha da artaca\u011f\u0131n\u0131 s\u00f6yledi. Usta, bu durumda milyonlarca emeklinin a\u00e7l\u0131k sonunun alt\u0131nda gelir elde etmeye devam edece\u011fini s\u00f6z etti.<\/p>\n<p><b>USTA&#8217;DAN A\u00c7LIK SONU HATIRLATMASI: 24 M\u0130LYON K\u0130\u015e\u0130<\/b><\/p>\n<p>Emeklilerin ya\u015fad\u0131\u011f\u0131 ekonomik zorluklar\u0131n say\u0131larla sonlu olmad\u0131\u011f\u0131n\u0131 vurgulayan Usta, emeklilerin g\u00fcnl\u00fck hayatta temel gereksinimlerini kar\u015f\u0131lamakta zorland\u0131\u011f\u0131n\u0131 belirtti.<\/p>\n<p>T\u00fcrkiye&#8217;de gelir elde eden yakla\u015f\u0131k 24 milyon ki\u015finin a\u00e7l\u0131k hududunun alt\u0131nda bulundu\u011funu s\u00f6yleyen Usta, ailelerle birlikte bu say\u0131n\u0131n \u00e7ok daha y\u00fcksek oldu\u011funu lisana getirdi.<\/p>\n<p>Emekli maa\u015flar\u0131n\u0131n d\u00fc\u015f\u00fck olmas\u0131n\u0131n nedeninin emekli say\u0131s\u0131n\u0131n fazlal\u0131\u011f\u0131 olmad\u0131\u011f\u0131na dikkat \u00e7eken Usta, Almanya, Fransa ve \u0130talya \u00f6rneklerini vererek, sorunun istihdam\u0131n yetersizli\u011finden kaynakland\u0131\u011f\u0131n\u0131 s\u00f6z etti.<\/p>\n<p>\u0130stihdam\u0131n art\u0131r\u0131lamamas\u0131n\u0131n emeklilerin hissesinin d\u00fc\u015fmesine yol a\u00e7t\u0131\u011f\u0131n\u0131 savunan Usta, bu durumdan uzun m\u00fcddettir \u00fclkeyi y\u00f6netenlerin sorumlu oldu\u011funu s\u00f6yledi. Usta, emeklilere yap\u0131lan toplam \u00f6demelerin ulusal gelir i\u00e7indeki hissesinin 2010 y\u0131l\u0131nda y\u00fczde 6,8 iken 2024\u2019te y\u00fczde 6,1\u2019e d\u00fc\u015ft\u00fc\u011f\u00fcn\u00fc, buna ra\u011fmen emeklilerin n\u00fcfus i\u00e7indeki oran\u0131n\u0131n birebir periyotta y\u00fczde 12\u2019den y\u00fczde 18,5\u2019e y\u00fckseldi\u011fini aktard\u0131. Bu tabloyu, daha az kayna\u011f\u0131n daha fazla emekliye payla\u015ft\u0131r\u0131lmas\u0131 olarak k\u0131ymetlendirdi.<\/p>\n<p>Ortalama emekli ayl\u0131\u011f\u0131n\u0131n taban fiyata oran\u0131n\u0131n da y\u0131llar i\u00e7inde emekliler aleyhine bozuldu\u011funu s\u00f6z eden Usta, bunun nedeninin hem emekli ayl\u0131klar\u0131n\u0131n hem de taban fiyat\u0131n yetersiz art\u0131\u015f\u0131 oldu\u011funu lisana getirdi.<\/p>\n<p><b>&#8220;YILLAR \u0130\u00c7\u0130NDE \u00d6NEML\u0130 B\u0130\u00c7\u0130MDE AZALDI&#8221;<\/b><\/p>\n<p>S\u00fcrekli en d\u00fc\u015f\u00fck emekli ayl\u0131\u011f\u0131 \u00fczerinden yap\u0131lan d\u00fczenlemelerin toplumsal g\u00fcvenlik sistemi a\u00e7\u0131s\u0131ndan risk olu\u015fturdu\u011funu belirten Usta, prim \u00f6deme m\u00fcddetleri ve fiyatlar\u0131 ortas\u0131ndaki farklar\u0131n ortadan kalkmas\u0131n\u0131n sistemi zay\u0131flataca\u011f\u0131n\u0131 s\u00f6yledi. Ortalama emekli ayl\u0131\u011f\u0131 ile en d\u00fc\u015f\u00fck emekli ayl\u0131\u011f\u0131 ortas\u0131ndaki fark\u0131n y\u0131llar i\u00e7inde \u00f6nemli bi\u00e7imde azald\u0131\u011f\u0131n\u0131 vurgulayan Usta, t\u00fcm emeklilerin durumunun k\u00f6t\u00fcle\u015fti\u011fini ifade etti. \u0130Y\u0130 Parti K\u00fcmesi olarak en d\u00fc\u015f\u00fck emekli ayl\u0131\u011f\u0131n\u0131n art\u0131r\u0131lmas\u0131na ait teklifler sunduklar\u0131n\u0131 hat\u0131rlatan Usta, Plan ve B\u00fct\u00e7e Komisyonu\u2019nda en az 25 bin lira \u00f6nerdiklerini, bu teklifin reddedildi\u011fini s\u00f6yledi.\u00a0<\/p>\n<p><b>&#8220;OYU ALDINIZ ARTIK HAK\u0130R G\u00d6R\u00dcYORSUNUZ&#8221;<\/b><\/p>\n<p>CHP Malatya Milletvekili Veli A\u011fbaba ise emekli ayl\u0131\u011f\u0131 \u00fczerinden AK Parti&#8217;ye y\u00f6nelik tenkitlerini s\u0131ralad\u0131. A\u011fbaba, \u015f\u00f6yle konu\u015ftu:<\/p>\n<p>*AK Parti\u2019ye kelamlar\u0131n ba\u015f\u0131nda birka\u00e7 kelam s\u00f6ylemek istiyorum. Ger\u00e7i burada beni dinleyen, emekliyi anlayacak hi\u00e7bir mevzumuz yok. Kimisi T\u00fcrkiye\u2019nin en b\u00fcy\u00fck holdinglerinden emekli milletvekili, kimisi \u0130stanbul&#8217;un en b\u00fcy\u00fck m\u00fcteahhidi. M\u00fcnasebetiyle ne desem bo\u015f. Lakin oyunu ald\u0131n\u0131z.<\/p>\n<p>*S\u0131rt\u0131na bindiniz. Art\u0131k h\u00e2kir g\u00f6r\u00fcyorsunuz. &#8216;Sen yoksulsun, benim muhatab\u0131m de\u011filsin&#8217; diyorsunuz. Lakin onlar\u0131n sesini duymuyorsunuz, kulaklar\u0131n\u0131z\u0131 kapatm\u0131\u015fs\u0131n\u0131z. Fakat \u015funu bilin ki onlar\u0131n hakk\u0131n\u0131, hukukunu, erdemini, namusunu savunmak bizim boynumuzun borcudur. Art\u0131k s\u00f6zlerimin ba\u015f\u0131nda Hasret Han\u0131m\u2019a bir laf atay\u0131m. \u00d6zlem Han\u0131m, anneniz baban\u0131z san\u0131r\u0131m emekli \u00f6\u011fretmen.<\/p>\n<p>*Git bu teklifi annene s\u00f6yle, annen seni terlikle kovalar. Burada Nilg\u00fcn Han\u0131m var. Plan ve B\u00fct\u00e7e Kurulunun \u00e7ok de\u011ferli \u00fcyesi. Onun biraz tuzu kuru; i\u015f bayan\u0131, fabrikas\u0131 var. Ya Allah a\u015fk\u0131na, bunu Denizli&#8217;de, Buldan&#8217;da birine s\u00f6yleseniz; bu emekli maa\u015f\u0131 nedir Allah a\u015fk\u0131na? Seni de terlikle kovalar.<\/p>\n<p>*Annenize baban\u0131za s\u00f6yleyin bakal\u0131m. Ben ba\u015fkanl\u0131k sisteminin bu \u00fclkeyi ne h\u00e2le getirdi\u011fini k\u0131saca anlatmak istiyorum.<\/p>\n<p><b>&#8220;DAYISI BABASI AK PART\u0130 M\u0130LLETVEK\u0130L\u0130 YA DA S\u0130YASET\u00c7\u0130 OLANLAR \u0130\u015eE G\u0130R\u0130YOR&#8221;<\/b><\/p>\n<p>*D\u00fcnya Sefalet Endeksi\u2019ne nazaran yoksullukta d\u00fcnyada 5\u2019inci s\u0131raday\u0131z. Sudan, Arjantin, Suriye, Yemen var. D\u00fcnya sefalet endeksinde bu tablo \u00e7ok de\u011ferlidir. Burada a\u00e7l\u0131k var, burada yoksulluk var.<\/p>\n<p>*Burada \u00e7\u00f6plerden ekmek toplayan emekliler var. Besin enflasyonunda y\u00fczde 28.31 ile Avrupa\u2019da birinciyiz, d\u00fcnyada be\u015finciyiz. Bizden daha makus olan \u00fclkeler G\u00fcney Sudan, \u0130ran, Malavi, Haiti. Bizden daha \u00e2l\u00e2 durumda olanlar ise Kolombiya, Burundi, L\u00fcbnan, Angola. Tar\u0131mda \u00e7al\u0131\u015fan personel say\u0131s\u0131 11 milyon 705 bin. Ne e\u011fitimde ne istihdamda olan gen\u00e7lerin say\u0131s\u0131 6 milyon 500 bin.<\/p>\n<p>*Evlatlar\u0131n\u0131z\u0131 bir d\u00fc\u015f\u00fcn\u00fcn. Maalesef bu tertip day\u0131lar\u0131n nizam\u0131d\u0131r. Ankara&#8217;da day\u0131s\u0131 olmayanlar ezilirken, day\u0131s\u0131 babas\u0131 AK Parti milletvekili ya da siyaset\u00e7i olanlar i\u015fe giriyor. Hakk\u0131n\u0131 yemeyelim; AK Parti yoksul fukara \u00e7ocuklar\u0131 ortas\u0131nda ayr\u0131m yapm\u0131yor.<\/p>\n<p>*CHP\u2019li olsa da i\u015fe giremiyor, DEM\u2019li olsa da, MHP\u2019li olsa da i\u015fe giremiyor. Lakin g\u00fc\u00e7l\u00fc, siyaset\u00e7i tan\u0131d\u0131\u011f\u0131 olanlar i\u015fe giriyor. Fakirlerin, AK Parti&#8217;ye oy veren gen\u00e7lerin, MHP&#8217;ye oy veren fakir gen\u00e7lerin day\u0131s\u0131 yok.<\/p>\n<p>*Onlar\u0131n day\u0131s\u0131 Cumhuriyet Halk Partisi\u2019dir. Art\u0131k yaln\u0131zca en d\u00fc\u015f\u00fck emekli alanlar de\u011fil; hekimi da, \u00f6\u011fretmeni de, emek\u00e7isi de fakirle\u015fmi\u015f durumda. 23 y\u0131l\u0131n sonunda T\u00fcrkiye\u2019yi getirdi\u011finiz nokta budur. Bu emekliler d\u00fcnyan\u0131n en b\u00fcy\u00fck ekonomistleridir.<\/p>\n<p>*Verdi\u011finiz art\u0131r\u0131m bin TL. Gidin K\u0131z\u0131lay\u2019a, siz \u00c7ukurambar&#8217;\u0131 seversiniz; bir d\u00f6ner 450 TL, bir kilo et bin TL. G\u00fcnl\u00fck 33 TL d\u00fc\u015f\u00fcyor. \u00c7ay 25 TL, simit 20 TL. Ya \u00e7ay i\u00e7eceksiniz ya simit alacaks\u0131n\u0131z. Gelinen durum bu.<\/p>\n<p><b>&#8220;BU KANUN \u0130\u00c7\u0130N EL KALDIRAN DA BU KARA S\u0130STEME ORTAKTIR&#8221;<\/b><\/p>\n<p>CHP Sivas Milletvekili Ula\u015f Karasu ise &#8220;Bug\u00fcn bu k\u00fcrs\u00fcde yuvarlak c\u00fcmleler kurmayaca\u011f\u0131m. Zira ortada yuvarlanacak bir sorun yok. Bug\u00fcn bu \u00fclkede emekli \u015fuurlu olarak yoksulla\u015ft\u0131r\u0131lm\u0131\u015ft\u0131r. Bu bir yan\u0131lg\u0131 de\u011fildir, bu bir kriz de\u011fildir, bu bir tesad\u00fcf hi\u00e7 de\u011fildir. Bu, AKP iktidar\u0131n\u0131n kara tertibinin bir sonucudur&#8221; diye konu\u015ftu. Karasu, kelamlar\u0131n\u0131n devam\u0131nda \u015funlar\u0131 kaydetti:<\/p>\n<p>*Emekliler bu \u00fclkeye \u00f6mr\u00fcn\u00fc verdi. Al\u0131n terini verdi, s\u0131hhatini verdi, gen\u00e7li\u011fini verdi. Devletine g\u00fcvendi. Ancak kar\u015f\u0131l\u0131\u011f\u0131nda ne ald\u0131? A\u00e7l\u0131k hududunun alt\u0131nda maa\u015f, bor\u00e7 bata\u011f\u0131, \u00e7al\u0131\u015fmak zorunda kald\u0131\u011f\u0131 ikinci i\u015f, utan\u00e7 verici bir \u00f6m\u00fcr u\u011fra\u015f\u0131. Bug\u00fcn emekli ne yaz\u0131k ki torununa har\u00e7l\u0131k veremiyor, pazardan istedi\u011fini alam\u0131yor, k\u0131\u015f\u0131n faturas\u0131n\u0131 \u00f6deyemiyor.<\/p>\n<p>*Bu tabloya iktisat diyemezsiniz. Bu tabloyu anlatan tek bir s\u00f6z vard\u0131r: Emekliye yap\u0131lan zul\u00fcm. Ve bu zulm\u00fcn sorumlusu da AKP\u2019nin yaratt\u0131\u011f\u0131 kara tertiptir.T\u00fcrkiye\u2019de bug\u00fcn 17 milyona yak\u0131n emekli var.<\/p>\n<p>*En d\u00fc\u015f\u00fck emekli ayl\u0131\u011f\u0131 20 bin lirad\u0131r. Bunun yakla\u015f\u0131k 5 milyonu en d\u00fc\u015f\u00fck ayl\u0131\u011fa mahk\u00fbm edilmi\u015ftir. Ortalama emekli ayl\u0131\u011f\u0131 23 bin 500 lirad\u0131r. En d\u00fc\u015f\u00fck memur emeklisi ayl\u0131\u011f\u0131 ise Cumhuriyet tarihinde birinci defa a\u00e7l\u0131k hududunun alt\u0131nda kalm\u0131\u015ft\u0131r. K\u00fcrs\u00fclerden buna &#8216;sefalet \u00fccreti&#8217; deyip sonra Meclis&#8217;te oturup sessiz kalan da, bu kanun i\u00e7in el kald\u0131ran da bu kara sisteme ortakt\u0131r.<\/p>\n<p>*Y\u0131llard\u0131r &#8216;eski T\u00fcrkiye&#8217; diyerek masal anlat\u0131yorsunuz. Gelin ger\u00e7eklerle y\u00fczle\u015felim. 2002 y\u0131l\u0131nda emekli ayl\u0131\u011f\u0131 minimum fiyat\u0131n 1,5 kat\u0131yd\u0131. \u015eayet bu oran korunmu\u015f olsayd\u0131 bug\u00fcn en d\u00fc\u015f\u00fck emekli ayl\u0131\u011f\u0131 42 bin lira olacakt\u0131. Ancak siz ne yapt\u0131n\u0131z? Emekliyi b\u00fcy\u00fcmeden kopard\u0131n\u0131z, gelirden hissesini kestiniz, sefalette e\u015fitlediniz.<\/p>\n<p>*Bu bir idare yan\u0131lg\u0131s\u0131 de\u011fil, \u015fuurlu bir fakirle\u015ftirme siyasetidir. Bunun ismi AKP\u2019nin kara tertibidir. &#8216;Kaynak yok&#8217; diyorsunuz. Palavra s\u00f6yl\u00fcyorsunuz. SGK b\u00fct\u00e7esi ortadad\u0131r. 2025 y\u0131l\u0131nda 282 milyar lira kullan\u0131lmadan durmaktad\u0131r. Faize gelince para var, yanda\u015fa gelince para var, ancak emekliye gelince yok.<\/p>\n<p>*Bu bir kaynak s\u0131k\u0131nt\u0131s\u0131 de\u011fil, bu bir vicdan problemidir. Bu vicdans\u0131zl\u0131\u011f\u0131n ismi da AKP\u2019nin kara nizam\u0131d\u0131r. \u00a0AKP s\u0131ralar\u0131na sesleniyorum: Hepiniz emekli dostu oldu\u011funuzu s\u00f6yl\u00fcyorsunuz ancak emeklinin sofras\u0131n\u0131 bilmiyorsunuz, k\u0131\u015f\u0131n\u0131 bilmiyorsunuz, ge\u00e7imini bilmiyorsunuz. Biz biliyoruz. Bildi\u011fimiz i\u00e7in 14 g\u00fcnd\u00fcr buraday\u0131z. Zira biz emekliyiz, biz i\u015f\u00e7iyiz, biz halk\u0131z.<\/p>\n<p><b>MHP&#8217;DEN YEN\u0130 D\u00dcZENLEME S\u0130NYAL\u0130<\/b><\/p>\n<p>MHP Konya Milletvekili Mustafa Kalayc\u0131 ise &#8220;\u00d6n\u00fcm\u00fczdeki s\u00fcre\u00e7te emekli ayl\u0131klar\u0131n\u0131 b\u00fct\u00fcnc\u00fcl bir halde art\u0131racak ve e\u015fitsizlikleri giderecek, BA\u011e-KUR prim g\u00fcn say\u0131s\u0131n\u0131 7200&#8217;e d\u00fc\u015f\u00fcrecek, birinci dereceye gelen memurlara 3600 ek g\u00f6sterge verecek, mesken bayanlar\u0131na prim dayana\u011f\u0131yla birlikte emeklilik hakk\u0131 tan\u0131yacak d\u00fczenlemelerin yap\u0131laca\u011f\u0131na inan\u0131yoruz. Ayr\u0131ca Milliyet\u00e7i Hareket Partisi olarak proje h\u00e2line getirdi\u011fimiz taban refah d\u00fczeyinin endeks \u00fczerinden hesaplanmas\u0131 ve belirlenen gelir d\u00fczeyine eri\u015fene kadar ailelere taban gelir takviyesi verilmesi uygulamas\u0131n\u0131n hayata ge\u00e7irilmesi de beklentimizdir&#8221; s\u00f6zlerini kulland\u0131.<\/p>\n","protected":false},"excerpt":{"rendered":"<p>CHP Malatya Milletvekili Veli A\u011fbaba, emekli ayl\u0131\u011f\u0131 d\u00fczenlemesi \u00fczerinden iktidar\u0131 ele\u015ftirdi. AKP K\u00fcme Ba\u015fkanvekili Hasret G\u00fc\u00e7l\u00fc ve AKP Denizli Milletvekili Nilg\u00fcn \u00d6k&#8217;e seslenen A\u011fbaba, &#8220;\u00d6zlem Han\u0131m, anneniz baban\u0131z san\u0131r\u0131m emekli \u00f6\u011fretmen. Git bu teklifi annene s\u00f6yle, annen seni terlikle kovalar&#8221; dedi.<\/p>\n","protected":false},"author":1,"featured_media":92882,"comment_status":"open","ping_status":"open","sticky":false,"template":"","format":"standard","meta":{"footnotes":""},"categories":[25],"tags":[5170,91,524,775,1823],"class_list":["post-92881","post","type-post","status-publish","format-standard","has-post-thumbnail","hentry","category-gundem","tag-duzen","tag-emekli","tag-is","tag-kara","tag-usta"],"_links":{"self":[{"href":"https:\/\/ikimisli.tr\/index.php\/wp-json\/wp\/v2\/posts\/92881","targetHints":{"allow":["GET"]}}],"collection":[{"href":"https:\/\/ikimisli.tr\/index.php\/wp-json\/wp\/v2\/posts"}],"about":[{"href":"https:\/\/ikimisli.tr\/index.php\/wp-json\/wp\/v2\/types\/post"}],"author":[{"embeddable":true,"href":"https:\/\/ikimisli.tr\/index.php\/wp-json\/wp\/v2\/users\/1"}],"replies":[{"embeddable":true,"href":"https:\/\/ikimisli.tr\/index.php\/wp-json\/wp\/v2\/comments?post=92881"}],"version-history":[{"count":1,"href":"https:\/\/ikimisli.tr\/index.php\/wp-json\/wp\/v2\/posts\/92881\/revisions"}],"predecessor-version":[{"id":92883,"href":"https:\/\/ikimisli.tr\/index.php\/wp-json\/wp\/v2\/posts\/92881\/revisions\/92883"}],"wp:featuredmedia":[{"embeddable":true,"href":"https:\/\/ikimisli.tr\/index.php\/wp-json\/wp\/v2\/media\/92882"}],"wp:attachment":[{"href":"https:\/\/ikimisli.tr\/index.php\/wp-json\/wp\/v2\/media?parent=92881"}],"wp:term":[{"taxonomy":"category","embeddable":true,"href":"https:\/\/ikimisli.tr\/index.php\/wp-json\/wp\/v2\/categories?post=92881"},{"taxonomy":"post_tag","embeddable":true,"href":"https:\/\/ikimisli.tr\/index.php\/wp-json\/wp\/v2\/tags?post=92881"}],"curies":[{"name":"wp","href":"https:\/\/api.w.org\/{rel}","templated":true}]}}