{"id":92923,"date":"2026-01-22T22:48:07","date_gmt":"2026-01-22T22:48:07","guid":{"rendered":"https:\/\/ikimisli.tr\/?p=92923"},"modified":"2026-01-22T22:48:07","modified_gmt":"2026-01-22T22:48:07","slug":"trump-nato-ile-gronland-konusunda-anlastiklarini-duyurdu","status":"publish","type":"post","link":"https:\/\/ikimisli.tr\/index.php\/2026\/01\/22\/trump-nato-ile-gronland-konusunda-anlastiklarini-duyurdu\/","title":{"rendered":"Trump, NATO ile Gr\u00f6nland konusunda anla\u015ft\u0131klar\u0131n\u0131 duyurdu"},"content":{"rendered":"<p>ABD Ba\u015fkan\u0131 Trump, Davos&#8217;taki Gr\u00f6nland g\u00f6r\u00fc\u015fmelerine ait Truth Social hesab\u0131ndan bir a\u00e7\u0131klama yapt\u0131.<\/p>\n<p>NATO Genel Sekreteri Mark Rutte ile \u00e7ok verimli bir g\u00f6r\u00fc\u015fme ger\u00e7ekle\u015ftirdi\u011fini kaydeden Trump, &#8220;Bu g\u00f6r\u00fc\u015fme sonucunda, Gr\u00f6nland ve t\u00fcm Arktik B\u00f6lgesi ile ilgili gelecekte yap\u0131lacak bir mutabakat\u0131n \u00e7er\u00e7evesini olu\u015fturduk. Bu tahlil, hayata ge\u00e7erse, ABD ve t\u00fcm NATO \u00fclkeleri i\u00e7in ola\u011fan\u00fcst\u00fc bir tahlil olacakt\u0131r.&#8221; de\u011ferlendirmesini yapt\u0131.<\/p>\n<p>ABD Ba\u015fkan\u0131, bu kapsamda Gr\u00f6nland konusunda ilgili Avrupa \u00fclkelerine y\u00f6nelik 1 \u015eubat&#8217;ta y\u00fcr\u00fcrl\u00fc\u011fe girmesi planlanan g\u00fcmr\u00fck vergilerini ise durdurdu\u011funu belirtti.<\/p>\n<p>Trump ayr\u0131yeten, Gr\u00f6nland ile ilgili olarak &#8220;Alt\u0131n Kubbe&#8221; savunma sistemi konusunda ek g\u00f6r\u00fc\u015fmeler yap\u0131laca\u011f\u0131n\u0131 ve t\u00fcm s\u00fcrecin Lider Yard\u0131mc\u0131s\u0131 JD Vance, D\u0131\u015fi\u015fleri Bakan\u0131 Marco Rubio ve \u00d6zel Temsilcisi Steve Witkoff uhdesinde y\u00fcr\u00fct\u00fclece\u011fini s\u00f6z etti.<\/p>\n<p><img decoding=\"async\" src=\"https:\/\/ikimisli.tr\/wp-content\/uploads\/2026\/01\/trump-nato-ile-gronland-konusunda-anlastiklarini-duyurdu-0-VDQtyKvX.jpg\"\/><\/p>\n<p><b>ANLA\u015eMA M\u00dcDDET\u0130 SONSUZ OLACAK<\/b><\/p>\n<p>Trump, \u0130svi\u00e7re&#8217;nin Davos kasabas\u0131nda kat\u0131ld\u0131\u011f\u0131 56. D\u00fcnya Ekonomik Forumu (WEF) toplant\u0131lar\u0131n\u0131n akabinde bas\u0131n mensuplar\u0131n\u0131n sorular\u0131n\u0131 yan\u0131tlad\u0131.<\/p>\n<p>CNN muhabirinin Gr\u00f6nland \u00e7er\u00e7eve mutabakat\u0131yla ilgili sorusunu yan\u0131tlayan Trump, &#8220;Bu uzun vadeli ve son bir mutabakat.&#8221; dedi.<\/p>\n<p>Trump, muahedenin Gr\u00f6nland&#8217;\u0131n ABD&#8217;ye ge\u00e7i\u015fini nas\u0131l tan\u0131mlayaca\u011f\u0131 konusuna girmedi.<\/p>\n<p>\u00c7er\u00e7eve mutabakat\u0131n m\u00fchletinin ne kadar olaca\u011f\u0131 taraf\u0131ndaki soruya ise &#8220;Sonsuz.&#8221; diye kar\u015f\u0131l\u0131k veren Trump, &#8220;Bu, sonuncu uzun vadeli bir muahede ve bu mutabakat herkesi \u00e7ok d\u00fczg\u00fcn bir pozisyona getiriyor.&#8221; yorumunu yapt\u0131.<\/p>\n<p><img decoding=\"async\" src=\"https:\/\/ikimisli.tr\/wp-content\/uploads\/2026\/01\/trump-nato-ile-gronland-konusunda-anlastiklarini-duyurdu-1-s6zD1sk6.jpg\"\/><\/p>\n<p><b>&#8220;KIRMIZI \u00c7\u0130ZG\u0130M\u0130Z&#8221;<\/b><\/p>\n<p>Danimarka D\u0131\u015fi\u015fleri Bakan\u0131 Lars Lokke Rasmussen, ABD&#8217;nin Gr\u00f6nland&#8217;\u0131n sahibi olmayaca\u011f\u0131n\u0131, adan\u0131n \u00fclkesi i\u00e7in &#8220;k\u0131rm\u0131z\u0131 \u00e7izgi&#8221; niteli\u011fi ta\u015f\u0131d\u0131\u011f\u0131n\u0131 s\u00f6yledi.<\/p>\n<p>Rasmussen, ABD Ba\u015fkan\u0131 Donald Trump&#8217;\u0131n, NATO Genel Sekreteri Mark Rutte ile Gr\u00f6nland konusunda bir &#8220;anla\u015fma \u00e7er\u00e7evesi&#8221; olu\u015fturduklar\u0131n\u0131 a\u00e7\u0131klamas\u0131n\u0131n akabinde Danimarka Yay\u0131n Kurumu&#8217;na (DR) \u00f6zel a\u00e7\u0131klamada bulundu.<\/p>\n<p>Rutte ile k\u0131sa bir g\u00f6r\u00fc\u015fme yapabildi\u011fini aktaran Rasmussen, &#8220;\u0130yi bir g\u00f6r\u00fc\u015fme yapm\u0131\u015flar. Danimarka&#8217;y\u0131 da yak\u0131ndan ilgilendiren Arktik&#8217;teki g\u00fcvenlik durumu ele al\u0131nm\u0131\u015f. Bu manada g\u00fcn, ba\u015flad\u0131\u011f\u0131ndan daha uygun bitiyor.&#8221; dedi.<\/p>\n<p>Rasmussen, Gr\u00f6nland konusunda gelecekte yap\u0131lacak bir mutabakat\u0131n \u00e7er\u00e7evesinin olu\u015fturuldu\u011fu konusunda yorum yapmaktan ka\u00e7\u0131narak, &#8220;Bunu burada, televizyonda durup de\u011ferlendirmemeliyiz.&#8221; tabirini kulland\u0131.<\/p>\n<p>ABD&#8217;nin Gr\u00f6nland&#8217;\u0131 alamayaca\u011f\u0131n\u0131 yineleyen Rasmussen, &#8220;ABD&#8217;nin Gr\u00f6nland&#8217;\u0131n sahibi olmas\u0131 kelam konusu olmayacak. Bu k\u0131rm\u0131z\u0131 \u00e7izgimiz.&#8221; de\u011ferlendirmesinde bulundu.<\/p>\n","protected":false},"excerpt":{"rendered":"<p>ABD Ba\u015fkan\u0131 Donald Trump, NATO Genel Sekreteri Mark Rutte ile Gr\u00f6nland konusunda bir &#8220;anla\u015fma \u00e7er\u00e7evesi&#8221; olu\u015fturduklar\u0131n\u0131 ve bu kapsamda 1 \u015eubat&#8217;ta uygulanmas\u0131 planlanan g\u00fcmr\u00fck tarifelerini durdurdu\u011funu a\u00e7\u0131klad\u0131.<\/p>\n","protected":false},"author":1,"featured_media":92924,"comment_status":"open","ping_status":"open","sticky":false,"template":"","format":"standard","meta":{"footnotes":""},"categories":[43],"tags":[82,284,697,980,131],"class_list":["post-92923","post","type-post","status-publish","format-standard","has-post-thumbnail","hentry","category-dunya","tag-abd","tag-anlasma","tag-gorusme","tag-gronland","tag-trump"],"_links":{"self":[{"href":"https:\/\/ikimisli.tr\/index.php\/wp-json\/wp\/v2\/posts\/92923","targetHints":{"allow":["GET"]}}],"collection":[{"href":"https:\/\/ikimisli.tr\/index.php\/wp-json\/wp\/v2\/posts"}],"about":[{"href":"https:\/\/ikimisli.tr\/index.php\/wp-json\/wp\/v2\/types\/post"}],"author":[{"embeddable":true,"href":"https:\/\/ikimisli.tr\/index.php\/wp-json\/wp\/v2\/users\/1"}],"replies":[{"embeddable":true,"href":"https:\/\/ikimisli.tr\/index.php\/wp-json\/wp\/v2\/comments?post=92923"}],"version-history":[{"count":1,"href":"https:\/\/ikimisli.tr\/index.php\/wp-json\/wp\/v2\/posts\/92923\/revisions"}],"predecessor-version":[{"id":92927,"href":"https:\/\/ikimisli.tr\/index.php\/wp-json\/wp\/v2\/posts\/92923\/revisions\/92927"}],"wp:featuredmedia":[{"embeddable":true,"href":"https:\/\/ikimisli.tr\/index.php\/wp-json\/wp\/v2\/media\/92924"}],"wp:attachment":[{"href":"https:\/\/ikimisli.tr\/index.php\/wp-json\/wp\/v2\/media?parent=92923"}],"wp:term":[{"taxonomy":"category","embeddable":true,"href":"https:\/\/ikimisli.tr\/index.php\/wp-json\/wp\/v2\/categories?post=92923"},{"taxonomy":"post_tag","embeddable":true,"href":"https:\/\/ikimisli.tr\/index.php\/wp-json\/wp\/v2\/tags?post=92923"}],"curies":[{"name":"wp","href":"https:\/\/api.w.org\/{rel}","templated":true}]}}