{"id":92940,"date":"2026-01-22T23:12:06","date_gmt":"2026-01-22T23:12:06","guid":{"rendered":"https:\/\/ikimisli.tr\/?p=92940"},"modified":"2026-01-22T23:12:06","modified_gmt":"2026-01-22T23:12:06","slug":"sekiz-baskani-tutuklatti-rusvet-vermedim-dedi","status":"publish","type":"post","link":"https:\/\/ikimisli.tr\/index.php\/2026\/01\/22\/sekiz-baskani-tutuklatti-rusvet-vermedim-dedi\/","title":{"rendered":"Sekiz ba\u015fkan\u0131 tutuklatt\u0131 \u2018r\u00fc\u015fvet vermedim\u2019 dedi"},"content":{"rendered":"<p>Aziz \u0130hsan Akta\u015f c\u00fcr\u00fcm \u00f6rg\u00fct\u00fc soru\u015fturmas\u0131 kapsam\u0131nda faal pi\u015fmanl\u0131ktan yararlanan Aziz \u0130hsan Akta\u015f, 8 CHP\u2019li belediye liderini tutuklatt\u0131.<\/p>\n<p><strong>43 EYLEM<\/strong><\/p>\n<p>Bu liderler; Adana B\u00fcy\u00fck\u015fehir, Seyhan, Ceyhan, Gaziosmanpa\u015fa, Avc\u0131lar, Be\u015fikta\u015f belediye liderleri ve tahliye edilen Esenyurt Belediye Ba\u015fkan\u0131 Ahmet \u00d6zer ve mesken mahpusu kald\u0131r\u0131lan Ad\u0131yaman Belediye Ba\u015fkan\u0131 Abdurrahman Tutdere. R\u00fc\u015fvet verdi\u011fini s\u00f6yleyen Akta\u015f, r\u00fc\u015fvet vermedi\u011fine dair bilimsel m\u00fctalaa haz\u0131rland\u0131. Bilimsel g\u00f6r\u00fc\u015fler, eski Say\u0131\u015ftay uzman denet\u00e7isi, kamu ihale mevzuat\u0131ndan kaynaklanan nitelikli hesaplama uzman\u0131, bir mali m\u00fc\u015favir taraf\u0131ndan haz\u0131rland\u0131.\u00a0<\/p>\n<p>\u0130ddianamede yer alan birinci 43 harekette yap\u0131lan detayl\u0131 incelemeler sonucunda, ihaleler baz\u0131nda kabahat olu\u015fmad\u0131\u011f\u0131 tespit edildi. Bunlar i\u00e7inde; Be\u015fikta\u015f Belediyesi\u2019nin i\u00e7inde oldu\u011fu 26, Avc\u0131lar ve Esenyurt belediyelerinin iki\u015fer ve \u0130BB i\u015ftiraklerinden \u0130ETT\u2019nin yedi ve \u0130SFALT\u2019\u0131n i\u00e7inde bulundu\u011fu be\u015f aksiyondaki ihalelerde hata olu\u015fmad\u0131\u011f\u0131 tespitine ver verildi. Hukuk\u00e7ular\u0131n haz\u0131rlad\u0131\u011f\u0131 ikinci m\u00fctalaada ise Akta\u015f\u2019a y\u00f6neltilen \u201csu\u00e7 \u00f6rg\u00fct\u00fc kurma ve y\u00f6netme\u201d su\u00e7lamalar\u0131n\u0131n \u00e7eli\u015fkili oldu\u011fu ve tutuklama karar\u0131n\u0131n hukuka ters olaca\u011f\u0131 aktar\u0131ld\u0131. Buna kar\u015f\u0131n liderlerin neden hala tutuklu olduklar\u0131 anla\u015f\u0131lamad\u0131.<\/p>\n<p><img decoding=\"async\" src=\"https:\/\/ikimisli.tr\/wp-content\/uploads\/2026\/01\/sekiz-baskani-tutuklatti-rusvet-vermedim-dedi-0-1d25fq6f.jpg\"\/><\/p>\n<p><b><span>450 YILA KADAR MAHPUS \u0130STEN\u0130YOR<\/span><\/b><\/p>\n<p>Akta\u015f hakk\u0131nda dokuz farkl\u0131 kabahatten 187 y\u0131ldan 450 y\u0131la kadar mahpus cezas\u0131 istendi. \u0130hsan Akta\u015f verdi\u011fi faal pi\u015fmanl\u0131k s\u00f6zlerinin akabinde 4 Haziran\u2019da tahliye edilirken 22 A\u011fustos\u2019ta da mesken mahpusu kald\u0131r\u0131ld\u0131. Davan\u0131n birinci duru\u015fmas\u0131 ise haftaya yap\u0131lacak.<\/p>\n","protected":false},"excerpt":{"rendered":"<p>\u2018CHP\u2019li liderlere r\u00fc\u015fvet verdim\u2019 diyerek tutuklanmalar\u0131na sebep olan Aziz \u0130hsan Akta\u015f, r\u00fc\u015fvet vermedi\u011fine dair m\u00fctalaa ald\u0131rd\u0131, tahliye oldu. Liderler ise h\u00e2l\u00e2 tutuklu.<\/p>\n","protected":false},"author":1,"featured_media":92941,"comment_status":"open","ping_status":"open","sticky":false,"template":"","format":"standard","meta":{"footnotes":""},"categories":[25],"tags":[2332,40,97,1494],"class_list":["post-92940","post","type-post","status-publish","format-standard","has-post-thumbnail","hentry","category-gundem","tag-aktas","tag-belediye","tag-suc","tag-ver"],"_links":{"self":[{"href":"https:\/\/ikimisli.tr\/index.php\/wp-json\/wp\/v2\/posts\/92940","targetHints":{"allow":["GET"]}}],"collection":[{"href":"https:\/\/ikimisli.tr\/index.php\/wp-json\/wp\/v2\/posts"}],"about":[{"href":"https:\/\/ikimisli.tr\/index.php\/wp-json\/wp\/v2\/types\/post"}],"author":[{"embeddable":true,"href":"https:\/\/ikimisli.tr\/index.php\/wp-json\/wp\/v2\/users\/1"}],"replies":[{"embeddable":true,"href":"https:\/\/ikimisli.tr\/index.php\/wp-json\/wp\/v2\/comments?post=92940"}],"version-history":[{"count":1,"href":"https:\/\/ikimisli.tr\/index.php\/wp-json\/wp\/v2\/posts\/92940\/revisions"}],"predecessor-version":[{"id":92943,"href":"https:\/\/ikimisli.tr\/index.php\/wp-json\/wp\/v2\/posts\/92940\/revisions\/92943"}],"wp:featuredmedia":[{"embeddable":true,"href":"https:\/\/ikimisli.tr\/index.php\/wp-json\/wp\/v2\/media\/92941"}],"wp:attachment":[{"href":"https:\/\/ikimisli.tr\/index.php\/wp-json\/wp\/v2\/media?parent=92940"}],"wp:term":[{"taxonomy":"category","embeddable":true,"href":"https:\/\/ikimisli.tr\/index.php\/wp-json\/wp\/v2\/categories?post=92940"},{"taxonomy":"post_tag","embeddable":true,"href":"https:\/\/ikimisli.tr\/index.php\/wp-json\/wp\/v2\/tags?post=92940"}],"curies":[{"name":"wp","href":"https:\/\/api.w.org\/{rel}","templated":true}]}}