{"id":92976,"date":"2026-01-23T01:00:09","date_gmt":"2026-01-23T01:00:09","guid":{"rendered":"https:\/\/ikimisli.tr\/?p=92976"},"modified":"2026-01-23T01:00:09","modified_gmt":"2026-01-23T01:00:09","slug":"akp-yine-ayni-seyi-yapti-mhpli-adan-bile-cileden-cikti-bu-saygisizlik","status":"publish","type":"post","link":"https:\/\/ikimisli.tr\/index.php\/2026\/01\/23\/akp-yine-ayni-seyi-yapti-mhpli-adan-bile-cileden-cikti-bu-saygisizlik\/","title":{"rendered":"AKP yine ayn\u0131 \u015feyi yapt\u0131, MHP&#8217;li Adan bile \u00e7ileden \u00e7\u0131kt\u0131: Bu sayg\u0131s\u0131zl\u0131k"},"content":{"rendered":"<p>TBMM Genel Kurulu, TBMM Ba\u015fkanvekili Celal Adan&#8217;\u0131n ba\u015fkanl\u0131\u011f\u0131nda topland\u0131. Genel Konseyi&#8217;nde en d\u00fc\u015f\u00fck emekli ayl\u0131\u011f\u0131n\u0131n art\u0131r\u0131lmas\u0131n\u0131 da i\u00e7eren Birtak\u0131m Kanunlarda ve 375 Say\u0131l\u0131 Kanun Karar\u0131nda Kararnamede De\u011fi\u015fiklik Yap\u0131lmas\u0131na Dair Kanun Teklifi&#8217;nin unsur g\u00f6r\u00fc\u015fmelerine ge\u00e7ildi.<\/p>\n<p>Kanun teklifinin unsur g\u00f6r\u00fc\u015fmeleri k\u0131s\u0131m b\u00f6l\u00fcm yap\u0131l\u0131rken, birinci k\u0131s\u0131m 1-8&#8217;inci unsurlar\u0131 kaps\u0131yor. <\/p>\n<p><b>KURULDA OLMAYAN AKP&#8217;L\u0130 ORADAYMI\u015e \u00dcZERE G\u00d6STER\u0130LD\u0130<\/b><\/p>\n<p>Emeklilerin ayl\u0131\u011f\u0131nda art\u0131\u015f sa\u011flayan 7&#8217;nci hususun g\u00f6r\u00fc\u015fmelerine ge\u00e7ilmeden evvel Genel Kurul&#8217;da CHP, yoklama talep etti.<\/p>\n<p>Talebinin akabinde TBMM Genel Ba\u015fkanvekili Celal Adan, yoklamay\u0131 ba\u015flatt\u0131. Genel \u015eura salonunda bulunmayan bir AKP milletvekili ismine yoklama pusulas\u0131 verilmesi \u00fczerine CHP ve \u0130Y\u0130 Parti milletvekilleri Genel \u015eura k\u00fcrs\u00fcs\u00fcne y\u00fcr\u00fcd\u00fc. Bunun \u00fczerine Adan taraf\u0131ndan Genel Kurul&#8217;a 10 dakika orta verildi.<\/p>\n<p><img decoding=\"async\" src=\"https:\/\/ikimisli.tr\/wp-content\/uploads\/2026\/01\/akp-yine-ayni-seyi-yapti-mhpli-adan-bile-cileden-cikti-bu-saygisizlik-0-qv1eGQv7.jpg\"\/><\/p>\n<p><b>MHP&#8217;L\u0130 ADAN SIKINTIDAN \u00c7IKTI<\/b><\/p>\n<p>Aran\u0131n akabinde konu\u015fan TBMM Ba\u015fkanvekili Celal Adan, &#8220;Olmad\u0131\u011f\u0131 halde kim getirdiyse, ahlaks\u0131zd\u0131r Ay\u0131p de\u011fil mi? Olmad\u0131\u011f\u0131 halde buraya ka\u011f\u0131t g\u00f6nderen&#8230; \u00d6nemli bir bi\u00e7imde al\u0131nd\u0131\u011f\u0131m\u0131 tabir etmek istiyorum. Bu sayg\u0131s\u0131zl\u0131k TBMM&#8217;ye yak\u0131\u015fm\u0131yor&#8221; tabirlerini kulland\u0131.<\/p>\n","protected":false},"excerpt":{"rendered":"<p>TBMM Genel Kurulu\u2019nda en d\u00fc\u015f\u00fck emekli ayl\u0131\u011f\u0131n\u0131 art\u0131ran kanun teklifinin husus g\u00f6r\u00fc\u015fmelerine ge\u00e7ilirken, emekli ayl\u0131\u011f\u0131na ait 7\u2019nci unsur \u00f6ncesinde yoklama tart\u0131\u015fmas\u0131 ya\u015fand\u0131. Genel Kurul&#8217;da olmamas\u0131na kar\u015f\u0131n AKP milletvekili ismine yoklama ka\u011f\u0131d\u0131 verilmesi gerginli\u011fe neden oldu.<\/p>\n","protected":false},"author":1,"featured_media":92977,"comment_status":"open","ping_status":"open","sticky":false,"template":"","format":"standard","meta":{"footnotes":""},"categories":[25],"tags":[7437,3720,2565],"class_list":["post-92976","post","type-post","status-publish","format-standard","has-post-thumbnail","hentry","category-gundem","tag-adan","tag-genel-kurul","tag-tbmm"],"_links":{"self":[{"href":"https:\/\/ikimisli.tr\/index.php\/wp-json\/wp\/v2\/posts\/92976","targetHints":{"allow":["GET"]}}],"collection":[{"href":"https:\/\/ikimisli.tr\/index.php\/wp-json\/wp\/v2\/posts"}],"about":[{"href":"https:\/\/ikimisli.tr\/index.php\/wp-json\/wp\/v2\/types\/post"}],"author":[{"embeddable":true,"href":"https:\/\/ikimisli.tr\/index.php\/wp-json\/wp\/v2\/users\/1"}],"replies":[{"embeddable":true,"href":"https:\/\/ikimisli.tr\/index.php\/wp-json\/wp\/v2\/comments?post=92976"}],"version-history":[{"count":1,"href":"https:\/\/ikimisli.tr\/index.php\/wp-json\/wp\/v2\/posts\/92976\/revisions"}],"predecessor-version":[{"id":92979,"href":"https:\/\/ikimisli.tr\/index.php\/wp-json\/wp\/v2\/posts\/92976\/revisions\/92979"}],"wp:featuredmedia":[{"embeddable":true,"href":"https:\/\/ikimisli.tr\/index.php\/wp-json\/wp\/v2\/media\/92977"}],"wp:attachment":[{"href":"https:\/\/ikimisli.tr\/index.php\/wp-json\/wp\/v2\/media?parent=92976"}],"wp:term":[{"taxonomy":"category","embeddable":true,"href":"https:\/\/ikimisli.tr\/index.php\/wp-json\/wp\/v2\/categories?post=92976"},{"taxonomy":"post_tag","embeddable":true,"href":"https:\/\/ikimisli.tr\/index.php\/wp-json\/wp\/v2\/tags?post=92976"}],"curies":[{"name":"wp","href":"https:\/\/api.w.org\/{rel}","templated":true}]}}