{"id":93043,"date":"2026-01-23T04:48:04","date_gmt":"2026-01-23T04:48:04","guid":{"rendered":"https:\/\/ikimisli.tr\/?p=93043"},"modified":"2026-01-23T04:48:04","modified_gmt":"2026-01-23T04:48:04","slug":"trumptan-powella-sert-mesaj-fedde-kalirsa-mutlu-olmayacak","status":"publish","type":"post","link":"https:\/\/ikimisli.tr\/index.php\/2026\/01\/23\/trumptan-powella-sert-mesaj-fedde-kalirsa-mutlu-olmayacak\/","title":{"rendered":"Trump\u2019tan Powell\u2019a sert mesaj: \u201cFed\u2019de kal\u0131rsa mutlu olmayacak\u201d"},"content":{"rendered":"<p>ABD Ba\u015fkan\u0131 Donald Trump, ABD Merkez Bankas\u0131 (Fed) Ba\u015fkan\u0131 Jerome Powell&#8217;\u0131n Fed \u0130dare \u015euras\u0131nda kalmaya karar vermesi durumunda memnun olmayaca\u011f\u0131n\u0131 s\u00f6z etti.<\/p>\n<p>Trump, CNBC&#8217;ye verdi\u011fi r\u00f6portajda Fed Ba\u015fkan\u0131 Powell&#8217;\u0131n g\u00f6rev s\u00fcresi doldu\u011funda yerine ge\u00e7ebilecek isimlere ait de\u011ferlendirmelerde bulundu.<\/p>\n<p>Fed ba\u015fkan\u0131 adaylar\u0131 aras\u0131nda ismi ge\u00e7en Beyaz Saray Ulusal \u0130ktisat Kurulu Y\u00f6neticisi Kevin Hassett&#8217;in &#8220;harika&#8221; oldu\u011funu s\u00f6yleyen Trump, &#8220;Asl\u0131nda onu oldu\u011fu yerde tutmak istiyorum.&#8221; bi\u00e7iminde konu\u015ftu.<\/p>\n<p><b>ADAY SAYISI D\u00d6RTTEN TE\u011eE D\u00dc\u015eT\u00dc<\/b><\/p>\n<p>Trump, bu durumda aday say\u0131s\u0131n\u0131n ka\u00e7a d\u00fc\u015ft\u00fc\u011f\u00fc soruldu\u011funda, &#8220;\u00dc\u00e7 adaya indi\u011fimizi s\u00f6yleyebilirim, lakin iki adaya indi. Ve muhtemelen size \u015funu s\u00f6yleyebilirim, benim akl\u0131mda tahminen bir adaya indi.&#8221; diyerek, bu mevzuda bir karara yakla\u015fm\u0131\u015f olabilece\u011finin sinyalini verdi.<\/p>\n<p>Adaylar ortas\u0131nda ismi ge\u00e7en, BlackRock&#8217;ta y\u00f6netici olan Rick Rieder&#8217;\u0131n &#8220;\u00e7ok iyi&#8221; oldu\u011funu belirten Trump, t\u00fcm adaylar\u0131 \u00f6vd\u00fc.<\/p>\n<p>Trump, sorunun \u015fu anda Fed&#8217;de bulunan ki\u015fi (Powell) oldu\u011funu belirterek, &#8220;Her vakit \u00e7ok ge\u00e7 kal\u0131yor, \u00f6b\u00fcr taraf\u0131n siyaseti kelam konusu oldu\u011funda ise tam bilakis \u00e7ok erken davranm\u0131\u015ft\u0131.&#8221; s\u00f6z\u00fcn\u00fc kulland\u0131.<\/p>\n<p>Powell&#8217;\u0131n ba\u015fkanl\u0131k misyon m\u00fchleti dolduktan sonra Fed \u0130dare Konseyinde kalmaya karar vermesi halinde ne yapaca\u011f\u0131na y\u00f6nelik soru \u00fczerine Trump, &#8220;Nas\u0131l sonu\u00e7lanaca\u011f\u0131n\u0131 g\u00f6rece\u011fiz. \u015eayet bu olursa, hayat\u0131 \u00e7ok da keyifli olmayacak. Bence ayr\u0131lmak istiyor. Uygun bir i\u015f \u00e7\u0131karmad\u0131. Fed binalar\u0131 konusunda vahim bir i\u015f \u00e7\u0131kard\u0131.&#8221; de\u011ferlendirmesini yapt\u0131.<\/p>\n<p>Trump, Fed binalar\u0131 i\u00e7in \u00e7ok fazla harcama yap\u0131ld\u0131\u011f\u0131n\u0131 savunarak, Powell&#8217;\u0131n ya &#8220;beceriksiz&#8221; ya da &#8220;sahtekar&#8221; oldu\u011funu \u00f6ne s\u00fcrd\u00fc.<\/p>\n","protected":false},"excerpt":{"rendered":"<p>ABD Ba\u015fkan\u0131 Donald Trump, Fed Lideri Jerome Powell\u2019\u0131n vazife m\u00fcddeti sona erdikten sonra Fed \u0130dare Kurulu\u2019nda kalmas\u0131 ihtimaline a\u00e7\u0131k bir lisanla kar\u015f\u0131 \u00e7\u0131kt\u0131. CNBC\u2019ye konu\u015fan Trump, yeni Fed ba\u015fkan\u0131 konusunda karar a\u015famas\u0131na yakla\u015ft\u0131\u011f\u0131n\u0131 belirtirken, Powell\u2019\u0131 hem para siyaseti hem de Fed binalar\u0131na yap\u0131lan harcamalar \u00fczerinden a\u011f\u0131r s\u00f6zlerle ele\u015ftirdi.<\/p>\n","protected":false},"author":1,"featured_media":93044,"comment_status":"open","ping_status":"open","sticky":false,"template":"","format":"standard","meta":{"footnotes":""},"categories":[24],"tags":[58,1477,131],"class_list":["post-93043","post","type-post","status-publish","format-standard","has-post-thumbnail","hentry","category-ekonomi","tag-aday","tag-fed","tag-trump"],"_links":{"self":[{"href":"https:\/\/ikimisli.tr\/index.php\/wp-json\/wp\/v2\/posts\/93043","targetHints":{"allow":["GET"]}}],"collection":[{"href":"https:\/\/ikimisli.tr\/index.php\/wp-json\/wp\/v2\/posts"}],"about":[{"href":"https:\/\/ikimisli.tr\/index.php\/wp-json\/wp\/v2\/types\/post"}],"author":[{"embeddable":true,"href":"https:\/\/ikimisli.tr\/index.php\/wp-json\/wp\/v2\/users\/1"}],"replies":[{"embeddable":true,"href":"https:\/\/ikimisli.tr\/index.php\/wp-json\/wp\/v2\/comments?post=93043"}],"version-history":[{"count":1,"href":"https:\/\/ikimisli.tr\/index.php\/wp-json\/wp\/v2\/posts\/93043\/revisions"}],"predecessor-version":[{"id":93045,"href":"https:\/\/ikimisli.tr\/index.php\/wp-json\/wp\/v2\/posts\/93043\/revisions\/93045"}],"wp:featuredmedia":[{"embeddable":true,"href":"https:\/\/ikimisli.tr\/index.php\/wp-json\/wp\/v2\/media\/93044"}],"wp:attachment":[{"href":"https:\/\/ikimisli.tr\/index.php\/wp-json\/wp\/v2\/media?parent=93043"}],"wp:term":[{"taxonomy":"category","embeddable":true,"href":"https:\/\/ikimisli.tr\/index.php\/wp-json\/wp\/v2\/categories?post=93043"},{"taxonomy":"post_tag","embeddable":true,"href":"https:\/\/ikimisli.tr\/index.php\/wp-json\/wp\/v2\/tags?post=93043"}],"curies":[{"name":"wp","href":"https:\/\/api.w.org\/{rel}","templated":true}]}}