{"id":93182,"date":"2026-01-23T13:12:06","date_gmt":"2026-01-23T13:12:06","guid":{"rendered":"https:\/\/ikimisli.tr\/?p=93182"},"modified":"2026-01-23T13:12:06","modified_gmt":"2026-01-23T13:12:06","slug":"son-dakika-sadettin-saranin-yargilandigi-davada-flas-gelisme","status":"publish","type":"post","link":"https:\/\/ikimisli.tr\/index.php\/2026\/01\/23\/son-dakika-sadettin-saranin-yargilandigi-davada-flas-gelisme\/","title":{"rendered":"SON DAK\u0130KA | Sadettin Saran&#8217;\u0131n yarg\u0131land\u0131\u011f\u0131 davada fla\u015f geli\u015fme"},"content":{"rendered":"<p>Fenerbah\u00e7e Spor Kul\u00fcb\u00fc Lideri Sadettin Saran, \u201cyasa d\u0131\u015f\u0131 bahse te\u015fvik\u201d su\u00e7lamas\u0131yla a\u00e7\u0131lan dava kapsam\u0131nda hakim kar\u015f\u0131s\u0131na \u00e7\u0131kt\u0131.<\/p>\n<p>\u0130stanbul 23. Asliye Ceza Mahkemesi\u2019nde g\u00f6r\u00fclen davan\u0131n birinci duru\u015fmas\u0131na Saran ile taraf avukatlar\u0131 kat\u0131ld\u0131.<\/p>\n<p>Saran ve kanal y\u00f6neticileri 1 y\u0131ldan 3 y\u0131la kadar mahpus cezas\u0131 istemiyle yarg\u0131lan\u0131yordu. <\/p>\n<p><b>4 HAZ\u0130RAN&#8217;A ERTELEND\u0130<\/b><\/p>\n<p>Mahkeme orta karar\u0131nda, uzmana yay\u0131nc\u0131 kurulu\u015fun ald\u0131\u011f\u0131 imaj\u0131n ham olup olmad\u0131\u011f\u0131, bu imaja m\u00fcdahale edilmesinin m\u00fcmk\u00fcn bulunup bulunmad\u0131\u011f\u0131 ve farkl\u0131 bir feed kullanma talihinin olup olmad\u0131\u011f\u0131n\u0131n sorulmas\u0131na karar vererek duru\u015fmay\u0131 4 Haziran\u2019a erteledi.<\/p>\n<p>Saran, hakimin <em><strong><span>\u201cYay\u0131nc\u0131 olarak yay\u0131nlara lokal m\u00fcdahale etme talihiniz var m\u0131?<\/span>\u201d<\/strong><\/em> sorusuna ise \u015fu cevab\u0131 verdi:<\/p>\n<p>-Kaliteyi son derece bozan bir \u015fey oluyor, reklamlar\u0131 de\u011fi\u015ftirmek sinyali alt \u00fcst eder. \u0130zlenemez hale getirir. Bu \u00e7ok komplike bir durumdur. Teknik olarak m\u00fcmk\u00fcn de\u011fil.<\/p>\n<p>Saran\u2019\u0131n savunmas\u0131n\u0131n akabinde duru\u015fma hakimi bu sefer de<span><strong> <em>\u201cBlur yap\u0131labilir mi?\u201d<\/em><\/strong><\/span> sorusunu y\u00f6neltti.<\/p>\n<p>Saran, bu soruya ise \u015fu cevab\u0131 verdi:<\/p>\n<p>-Blur yapt\u0131\u011f\u0131n\u0131z vakit \u00f6rne\u011fin Arda G\u00fcler ge\u00e7iyor ancak G\u00fcler\u2019i g\u00f6remezsiniz.<\/p>\n<p>-Futbolcular saha i\u00e7erisinde hareket halinde oldu\u011fu i\u00e7in kale, futbolcu, gol her \u015fey blurlanabilir.<\/p>\n<p><img decoding=\"async\" src=\"https:\/\/ikimisli.tr\/wp-content\/uploads\/2026\/01\/son-dakika-sadettin-saranin-yargilandigi-davada-flas-gelisme-0-QKnRQq1G.webp\"\/><\/p>\n<p><b>SAVUNMA YAPTI<\/b><\/p>\n<p>Sadettin Saran, yasa d\u0131\u015f\u0131 bahis reklam\u0131 soru\u015fturmas\u0131 kapsam\u0131nda hakim kar\u015f\u0131s\u0131nda savunma yapt\u0131:<\/p>\n<p>-En b\u00fcy\u00fck biziz fakat bunu bir tek biz yapm\u0131yoruz. B\u00fct\u00fcn bunu yapan yay\u0131nc\u0131lar olmak \u00fczere buna kar\u015f\u0131 \u00e7\u0131kmay\u0131 birinci biz ba\u015flatt\u0131k.<\/p>\n<p>-Savc\u0131l\u0131k soru\u015fturma ba\u015flatmadan itiraz ettik. Yurt d\u0131\u015f\u0131ndakilere bize pak feed verin dedik. Y\u0131llard\u0131r bu i\u015f b\u00f6yledir fikrine girmedik. Herkes nas\u0131lsa bu t\u00fcrl\u00fc yanl\u0131yor demedik. T\u00fcrkiye\u2019deki hassasiyetleri kendilerine anlatt\u0131k.<\/p>\n<p>-\u0130spanya ve \u0130talya liginin yay\u0131nlar\u0131n\u0131 cezai kural\u0131m\u0131z olmas\u0131na kar\u015f\u0131n yay\u0131nlamamaya ba\u015flamad\u0131k. T\u00fcrkiye\u2019de hi\u00e7bir yay\u0131nc\u0131 bunu yapmad\u0131. Ki m\u00fc\u015fterilerimiz de bize hakarete varan k\u00fcf\u00fcrler etti.<\/p>\n<p>Hatta ben ve karde\u015fim UEFA Lideriyle g\u00f6r\u00fc\u015f\u00fcp bu mevzuyu konu\u015ftuk. Korkular\u0131m\u0131z\u0131 anlatt\u0131k, daha sonra da kendisi bize bu mevzuyu Cumhurba\u015fkan\u0131 ile g\u00f6r\u00fc\u015ft\u00fc\u011f\u00fcn\u00fc de s\u00f6yledi. Ben devlet memuru \u00e7ocu\u011fuyum ve prestijimize k\u0131ymet verdim.<\/p>\n<p>-Di\u015fimle t\u0131rna\u011f\u0131mla bu yerlere geldim. Bu t\u00fcrl\u00fc bir su\u00e7a kar\u0131\u015fmam hayat\u0131n ola\u011fan ak\u0131\u015f\u0131na kar\u015f\u0131tt\u0131r. Bu nedenle ben ve arkada\u015flar\u0131m\u0131n beraat\u0131n\u0131 talep ederim.<\/p>\n<div>\n<p><b><span><strong>\u0130DD\u0130ANAMEDEN<\/strong><\/span><\/b><\/p>\n<p>\u0130stanbul Cumhuriyet Ba\u015fsavc\u0131l\u0131\u011f\u0131 Bili\u015fim Kabahatler Soru\u015fturma Ofisince haz\u0131rlanan iddianamede; Saran ile kimi \u015f\u00fcphelilerin, Saran \u0130nternet Televizyon Yay\u0131nc\u0131l\u0131k A.\u015e. b\u00fcnyesinde hizmet veren &#8220;S SPORT&#8221; internet yay\u0131n platformunda yay\u0131nlanan futbol kar\u015f\u0131la\u015fmalar\u0131nda &#8220;yasa d\u0131\u015f\u0131 bahis reklamlar\u0131&#8221; yapt\u0131klar\u0131 teziyle, &#8220;Ki\u015fileri reklam vermek ve sair surette spor kar\u015f\u0131la\u015fmalar\u0131na dayal\u0131 sabit ihtimalli yahut m\u00fc\u015fterek bahis ya da talih oyunlar\u0131n\u0131 oynamaya te\u015fvik etmek&#8221; kabahatinden 1&#8217;er y\u0131ldan 3&#8217;er y\u0131la kadar mahpus ve 3 bin g\u00fcne kadar isimli para cezas\u0131yla cezaland\u0131r\u0131lmalar\u0131 talep edildi.<\/p>\n<\/p><\/div>\n","protected":false},"excerpt":{"rendered":"<p>Sadett,m Saran&#8217;\u0131n dijital platformlar\u0131nda yay\u0131nlanan futbol ma\u00e7lar\u0131nda yasa d\u0131\u015f\u0131 bahis sitelerinin reklam\u0131 yap\u0131lmas\u0131na ait 3 y\u0131la kadar mahpus cezas\u0131 istemiyle yarg\u0131land\u0131\u011f\u0131 davan\u0131n duru\u015fmas\u0131 g\u00f6r\u00fcld\u00fc. Duru\u015fma 4 Haziran&#8217;a ertelendi.<\/p>\n","protected":false},"author":1,"featured_media":93183,"comment_status":"open","ping_status":"open","sticky":false,"template":"","format":"standard","meta":{"footnotes":""},"categories":[25],"tags":[53,8665,156,9948],"class_list":["post-93182","post","type-post","status-publish","format-standard","has-post-thumbnail","hentry","category-gundem","tag-ceza","tag-saran","tag-yayin","tag-yayinci"],"_links":{"self":[{"href":"https:\/\/ikimisli.tr\/index.php\/wp-json\/wp\/v2\/posts\/93182","targetHints":{"allow":["GET"]}}],"collection":[{"href":"https:\/\/ikimisli.tr\/index.php\/wp-json\/wp\/v2\/posts"}],"about":[{"href":"https:\/\/ikimisli.tr\/index.php\/wp-json\/wp\/v2\/types\/post"}],"author":[{"embeddable":true,"href":"https:\/\/ikimisli.tr\/index.php\/wp-json\/wp\/v2\/users\/1"}],"replies":[{"embeddable":true,"href":"https:\/\/ikimisli.tr\/index.php\/wp-json\/wp\/v2\/comments?post=93182"}],"version-history":[{"count":1,"href":"https:\/\/ikimisli.tr\/index.php\/wp-json\/wp\/v2\/posts\/93182\/revisions"}],"predecessor-version":[{"id":93185,"href":"https:\/\/ikimisli.tr\/index.php\/wp-json\/wp\/v2\/posts\/93182\/revisions\/93185"}],"wp:featuredmedia":[{"embeddable":true,"href":"https:\/\/ikimisli.tr\/index.php\/wp-json\/wp\/v2\/media\/93183"}],"wp:attachment":[{"href":"https:\/\/ikimisli.tr\/index.php\/wp-json\/wp\/v2\/media?parent=93182"}],"wp:term":[{"taxonomy":"category","embeddable":true,"href":"https:\/\/ikimisli.tr\/index.php\/wp-json\/wp\/v2\/categories?post=93182"},{"taxonomy":"post_tag","embeddable":true,"href":"https:\/\/ikimisli.tr\/index.php\/wp-json\/wp\/v2\/tags?post=93182"}],"curies":[{"name":"wp","href":"https:\/\/api.w.org\/{rel}","templated":true}]}}