{"id":93203,"date":"2026-01-23T14:24:08","date_gmt":"2026-01-23T14:24:08","guid":{"rendered":"https:\/\/ikimisli.tr\/?p=93203"},"modified":"2026-01-23T14:24:08","modified_gmt":"2026-01-23T14:24:08","slug":"tirin-yatak-bolmesine-gizlenen-kacak-gocmenler-yakalandi","status":"publish","type":"post","link":"https:\/\/ikimisli.tr\/index.php\/2026\/01\/23\/tirin-yatak-bolmesine-gizlenen-kacak-gocmenler-yakalandi\/","title":{"rendered":"T\u0131r&#8217;\u0131n yatak b\u00f6lmesine gizlenen ka\u00e7ak g\u00f6\u00e7menler yakaland\u0131"},"content":{"rendered":"<p>Tokat Emniyet M\u00fcd\u00fcrl\u00fc\u011f\u00fc G\u00f6\u00e7men Ka\u00e7ak\u00e7\u0131l\u0131\u011f\u0131yla M\u00fccadele \u015eube M\u00fcd\u00fcrl\u00fc\u011f\u00fc \u00fcniteleri, Mu\u015f\u2019tan hareket ederek \u0130stanbul istikametine seyreden B.G. y\u00f6netimindeki t\u0131rda yasa d\u0131\u015f\u0131 yollarla yurda giren \u015fah\u0131slar\u0131n oldu\u011fu istihbarat\u0131n\u0131 ald\u0131. Bu bilgi \u00fczerine teknik ve fiziki takibe ba\u015flayan tak\u0131mlar, arac\u0131 D-100 kara yolu \u00fczerindeki Yeni Mahalle giri\u015finde kurulan uygulama noktas\u0131nda durdurdu.<\/p>\n<p><img decoding=\"async\" src=\"https:\/\/ikimisli.tr\/wp-content\/uploads\/2026\/01\/tirin-yatak-bolmesine-gizlenen-kacak-gocmenler-yakalandi-0-2ng5hG3u.jpg\"\/><\/p>\n<p>Emniyet gruplar\u0131nca t\u0131r\u0131n kabin i\u00e7erisinde yap\u0131lan ayr\u0131nt\u0131l\u0131 incelemelerde, arac\u0131n yatak k\u0131sm\u0131na saklanm\u0131\u015f halde bulunan Afganistan as\u0131ll\u0131 2 g\u00f6\u00e7men yakaland\u0131. Kimlik tespiti ve resmi s\u00fcre\u00e7lerinin tamamlanmas\u0131n\u0131n akabinde ka\u00e7ak g\u00f6\u00e7menler, hudut d\u0131\u015f\u0131 edilmek \u00fczere Vilayet G\u00f6\u00e7 Y\u00f6netimi M\u00fcd\u00fcrl\u00fc\u011f\u00fc\u2019ne teslim edildi.<\/p>\n<p>Olayla kontakl\u0131 olarak t\u0131r \u015fof\u00f6r\u00fc B.G. g\u00f6zalt\u0131na al\u0131n\u0131rken, g\u00f6\u00e7men ka\u00e7ak\u00e7\u0131l\u0131\u011f\u0131 su\u00e7lamas\u0131yla hakk\u0131nda isimli soru\u015fturma ba\u015flat\u0131ld\u0131.<\/p>\n","protected":false},"excerpt":{"rendered":"<p>Tokat\u2019\u0131n Erbaa il\u00e7esinde emniyet g\u00fc\u00e7leri taraf\u0131ndan ger\u00e7ekle\u015ftirilen operasyonda, bir t\u0131r\u0131n s\u00fcr\u00fcc\u00fc yata\u011f\u0131 k\u0131sm\u0131na gizlenmi\u015f Afganistan as\u0131ll\u0131 2 ka\u00e7ak g\u00f6\u00e7men ele ge\u00e7irildi<\/p>\n","protected":false},"author":1,"featured_media":93204,"comment_status":"open","ping_status":"open","sticky":false,"template":"","format":"standard","meta":{"footnotes":""},"categories":[25],"tags":[2290],"class_list":["post-93203","post","type-post","status-publish","format-standard","has-post-thumbnail","hentry","category-gundem","tag-goc"],"_links":{"self":[{"href":"https:\/\/ikimisli.tr\/index.php\/wp-json\/wp\/v2\/posts\/93203","targetHints":{"allow":["GET"]}}],"collection":[{"href":"https:\/\/ikimisli.tr\/index.php\/wp-json\/wp\/v2\/posts"}],"about":[{"href":"https:\/\/ikimisli.tr\/index.php\/wp-json\/wp\/v2\/types\/post"}],"author":[{"embeddable":true,"href":"https:\/\/ikimisli.tr\/index.php\/wp-json\/wp\/v2\/users\/1"}],"replies":[{"embeddable":true,"href":"https:\/\/ikimisli.tr\/index.php\/wp-json\/wp\/v2\/comments?post=93203"}],"version-history":[{"count":1,"href":"https:\/\/ikimisli.tr\/index.php\/wp-json\/wp\/v2\/posts\/93203\/revisions"}],"predecessor-version":[{"id":93206,"href":"https:\/\/ikimisli.tr\/index.php\/wp-json\/wp\/v2\/posts\/93203\/revisions\/93206"}],"wp:featuredmedia":[{"embeddable":true,"href":"https:\/\/ikimisli.tr\/index.php\/wp-json\/wp\/v2\/media\/93204"}],"wp:attachment":[{"href":"https:\/\/ikimisli.tr\/index.php\/wp-json\/wp\/v2\/media?parent=93203"}],"wp:term":[{"taxonomy":"category","embeddable":true,"href":"https:\/\/ikimisli.tr\/index.php\/wp-json\/wp\/v2\/categories?post=93203"},{"taxonomy":"post_tag","embeddable":true,"href":"https:\/\/ikimisli.tr\/index.php\/wp-json\/wp\/v2\/tags?post=93203"}],"curies":[{"name":"wp","href":"https:\/\/api.w.org\/{rel}","templated":true}]}}