{"id":93245,"date":"2026-01-23T16:48:06","date_gmt":"2026-01-23T16:48:06","guid":{"rendered":"https:\/\/ikimisli.tr\/?p=93245"},"modified":"2026-01-23T16:48:06","modified_gmt":"2026-01-23T16:48:06","slug":"chp-tepki-gosterdi-adrese-teslim-ihale-iptal-edildi","status":"publish","type":"post","link":"https:\/\/ikimisli.tr\/index.php\/2026\/01\/23\/chp-tepki-gosterdi-adrese-teslim-ihale-iptal-edildi\/","title":{"rendered":"CHP tepki g\u00f6sterdi, adrese teslim ihale iptal edildi"},"content":{"rendered":"<p>AKP\u2019li Fatma \u015eahin\u2019in y\u00f6netti\u011fi Gaziantep B\u00fcy\u00fck\u015fehir Belediyesi\u2019nin, 31 Aral\u0131k\u2019ta ihaleye \u00e7\u0131kard\u0131\u011f\u0131 Kongre, K\u00fclt\u00fcr ve Fuar Merkezi \u0130mal \u0130\u015fi iptal edildi.<\/p>\n<p>Yakla\u015f\u0131k maliyeti 253 milyar 750 milyonluk ihale, teknik \u015fartnamede \u201cki\u015fiye \u00f6zel d\u00fczenlemeler\u201d bulundu\u011fu gerek\u00e7esiyle kamuoyunda tart\u0131\u015fma yaratm\u0131\u015ft\u0131.<\/p>\n<p><b>\u0130HALE 19 OCAK\u2019TA \u0130PTAL ED\u0130LD\u0130<\/b><\/p>\n<p>Yakla\u015f\u0131k 38 bin metrekare kapal\u0131 alana sahip olmas\u0131 planlanan proje i\u00e7in a\u00e7\u0131lan ihale, belediye taraf\u0131ndan \u201cteknik \u015fartnamede revizyon yap\u0131laca\u011f\u0131\u201d gerek\u00e7esiyle 19 Ocak\u2019ta iptal edildi. \u0130ptal karar\u0131n\u0131n, CHP\u2019li Gaziantep B\u00fcy\u00fck\u015fehir Belediyesi Meclis \u00dcyesi Hasan \u015eencan\u2019\u0131n belediye meclisinde lisana getirdi\u011fi tenkitlerin akabinde gelmesi dikkat \u00e7ekti.<\/p>\n<p><b>\u201cREKABET\u0130 DARALTAN D\u00dcZENLEMELER VAR\u201d<\/b><\/p>\n<p>\u015eencan, ihale s\u00fcrecine ait yapt\u0131\u011f\u0131 de\u011ferlendirmede, kelam konusu imal i\u015finin s\u0131rf teknik bir sorun olmad\u0131\u011f\u0131n\u0131 vurgulayarak, \u201cBu ihale, Gaziantep\u2019in gelece\u011fini ve kamu kaynaklar\u0131n\u0131n nas\u0131l kullan\u0131laca\u011f\u0131n\u0131 direkt ilgilendiriyor\u201d dedi. \u0130hale \u015fartnamesinde rekabeti s\u0131n\u0131rlayan ve muhakkak firmalar\u0131 avantajl\u0131 k\u0131lan unsurlar bulundu\u011funu tabir eden \u015eencan, bu durumu belediye meclisi k\u00fcrs\u00fcs\u00fcnden a\u00e7\u0131k\u00e7a lisana getirdiklerini belirtti.<\/p>\n<p><img decoding=\"async\" src=\"https:\/\/ikimisli.tr\/wp-content\/uploads\/2026\/01\/chp-tepki-gosterdi-adrese-teslim-ihale-iptal-edildi-0-vPsACO1u.jpg\"\/><\/p>\n<p><b>\u201cADRESE TESL\u0130M D\u00dcZENLEMELERE KAR\u015eIYIZ\u201d<\/b><\/p>\n<p>\u0130haleye ait S\u00d6ZC\u00dc\u2019ye konu\u015fan Gaziantep B\u00fcy\u00fck\u015fehir Belediyesi CHP meclis \u00fcyesi Hasan \u015eencan, \u201cGaziantep B\u00fcy\u00fck\u015fehir Belediyesi taraf\u0131ndan a\u00e7\u0131lan ve yakla\u015f\u0131k 38 bin metrekare kapal\u0131 alana sahip Kongre, K\u00fclt\u00fcr ve Fuar Merkezi \u00dcretim \u0130\u015fi ihalesi, kapsam\u0131 ve b\u00fcy\u00fckl\u00fc\u011f\u00fc prestijiyle bu kentin gelece\u011fini ve kamu kaynaklar\u0131n\u0131n nas\u0131l kullan\u0131ld\u0131\u011f\u0131n\u0131 direkt ilgilendiren bir projeydi. Biz bu ihaleyi ba\u015f\u0131ndan itibaren yaln\u0131zca bir teknik s\u00fcre\u00e7 olarak de\u011fil, \u015feffafl\u0131k, adalet ve kamu vicdan\u0131 s\u0131k\u0131nt\u0131s\u0131 olarak ele ald\u0131k. \u0130hale \u015fartnamesinde yer alan ve rekabeti daraltan, belli firmalar\u0131 avantajl\u0131 k\u0131lan d\u00fczenlemeleri belediye meclisi k\u00fcrs\u00fcs\u00fcnden a\u00e7\u0131k\u00e7a lisana getirdik. Zira biliyoruz ki, kamu ihaleleri birka\u00e7 etraf\u0131n de\u011fil, 85 milyonun ve Gaziantep halk\u0131n\u0131n hakk\u0131d\u0131r. Yapt\u0131\u011f\u0131m\u0131z bu ihtarlar\u0131n akabinde ihalenin iptal edilmesi, kamuoyu bask\u0131s\u0131n\u0131n ve demokratik kontrol\u00fcn ne kadar hayati oldu\u011funu bir sefer daha g\u00f6stermi\u015ftir. Fakat sorun yaln\u0131zca bir ihalenin iptal edilmesiyle kapanamaz. Bu noktaya gelinmesine neden olan d\u00fczenlemelerin kimler taraf\u0131ndan, hangi saiklerle haz\u0131rland\u0131\u011f\u0131n\u0131n da a\u00e7\u0131k\u00e7a ortaya konulmas\u0131 ve sorumlular hakk\u0131nda gerekenin yap\u0131lmas\u0131 kurald\u0131r. Adrese teslim d\u00fczenlemelere kar\u015f\u0131y\u0131z. Bu s\u00fcrecin sonuna kadar takip\u00e7isi olaca\u011f\u0131z. Gaziantep i\u00e7in, demokrasi i\u00e7in, kamu vicdan\u0131 i\u00e7in\u201d tabirlerini kulland\u0131.<\/p>\n","protected":false},"excerpt":{"rendered":"<p>Gaziantep B\u00fcy\u00fck\u015fehir Belediyesi\u2019nin yakla\u015f\u0131k 38 bin metrekarelik kongre, k\u00fclt\u00fcr ve fuar merkezi projesi i\u00e7in a\u00e7t\u0131\u011f\u0131 ve yakla\u015f\u0131k 2 milyar 750 milyonluk ihale, CHP\u2019li meclis \u00fcyesi Hasan \u015eencan\u2019\u0131n \u201cadrese teslim \u015fartname\u201d ihtarlar\u0131 ve \u015feffafl\u0131k davetlerinin akabinde geri \u00e7ekildi.<\/p>\n","protected":false},"author":1,"featured_media":93246,"comment_status":"open","ping_status":"open","sticky":false,"template":"","format":"standard","meta":{"footnotes":""},"categories":[25],"tags":[40,9461,68,206,853],"class_list":["post-93245","post","type-post","status-publish","format-standard","has-post-thumbnail","hentry","category-gundem","tag-belediye","tag-duzenlemeler","tag-gaziantep","tag-ihale","tag-kamu"],"_links":{"self":[{"href":"https:\/\/ikimisli.tr\/index.php\/wp-json\/wp\/v2\/posts\/93245","targetHints":{"allow":["GET"]}}],"collection":[{"href":"https:\/\/ikimisli.tr\/index.php\/wp-json\/wp\/v2\/posts"}],"about":[{"href":"https:\/\/ikimisli.tr\/index.php\/wp-json\/wp\/v2\/types\/post"}],"author":[{"embeddable":true,"href":"https:\/\/ikimisli.tr\/index.php\/wp-json\/wp\/v2\/users\/1"}],"replies":[{"embeddable":true,"href":"https:\/\/ikimisli.tr\/index.php\/wp-json\/wp\/v2\/comments?post=93245"}],"version-history":[{"count":1,"href":"https:\/\/ikimisli.tr\/index.php\/wp-json\/wp\/v2\/posts\/93245\/revisions"}],"predecessor-version":[{"id":93248,"href":"https:\/\/ikimisli.tr\/index.php\/wp-json\/wp\/v2\/posts\/93245\/revisions\/93248"}],"wp:featuredmedia":[{"embeddable":true,"href":"https:\/\/ikimisli.tr\/index.php\/wp-json\/wp\/v2\/media\/93246"}],"wp:attachment":[{"href":"https:\/\/ikimisli.tr\/index.php\/wp-json\/wp\/v2\/media?parent=93245"}],"wp:term":[{"taxonomy":"category","embeddable":true,"href":"https:\/\/ikimisli.tr\/index.php\/wp-json\/wp\/v2\/categories?post=93245"},{"taxonomy":"post_tag","embeddable":true,"href":"https:\/\/ikimisli.tr\/index.php\/wp-json\/wp\/v2\/tags?post=93245"}],"curies":[{"name":"wp","href":"https:\/\/api.w.org\/{rel}","templated":true}]}}