{"id":93328,"date":"2026-01-23T21:24:06","date_gmt":"2026-01-23T21:24:06","guid":{"rendered":"https:\/\/ikimisli.tr\/?p=93328"},"modified":"2026-01-23T21:24:06","modified_gmt":"2026-01-23T21:24:06","slug":"adalet-bakanligindan-bir-kisiyi-12-yerinden-bicakladi-ev-hapsi-aldi-iddiasina-yalanlama","status":"publish","type":"post","link":"https:\/\/ikimisli.tr\/index.php\/2026\/01\/23\/adalet-bakanligindan-bir-kisiyi-12-yerinden-bicakladi-ev-hapsi-aldi-iddiasina-yalanlama\/","title":{"rendered":"Adalet Bakanl\u0131\u011f\u0131&#8217;ndan &#8216;Bir ki\u015fiyi 12 yerinden b\u0131\u00e7aklad\u0131, ev hapsi ald\u0131&#8217; iddias\u0131na yalanlama"},"content":{"rendered":"<p>Adalet Bakanl\u0131\u011f\u0131, Samsun\u2019da bir ki\u015fiyi 12 b\u0131\u00e7ak darbesiyle yaralayan \u015f\u00fcphelinin h\u00fcr b\u0131rak\u0131ld\u0131\u011f\u0131 savlar\u0131na ait \u201cSu\u00e7a s\u00fcr\u00fcklenen \u00e7ocuk E.K. g\u00f6zalt\u0131na al\u0131narak silahla taamm\u00fcden yaralama hatas\u0131ndan tutuklanm\u0131\u015f olup hala kapal\u0131 ceza infaz kurumunda bulunmaktad\u0131r\u201d a\u00e7\u0131klamas\u0131n\u0131 yapt\u0131.<\/p>\n<p>Samsun&#8217;da bir ki\u015finin 12 b\u0131\u00e7ak darbesiyle yaraland\u0131\u011f\u0131 olayda \u015f\u00fcpheliye mesken mahpusu verilerek \u00f6zg\u00fcr b\u0131rak\u0131ld\u0131\u011f\u0131 taraf\u0131ndaki arg\u00fcmanlar\u0131n ger\u00e7ek olmad\u0131\u011f\u0131n\u0131 bildiren Adalet Bakanl\u0131\u011f\u0131, konuya ili\u015fkin yap\u0131lan a\u00e7\u0131klamada h\u00fcr b\u0131rak\u0131ld\u0131\u011f\u0131 ileri s\u00fcr\u00fclen su\u00e7a s\u00fcr\u00fcklenen \u00e7ocuk A.M.\u00c7.\u2019nin, c\u00fcrm\u00fc \u00fcstlenmeye \u00e7al\u0131\u015fan ki\u015fi oldu\u011fu belirtildi. Bakanl\u0131k taraf\u0131ndan yap\u0131lan a\u00e7\u0131klamada, \u015fu tabirlere yer verildi:<\/p>\n<p>&#8211; Birtak\u0131m bas\u0131n yay\u0131n organlar\u0131 ve toplumsal medya platformlar\u0131nda \u201812 b\u0131\u00e7ak darbesi ile fail mesken mahpusu ile h\u00fcr kald\u0131\u2019; \u2018Cezalar Cayd\u0131r\u0131c\u0131 De\u011fil\u2019 ba\u015fl\u0131kl\u0131 \u00f6zel haber ve arg\u00fcmanlarla ilgili olarak bir bas\u0131n a\u00e7\u0131klamas\u0131 yap\u0131lmas\u0131na muhta\u00e7l\u0131k duyulmu\u015ftur. 18\/01\/2026 g\u00fcn\u00fc saat 20:00 s\u0131ralar\u0131nda Samsun ili \u0130lkad\u0131m il\u00e7esi Kadifekale Mahallesi\u2019nde Ma\u011fdur P.A.\u2019n\u0131n s\u0131rt k\u0131sm\u0131ndan 9, ayak k\u0131sm\u0131ndan 2, boyun k\u0131sm\u0131ndan 1 olmak \u00fczere kesici alet ile hayati tehlike ge\u00e7irmeyecek ve kolay t\u0131bbi m\u00fcdahale ile giderilemeyecek halde yaraland\u0131\u011f\u0131 olayla ilgili Cumhuriyet Ba\u015fsavc\u0131l\u0131\u011f\u0131m\u0131zca derhal soru\u015fturma s\u00fcre\u00e7lerine ba\u015flanm\u0131\u015ft\u0131r.<\/p>\n<p>&#8211; E\u011fitim ve Ara\u015ft\u0131rma Hastanesinde tedavisi devam eden ma\u011fdurun al\u0131nan beyan\u0131 ve te\u015fhis s\u00fcreci sonras\u0131 yaralama hareketini ger\u00e7ekle\u015ftiren su\u00e7a s\u00fcr\u00fcklenen \u00e7ocuk E.K. g\u00f6zalt\u0131na al\u0131narak silahla taamm\u00fcden yaralama hatas\u0131ndan tutuklanm\u0131\u015f olup hala kapal\u0131 ceza infaz kurumunda bulunmaktad\u0131r. Bas\u0131nda ve toplumsal mecralarda, konut mahpusu isimli denetim kural\u0131yla \u00f6zg\u00fcr b\u0131rak\u0131ld\u0131\u011f\u0131 ileri s\u00fcr\u00fclen su\u00e7a s\u00fcr\u00fcklenen A.M.\u00c7, c\u00fcrm\u00fc \u00fcstlenmeye \u00e7al\u0131\u015fan ki\u015fi olup, bu ki\u015fi hakk\u0131nda hata \u00fcstlenme c\u00fcrm\u00fcnden farkl\u0131 bir soru\u015fturma y\u00fcr\u00fct\u00fclmektedir. Bu taraf\u0131yla yaralama olay\u0131n\u0131n failinin \u00f6zg\u00fcr kald\u0131\u011f\u0131, cezalar\u0131n cayd\u0131r\u0131c\u0131 olmad\u0131\u011f\u0131 istikametindeki yorum ve payla\u015f\u0131mlar ger\u00e7e\u011fi yans\u0131tmamaktad\u0131r. Soru\u015fturma t\u00fcm taraflar\u0131 ile titizlikle y\u00fcr\u00fct\u00fclmektedir.<\/p>\n","protected":false},"excerpt":{"rendered":"<p>Adalet Bakanl\u0131\u011f\u0131, Samsun\u2019da bir ki\u015fiyi 12 b\u0131\u00e7ak darbesiyle yaralayan \u015f\u00fcphelinin h\u00fcr b\u0131rak\u0131ld\u0131\u011f\u0131 istikametindeki savlar\u0131 yalanlad\u0131.<\/p>\n","protected":false},"author":1,"featured_media":93329,"comment_status":"open","ping_status":"open","sticky":false,"template":"","format":"standard","meta":{"footnotes":""},"categories":[25],"tags":[475,97,1323],"class_list":["post-93328","post","type-post","status-publish","format-standard","has-post-thumbnail","hentry","category-gundem","tag-serbest","tag-suc","tag-sucu"],"_links":{"self":[{"href":"https:\/\/ikimisli.tr\/index.php\/wp-json\/wp\/v2\/posts\/93328","targetHints":{"allow":["GET"]}}],"collection":[{"href":"https:\/\/ikimisli.tr\/index.php\/wp-json\/wp\/v2\/posts"}],"about":[{"href":"https:\/\/ikimisli.tr\/index.php\/wp-json\/wp\/v2\/types\/post"}],"author":[{"embeddable":true,"href":"https:\/\/ikimisli.tr\/index.php\/wp-json\/wp\/v2\/users\/1"}],"replies":[{"embeddable":true,"href":"https:\/\/ikimisli.tr\/index.php\/wp-json\/wp\/v2\/comments?post=93328"}],"version-history":[{"count":1,"href":"https:\/\/ikimisli.tr\/index.php\/wp-json\/wp\/v2\/posts\/93328\/revisions"}],"predecessor-version":[{"id":93330,"href":"https:\/\/ikimisli.tr\/index.php\/wp-json\/wp\/v2\/posts\/93328\/revisions\/93330"}],"wp:featuredmedia":[{"embeddable":true,"href":"https:\/\/ikimisli.tr\/index.php\/wp-json\/wp\/v2\/media\/93329"}],"wp:attachment":[{"href":"https:\/\/ikimisli.tr\/index.php\/wp-json\/wp\/v2\/media?parent=93328"}],"wp:term":[{"taxonomy":"category","embeddable":true,"href":"https:\/\/ikimisli.tr\/index.php\/wp-json\/wp\/v2\/categories?post=93328"},{"taxonomy":"post_tag","embeddable":true,"href":"https:\/\/ikimisli.tr\/index.php\/wp-json\/wp\/v2\/tags?post=93328"}],"curies":[{"name":"wp","href":"https:\/\/api.w.org\/{rel}","templated":true}]}}