{"id":93451,"date":"2026-01-24T03:36:12","date_gmt":"2026-01-24T03:36:12","guid":{"rendered":"https:\/\/ikimisli.tr\/?p=93451"},"modified":"2026-01-24T03:36:12","modified_gmt":"2026-01-24T03:36:12","slug":"15-yila-kadar-hapsi-isteniyor-ahmet-ozerin-kent-uzlasisi-davasinda-karar-gunu","status":"publish","type":"post","link":"https:\/\/ikimisli.tr\/index.php\/2026\/01\/24\/15-yila-kadar-hapsi-isteniyor-ahmet-ozerin-kent-uzlasisi-davasinda-karar-gunu\/","title":{"rendered":"15 y\u0131la kadar hapsi isteniyor&#8230; Ahmet \u00d6zer&#8217;in &#8216;kent uzla\u015f\u0131s\u0131&#8217; davas\u0131nda karar g\u00fcn\u00fc!"},"content":{"rendered":"<p>Bir y\u0131ll\u0131k tutuklulu\u011fun akabinde ge\u00e7en ay tahliye edilen Esenyurt Belediye Ba\u015fkan\u0131 Ahmet \u00d6zer, \u201cKent uzla\u015f\u0131s\u0131\u201d davas\u0131 kapsam\u0131nda 30 Ekim 2024\u2019te g\u00f6zalt\u0131na al\u0131narak tutukland\u0131. \u00d6zer i\u00e7in \u201csilahl\u0131 ter\u00f6r \u00f6rg\u00fct\u00fc \u00fcyesi olmak\u201d su\u00e7lamas\u0131yla 7.5 y\u0131ldan 15 y\u0131la kadar mahpus isteniyor. Ahmet \u00d6zer bug\u00fcn hakim kar\u015f\u0131s\u0131na \u00e7\u0131kacak.<\/p>\n<p>\u00d6zer&#8217;in avukat\u0131 H\u00fcseyin Ers\u00f6z X hesab\u0131ndan yapt\u0131\u011f\u0131 payla\u015f\u0131mda \u015funlar\u0131 kaydetti:<\/p>\n<p>Esenyurt Belediye Lideri Prof. Dr. Ahmet \u00d6zer\u00a0hakk\u0131nda \u0130stanbul 14. A\u011f\u0131r Ceza Mahkemesi&#8217;nde g\u00f6r\u00fclen davan\u0131n bug\u00fcnk\u00fc duru\u015fmas\u0131nda, Temele Ait Savunmalar sonras\u0131nda karar\u0131n a\u00e7\u0131klanmas\u0131n\u0131 bekliyoruz.<\/p>\n<p>Yarg\u0131lama safahat\u0131nda lehe bir\u00e7ok kan\u0131t topland\u0131 ve \u015fahitler dinlendi. Soru\u015fturman\u0131n ba\u015f\u0131ndan beri y\u00f6nlendirilmeye \u00e7al\u0131\u015f\u0131lan kamuoyu alg\u0131s\u0131na ra\u011fmen Mahkemenin yapm\u0131\u015f oldu\u011fu yaz\u0131\u015fmalara verilen yan\u0131tlarla, alg\u0131lar ve olgular birbirinden ayr\u0131ld\u0131.<\/p>\n<p>Ahmet \u00d6zer hakk\u0131nda emniyet, savc\u0131l\u0131k ve Yarg\u0131tay&#8217;dan gelen kar\u015f\u0131l\u0131klarla, y\u00f6neltilen su\u00e7laman\u0131n mesnetsizli\u011fini ortaya koyan tespitler yap\u0131ld\u0131. Bug\u00fcn evraktaki kan\u0131tlar do\u011frultusunda Ahmet \u00d6zer&#8217;in masumiyetinin beraat karar\u0131na i\u015flenmesini bekliyoruz.<\/p>\n<p>Esasa Ait Savunmalar\u0131m\u0131z\u0131 i\u00e7eren dilek\u00e7emizi 17 Ocak g\u00fcn\u00fc Mahkemeye sunmu\u015ftuk<\/p>\n<blockquote class=\"twitter-tweet\" data-width=\"500\" data-dnt=\"true\">\n<p lang=\"tr\" dir=\"ltr\">Bug\u00fcn Karar g\u00fcn\u00fc!<\/p>\n<p>Esenyurt Belediye Ba\u015fkan\u0131 Prof. Dr. Ahmet \u00d6zer (<a href=\"https:\/\/twitter.com\/profdrahmetozer?ref_src=twsrc%5Etfw\" rel=\"nofollow noopener\" target=\"_blank\">@profdrahmetozer<\/a>) hakk\u0131nda \u0130stanbul 14. A\u011f\u0131r Ceza Mahkemesi&#39;nde g\u00f6r\u00fclen davan\u0131n bug\u00fcnk\u00fc duru\u015fmas\u0131nda, Esasa \u0130li\u015fkin Savunmalar sonras\u0131nda h\u00fckm\u00fcn a\u00e7\u0131klanmas\u0131n\u0131 bekliyoruz.<\/p>\n<p>Yarg\u0131lama safahat\u0131nda lehe bir\u00e7ok delil\u2026 <a href=\"https:\/\/t.co\/RO2zxRgGlE\" rel=\"nofollow\">https:\/\/t.co\/RO2zxRgGlE<\/a><\/p>\n<p>&mdash; H\u00fcseyin Ers\u00f6z (@ersozhuseyin) <a href=\"https:\/\/twitter.com\/ersozhuseyin\/status\/2014566161770250728?ref_src=twsrc%5Etfw\" rel=\"nofollow noopener\" target=\"_blank\">January 23, 2026<\/a><\/p><\/blockquote>\n<p><script async src=\"https:\/\/platform.twitter.com\/widgets.js\" charset=\"utf-8\"><\/script><\/p>\n","protected":false},"excerpt":{"rendered":"<p>Yerine kayy\u0131m atanan Esenyurt Belediye Ba\u015fkan\u0131 Ahmet \u00d6zer \u201ckent uzla\u015f\u0131s\u0131\u201d davas\u0131nda bug\u00fcn hakim kar\u015f\u0131s\u0131na \u00e7\u0131kacak. \u00d6zer&#8217;in avukat\u0131 H\u00fcseyin Ers\u00f6z bug\u00fcnk\u00fc duru\u015fmada karar \u00e7\u0131kmas\u0131n\u0131 beklediklerini kaydetti.<\/p>\n","protected":false},"author":1,"featured_media":93453,"comment_status":"open","ping_status":"open","sticky":false,"template":"","format":"standard","meta":{"footnotes":""},"categories":[25],"tags":[305],"class_list":["post-93451","post","type-post","status-publish","format-standard","has-post-thumbnail","hentry","category-gundem","tag-ahmet-ozer"],"_links":{"self":[{"href":"https:\/\/ikimisli.tr\/index.php\/wp-json\/wp\/v2\/posts\/93451","targetHints":{"allow":["GET"]}}],"collection":[{"href":"https:\/\/ikimisli.tr\/index.php\/wp-json\/wp\/v2\/posts"}],"about":[{"href":"https:\/\/ikimisli.tr\/index.php\/wp-json\/wp\/v2\/types\/post"}],"author":[{"embeddable":true,"href":"https:\/\/ikimisli.tr\/index.php\/wp-json\/wp\/v2\/users\/1"}],"replies":[{"embeddable":true,"href":"https:\/\/ikimisli.tr\/index.php\/wp-json\/wp\/v2\/comments?post=93451"}],"version-history":[{"count":1,"href":"https:\/\/ikimisli.tr\/index.php\/wp-json\/wp\/v2\/posts\/93451\/revisions"}],"predecessor-version":[{"id":93454,"href":"https:\/\/ikimisli.tr\/index.php\/wp-json\/wp\/v2\/posts\/93451\/revisions\/93454"}],"wp:featuredmedia":[{"embeddable":true,"href":"https:\/\/ikimisli.tr\/index.php\/wp-json\/wp\/v2\/media\/93453"}],"wp:attachment":[{"href":"https:\/\/ikimisli.tr\/index.php\/wp-json\/wp\/v2\/media?parent=93451"}],"wp:term":[{"taxonomy":"category","embeddable":true,"href":"https:\/\/ikimisli.tr\/index.php\/wp-json\/wp\/v2\/categories?post=93451"},{"taxonomy":"post_tag","embeddable":true,"href":"https:\/\/ikimisli.tr\/index.php\/wp-json\/wp\/v2\/tags?post=93451"}],"curies":[{"name":"wp","href":"https:\/\/api.w.org\/{rel}","templated":true}]}}