{"id":93455,"date":"2026-01-24T03:48:11","date_gmt":"2026-01-24T03:48:11","guid":{"rendered":"https:\/\/ikimisli.tr\/?p=93455"},"modified":"2026-01-24T03:48:11","modified_gmt":"2026-01-24T03:48:11","slug":"bu-gece-gokyuzune-bakin-ay-saturn-ve-neptun-gulucuk-goruntusu-olusturacak","status":"publish","type":"post","link":"https:\/\/ikimisli.tr\/index.php\/2026\/01\/24\/bu-gece-gokyuzune-bakin-ay-saturn-ve-neptun-gulucuk-goruntusu-olusturacak\/","title":{"rendered":"Bu gece g\u00f6ky\u00fcz\u00fcne bak\u0131n: Ay, Sat\u00fcrn ve Nept\u00fcn g\u00fcl\u00fcc\u00fck g\u00f6r\u00fcnt\u00fcs\u00fc olu\u015fturacak"},"content":{"rendered":"<p>D\u00fcnya bu gece az g\u00f6ky\u00fcz\u00fc olaylar\u0131ndan birine \u015fahit olacak. 3 g\u00f6k cisminin bir ortaya gelerek g\u00fclen bir y\u00fcz g\u00f6r\u00fcn\u00fcm\u00fc olu\u015fturmas\u0131 beklenen olayda, Ay, hilal halinde bir a\u011f\u0131z, Sat\u00fcrn ve Nept\u00fcn ise bu a\u011f\u0131z\u0131n \u00fczerinde iki g\u00f6z imaj\u0131 olu\u015fturacak. Yery\u00fcz\u00fcnden belli bir istikamete yanl\u0131\u015fs\u0131z bak\u0131nca g\u00f6r\u00fcnt\u00fc net halde g\u00f6r\u00fclecek.<\/p>\n<p><strong>HANG\u0130 \u0130ST\u0130KAMETE BAKINCA G\u00d6R\u00dcLECEK?<\/strong><\/p>\n<p>Nadir rastlanan bu olay\u0131 izlemek i\u00e7in g\u00fcne\u015fin bat\u0131 ufkuna bakmak gerekecek. G\u00fcn bat\u0131m\u0131n\u0131n akabinde bat\u0131ya ger\u00e7ek bak\u0131ld\u0131\u011f\u0131nda ufuk \u00e7izgisine yak\u0131n bir noktada 3 g\u00f6k cisminin yaratt\u0131\u011f\u0131 enteresan g\u00f6r\u00fcn\u00fcm g\u00f6zlenebilecek.<\/p>\n<p><img decoding=\"async\" src=\"https:\/\/ikimisli.tr\/wp-content\/uploads\/2026\/01\/bu-gece-gokyuzune-bakin-ay-saturn-ve-neptun-gulucuk-goruntusu-olusturacak-0-4jj4bNhw.jpg\"\/><\/p>\n<p><strong>KESK\u0130N G\u00d6ZLER G\u00d6RECEK, D\u00dcRB\u00dcN\u00dc OLAN G\u00d6R\u00dcNT\u00dcY\u00dc \u0130ZLEYECEK<\/strong><\/p>\n<p>Havan\u0131n kararmas\u0131yla birlikte Ay ve Sat\u00fcrn&#8217;\u00fcn \u00e7\u0131plak g\u00f6zle rahatl\u0131kla g\u00f6r\u00fclebilece\u011fi iddia edilirken, bu dizilimin \u00fc\u00e7\u00fcnc\u00fc kesimini olu\u015fturan Nept\u00fcn hayli s\u00f6n\u00fck g\u00f6r\u00fcnen bir gezegen oldu\u011fu i\u00e7in d\u00fcrb\u00fcn ya da teleskop sayesinde g\u00f6r\u00fclebilecek.\u00a0<\/p>\n<p><strong>BAZI B\u00d6LGELER \u015eANSLI<\/strong><\/p>\n<p>G\u00f6k cisimlerinin ufka yak\u0131n bir pozisyonda g\u00f6zlenece\u011fi varsay\u0131m edilirken a\u011fa\u00e7lar ya da binalar taraf\u0131ndan kapat\u0131lmayan bir a\u00e7\u0131ya sahip olan b\u00f6lgelerde g\u00f6r\u00fcnt\u00fc daha net halde izlenebilecek. Bu ak\u015fam ger\u00e7ekle\u015fecek \u00fc\u00e7l\u00fc gezegen bulu\u015fmas\u0131 y\u0131l\u0131n en ilgi\u00e7 g\u00f6k olaylar\u0131 ortas\u0131nda g\u00f6steriliyor.<\/p>\n","protected":false},"excerpt":{"rendered":"<p>Astronomlar\u0131n verdi\u011fi tarih geldi, bu ak\u015fam \u00e7ok az bir g\u00f6ky\u00fcz\u00fc olay\u0131na d\u00fcnya tan\u0131kl\u0131k edecek. Kuzey \u0131\u015f\u0131klar\u0131ndan bile daha ender ya\u015fanan bu g\u00f6k olay\u0131nda, Ay, Sat\u00fcrn ve Nept\u00fcn g\u00fclen y\u00fcz olu\u015fturacak. D\u00fcnyadan bak\u0131nca \u015fa\u015f\u0131rtan bir g\u00f6r\u00fcnt\u00fc olu\u015facak.<\/p>\n","protected":false},"author":1,"featured_media":93456,"comment_status":"open","ping_status":"open","sticky":false,"template":"","format":"standard","meta":{"footnotes":""},"categories":[43],"tags":[1379,335,4143],"class_list":["post-93455","post","type-post","status-publish","format-standard","has-post-thumbnail","hentry","category-dunya","tag-gok","tag-goz","tag-manzara"],"_links":{"self":[{"href":"https:\/\/ikimisli.tr\/index.php\/wp-json\/wp\/v2\/posts\/93455","targetHints":{"allow":["GET"]}}],"collection":[{"href":"https:\/\/ikimisli.tr\/index.php\/wp-json\/wp\/v2\/posts"}],"about":[{"href":"https:\/\/ikimisli.tr\/index.php\/wp-json\/wp\/v2\/types\/post"}],"author":[{"embeddable":true,"href":"https:\/\/ikimisli.tr\/index.php\/wp-json\/wp\/v2\/users\/1"}],"replies":[{"embeddable":true,"href":"https:\/\/ikimisli.tr\/index.php\/wp-json\/wp\/v2\/comments?post=93455"}],"version-history":[{"count":1,"href":"https:\/\/ikimisli.tr\/index.php\/wp-json\/wp\/v2\/posts\/93455\/revisions"}],"predecessor-version":[{"id":93458,"href":"https:\/\/ikimisli.tr\/index.php\/wp-json\/wp\/v2\/posts\/93455\/revisions\/93458"}],"wp:featuredmedia":[{"embeddable":true,"href":"https:\/\/ikimisli.tr\/index.php\/wp-json\/wp\/v2\/media\/93456"}],"wp:attachment":[{"href":"https:\/\/ikimisli.tr\/index.php\/wp-json\/wp\/v2\/media?parent=93455"}],"wp:term":[{"taxonomy":"category","embeddable":true,"href":"https:\/\/ikimisli.tr\/index.php\/wp-json\/wp\/v2\/categories?post=93455"},{"taxonomy":"post_tag","embeddable":true,"href":"https:\/\/ikimisli.tr\/index.php\/wp-json\/wp\/v2\/tags?post=93455"}],"curies":[{"name":"wp","href":"https:\/\/api.w.org\/{rel}","templated":true}]}}