{"id":93515,"date":"2026-01-24T07:24:05","date_gmt":"2026-01-24T07:24:05","guid":{"rendered":"https:\/\/ikimisli.tr\/?p=93515"},"modified":"2026-01-24T07:24:05","modified_gmt":"2026-01-24T07:24:05","slug":"dogalgazda-carpici-tablo-en-pahali-iller-belli-oldu","status":"publish","type":"post","link":"https:\/\/ikimisli.tr\/index.php\/2026\/01\/24\/dogalgazda-carpici-tablo-en-pahali-iller-belli-oldu\/","title":{"rendered":"Do\u011falgazda \u00e7arp\u0131c\u0131 tablo: En pahal\u0131 iller belli oldu"},"content":{"rendered":"<p>Do\u011fal gaz faturalar\u0131nda s\u0131k\u00e7a g\u00f6zden ka\u00e7an \u201csistem kullan\u0131m bedeli\u201d, kentler ortas\u0131ndaki fiyat farklar\u0131n\u0131 bir sefer daha g\u00fcndeme ta\u015f\u0131d\u0131. Gazeteci Olcay Aydilek\u2019in toplumsal medya hesab\u0131ndan payla\u015ft\u0131\u011f\u0131 tablo, Ankara, \u0130stanbul, \u0130zmir, Antalya ve Erzurum\u2019daki da\u011f\u0131t\u0131m bedellerini mukayeseli olarak ortaya koydu.<\/p>\n<p>Payla\u015f\u0131lan datalara nazaran, kent i\u00e7i do\u011fal gaz da\u011f\u0131t\u0131m \u015firketleri her metrek\u00fcp gaz i\u00e7in abonelerden \u201csistem kullan\u0131m bedeli\u201d tahsil ediyor. Fakat bu bedel, kentten kente de\u011ferli \u00f6l\u00e7\u00fcde de\u011fi\u015fiyor.<\/p>\n<p>Aydilkek toplumsal medya hesab\u0131ndan \u015fu tabirleri payla\u015ft\u0131:<\/p>\n<p><img decoding=\"async\" src=\"https:\/\/ikimisli.tr\/wp-content\/uploads\/2026\/01\/dogalgazda-carpici-tablo-en-pahali-iller-belli-oldu-0-Xrs4kypZ.png\"\/><\/p>\n<p>Tabloda Ankara ve Antalya, en y\u00fcksek sistem kullan\u0131m bedelinin uyguland\u0131\u011f\u0131 vilayetler ortas\u0131nda \u00f6ne \u00e7\u0131k\u0131yor. Bilhassa d\u00fc\u015f\u00fck t\u00fcketim kademelerinde, bu iki kentte abonelerin \u00f6teki b\u00fcy\u00fck\u015fehirlere k\u0131yasla daha fazla \u00f6deme yapt\u0131\u011f\u0131 g\u00f6r\u00fcl\u00fcyor.<\/p>\n<p>Uzmanlar, bu fark\u0131n do\u011fal gaz\u0131n ana fiyat\u0131ndan de\u011fil, kent i\u00e7i da\u011f\u0131t\u0131m tarifelerinden kaynakland\u0131\u011f\u0131na dikkat \u00e7ekerken, altyap\u0131 maliyetleri ve yat\u0131r\u0131m masraflar\u0131n\u0131 m\u00fcnasebet g\u00f6steriyor.<\/p>\n","protected":false},"excerpt":{"rendered":"<p>Do\u011fal gaz faturalar\u0131nda bir\u00e7ok vakit g\u00f6zden ka\u00e7an \u201csistem kullan\u0131m bedeli\u201d, kentler ortas\u0131nda \u00f6nemli farklar yaratt\u0131.. Ankara ve Antalya\u2019da aboneler, t\u0131pk\u0131 gaz\u0131 kullanmalar\u0131na kar\u015f\u0131n bu kalem nedeniyle ba\u015fka vilayetlere nazaran daha y\u00fcksek fatura \u00f6d\u00fcyor.<\/p>\n","protected":false},"author":1,"featured_media":93516,"comment_status":"open","ping_status":"open","sticky":false,"template":"","format":"standard","meta":{"footnotes":""},"categories":[24],"tags":[1835,929],"class_list":["post-93515","post","type-post","status-publish","format-standard","has-post-thumbnail","hentry","category-ekonomi","tag-gaz","tag-sehir"],"_links":{"self":[{"href":"https:\/\/ikimisli.tr\/index.php\/wp-json\/wp\/v2\/posts\/93515","targetHints":{"allow":["GET"]}}],"collection":[{"href":"https:\/\/ikimisli.tr\/index.php\/wp-json\/wp\/v2\/posts"}],"about":[{"href":"https:\/\/ikimisli.tr\/index.php\/wp-json\/wp\/v2\/types\/post"}],"author":[{"embeddable":true,"href":"https:\/\/ikimisli.tr\/index.php\/wp-json\/wp\/v2\/users\/1"}],"replies":[{"embeddable":true,"href":"https:\/\/ikimisli.tr\/index.php\/wp-json\/wp\/v2\/comments?post=93515"}],"version-history":[{"count":1,"href":"https:\/\/ikimisli.tr\/index.php\/wp-json\/wp\/v2\/posts\/93515\/revisions"}],"predecessor-version":[{"id":93518,"href":"https:\/\/ikimisli.tr\/index.php\/wp-json\/wp\/v2\/posts\/93515\/revisions\/93518"}],"wp:featuredmedia":[{"embeddable":true,"href":"https:\/\/ikimisli.tr\/index.php\/wp-json\/wp\/v2\/media\/93516"}],"wp:attachment":[{"href":"https:\/\/ikimisli.tr\/index.php\/wp-json\/wp\/v2\/media?parent=93515"}],"wp:term":[{"taxonomy":"category","embeddable":true,"href":"https:\/\/ikimisli.tr\/index.php\/wp-json\/wp\/v2\/categories?post=93515"},{"taxonomy":"post_tag","embeddable":true,"href":"https:\/\/ikimisli.tr\/index.php\/wp-json\/wp\/v2\/tags?post=93515"}],"curies":[{"name":"wp","href":"https:\/\/api.w.org\/{rel}","templated":true}]}}