{"id":93593,"date":"2026-01-24T12:00:05","date_gmt":"2026-01-24T12:00:05","guid":{"rendered":"https:\/\/ikimisli.tr\/?p=93593"},"modified":"2026-01-24T12:00:05","modified_gmt":"2026-01-24T12:00:05","slug":"chpli-tanrikulu-ahmet-ozerle-tahliyesinden-sonra-gorusen-isimlere-de-aslinda-ceza-verildi","status":"publish","type":"post","link":"https:\/\/ikimisli.tr\/index.php\/2026\/01\/24\/chpli-tanrikulu-ahmet-ozerle-tahliyesinden-sonra-gorusen-isimlere-de-aslinda-ceza-verildi\/","title":{"rendered":"CHP&#8217;li Tanr\u0131kulu: Ahmet \u00d6zer&#8217;le tahliyesinden sonra g\u00f6r\u00fc\u015fen isimlere de asl\u0131nda ceza verildi"},"content":{"rendered":"<p>CHP Diyarbak\u0131r Milletvekili Sezgin Tanr\u0131kulu, yerine kayyum atanan Esenyurt Belediye Ba\u015fkan\u0131 Ahmet \u00d6zer&#8217;e verilen mahpus cezas\u0131na reaksiyon g\u00f6sterdi. Tanr\u0131kulu, Ahmet \u00d6zer&#8217;in tahliyesinin ard\u0131ndan MHP Genel Ba\u015fkan\u0131 Devlet Bah\u00e7eli ve MHP Genel Lider Yard\u0131mc\u0131s\u0131 Feti Y\u0131ld\u0131z&#8217;la yapt\u0131\u011f\u0131 g\u00f6r\u00fc\u015fmeye g\u00f6ndermede bulunarak, &#8220;Asl\u0131nda &#8216;heyet&#8217; Ahmet \u00d6zer&#8217;in tahliye edildikten sonra kendisiyle g\u00f6r\u00fc\u015fen, g\u00f6r\u00fc\u015f alan ve bunlar\u0131 kamuoyuyla payla\u015fmaktan \u00e7ekinmeyen siyaset\u00e7ilere de ceza verdi.&#8221; dedi.<\/p>\n<p>Tanr\u0131kulu, &#8220;G\u00f6revini yerine getiren&#8221; farkl\u0131 farkl\u0131 heyetler var. Ahmet \u00d6zer yarg\u0131lamas\u0131nda ortaya \u00e7\u0131kan bir durumu da not etmek isterim: Ceza yarg\u0131lamas\u0131nda ispat y\u00fck\u00fc yer de\u011fi\u015ftirmi\u015f durumda. Art\u0131k savc\u0131lar savlar\u0131n\u0131 ispat etmek zorunda de\u011filler, yarg\u0131lanan \u015f\u00fcpheliler-san\u0131klar su\u00e7suzluklar\u0131n\u0131 ispat etmek zorundalar.&#8221; tabirini kulland\u0131.\u00a0<\/p>\n<p>Tanr\u0131kulu \u015funlar\u0131 kaydetti:\u00a0<\/p>\n<p>Gariptir ki Ahmet \u00d6zer, yarg\u0131land\u0131\u011f\u0131 bu davada su\u00e7suzlu\u011funu her t\u00fcrl\u00fc ku\u015fkudan uzak, kesin olarak ispat etmesine kar\u015f\u0131n beraat edemedi.\u00a0<\/p>\n<p>Asl\u0131nda &#8220;Heyet&#8221; Ahmet \u00d6zer&#8217;in tahliye edildikten sonra kendisiyle g\u00f6r\u00fc\u015fen, g\u00f6r\u00fc\u015f alan ve bunlar\u0131 kamuoyuyla payla\u015fmaktan \u00e7ekinmeyen siyaset\u00e7ilere de ceza verdi.\u00a0 Gerisini bu yarg\u0131lamada siyaseten ceza alanlar d\u00fc\u015f\u00fcns\u00fcn<\/p>\n","protected":false},"excerpt":{"rendered":"<p>Tanr\u0131kulu, &#8220;Ahmet \u00d6zer&#8217;e 6 y\u0131l 3 ay ceza verildi. Asl\u0131nda hi\u00e7 yoruma gerek yok; zira T\u00fcrkiye&#8217;de uzun vakittir kurum olarak ba\u011f\u0131ms\u0131z ve tarafs\u0131z yarg\u0131 yok.&#8221; dedi.<\/p>\n","protected":false},"author":1,"featured_media":93594,"comment_status":"open","ping_status":"open","sticky":false,"template":"","format":"standard","meta":{"footnotes":""},"categories":[25],"tags":[305,53,3105],"class_list":["post-93593","post","type-post","status-publish","format-standard","has-post-thumbnail","hentry","category-gundem","tag-ahmet-ozer","tag-ceza","tag-gorus"],"_links":{"self":[{"href":"https:\/\/ikimisli.tr\/index.php\/wp-json\/wp\/v2\/posts\/93593","targetHints":{"allow":["GET"]}}],"collection":[{"href":"https:\/\/ikimisli.tr\/index.php\/wp-json\/wp\/v2\/posts"}],"about":[{"href":"https:\/\/ikimisli.tr\/index.php\/wp-json\/wp\/v2\/types\/post"}],"author":[{"embeddable":true,"href":"https:\/\/ikimisli.tr\/index.php\/wp-json\/wp\/v2\/users\/1"}],"replies":[{"embeddable":true,"href":"https:\/\/ikimisli.tr\/index.php\/wp-json\/wp\/v2\/comments?post=93593"}],"version-history":[{"count":1,"href":"https:\/\/ikimisli.tr\/index.php\/wp-json\/wp\/v2\/posts\/93593\/revisions"}],"predecessor-version":[{"id":93595,"href":"https:\/\/ikimisli.tr\/index.php\/wp-json\/wp\/v2\/posts\/93593\/revisions\/93595"}],"wp:featuredmedia":[{"embeddable":true,"href":"https:\/\/ikimisli.tr\/index.php\/wp-json\/wp\/v2\/media\/93594"}],"wp:attachment":[{"href":"https:\/\/ikimisli.tr\/index.php\/wp-json\/wp\/v2\/media?parent=93593"}],"wp:term":[{"taxonomy":"category","embeddable":true,"href":"https:\/\/ikimisli.tr\/index.php\/wp-json\/wp\/v2\/categories?post=93593"},{"taxonomy":"post_tag","embeddable":true,"href":"https:\/\/ikimisli.tr\/index.php\/wp-json\/wp\/v2\/tags?post=93593"}],"curies":[{"name":"wp","href":"https:\/\/api.w.org\/{rel}","templated":true}]}}