{"id":93620,"date":"2026-01-24T13:36:06","date_gmt":"2026-01-24T13:36:06","guid":{"rendered":"https:\/\/ikimisli.tr\/?p=93620"},"modified":"2026-01-24T13:36:06","modified_gmt":"2026-01-24T13:36:06","slug":"son-dakika-5-gunluk-bebege-siddet-uygulayan-hemsire-hakkinda-tutuklama-karari","status":"publish","type":"post","link":"https:\/\/ikimisli.tr\/index.php\/2026\/01\/24\/son-dakika-5-gunluk-bebege-siddet-uygulayan-hemsire-hakkinda-tutuklama-karari\/","title":{"rendered":"SON DAK\u0130KA: 5 g\u00fcnl\u00fck bebe\u011fe \u015fiddet uygulayan hem\u015fire hakk\u0131nda tutuklama karar\u0131"},"content":{"rendered":"<p>Olay, 26 May\u0131s 2021\u2019de Kahramanmara\u015f S\u00fct\u00e7\u00fc \u0130mam \u00dcniversitesi S\u0131hhat Uygulama ve Ara\u015ft\u0131rma Hastanesi\u2019nde meydana geldi. Sema ve Abdullah Bozoklar \u00e7iftinin d\u00fc\u015f\u00fck kiloda d\u00fcnyaya geldi\u011fi i\u00e7in kuv\u00f6ze al\u0131nan Deniz Esin Bozoklar ismini verdikleri bebekleri, 5 g\u00fcnl\u00fckken hem\u015fire Hazel D\u0131r\u0131k Ba\u011fr\u0131yan\u0131k taraf\u0131ndan darbedildi. Ba\u011fr\u0131yan\u0131k, kan alma s\u0131ras\u0131nda huysuzlan\u0131p a\u011flamas\u0131na sonland\u0131\u011f\u0131 Deniz Esin\u2019in ba\u015f\u0131na tekraren vurup bacaklar\u0131n\u0131 s\u0131kt\u0131. Hastanenin g\u00fcvenlik kameras\u0131na da yans\u0131yan olay ise 5 g\u00fcn sonra \u00f6teki hem\u015firenin bebe\u011finin baca\u011f\u0131nda \u015fi\u015flik oldu\u011funu fark etmesiyle ortaya \u00e7\u0131kt\u0131.<\/p>\n<p>Hem\u015firenin mevzuyu hastane idaresine bildirmesi \u00fczerine g\u00fcvenlik kameralar\u0131n\u0131n incelenmesi sonucu Hazel D\u0131r\u0131k Ba\u011fr\u0131yan\u0131k\u2019\u0131n bebe\u011fi darbetti\u011fi tespit edildi.<\/p>\n<p>Ba\u011fr\u0131yan\u0131k\u2019\u0131n hastanedeki misyonuna son verildi. Kahramanmara\u015f \u0130l \u0130dare Kurulu da hem\u015firenin yarg\u0131lanmas\u0131na karar verdi. Hakk\u0131nda, \u2018Kasten yaralama\u2019 kabahatinden 3 y\u0131la kadar mahpus istemiyle dava a\u00e7\u0131lan hem\u015fire Hazel D\u0131r\u0131k Ba\u011fr\u0131yan\u0131k\u2019\u0131n yarg\u0131lanmas\u0131na devam edildi. Kahramanmara\u015f 10\u2019uncu Asliye Ceza Mahkemesi\u2019nde g\u00f6r\u00fclen duru\u015fmaya taraf avukatlar\u0131 kat\u0131l\u0131rken, tutuksuz san\u0131k hem\u015fire Hazel D\u0131r\u0131k Ba\u011fr\u0131yan\u0131k ise yer almad\u0131.<\/p>\n<p>Duru\u015fmada Deniz Esin Bozoklar\u2019\u0131n ailesinin avukat\u0131 Sait Bolat, \u015fiddet anlar\u0131na ait manzaralar\u0131n dava evrak\u0131na girdi\u011fini belirterek, hem\u015firenin tutuklanmas\u0131n\u0131 talep etti. Hazel D\u0131r\u0131k Ba\u011fr\u0131yan\u0131k hakk\u0131nda tutuklamaya y\u00f6nelik yakalama karar\u0131 \u00e7\u0131kar\u0131lmas\u0131na karar verilen duru\u015fma, 19 \u015eubat\u2019a ertelendi.<\/p>\n","protected":false},"excerpt":{"rendered":"<p>SON DAK\u0130KA&#8230; Kahramanmara\u015f\u2019ta Deniz Esin Bozoklar\u2019\u0131 (5) 5 g\u00fcnl\u00fckken darp edip, bedensel ve zihinsel engelli kalmas\u0131na neden oldu\u011fu \u00f6ne s\u00fcr\u00fclen hem\u015fire Hazel D\u0131r\u0131k Ba\u011fr\u0131yan\u0131k hakk\u0131nda yarg\u0131land\u0131\u011f\u0131 davan\u0131n duru\u015fmas\u0131nda, tutuklamaya y\u00f6nelik yakalama karar\u0131 \u00e7\u0131kar\u0131ld\u0131.<\/p>\n","protected":false},"author":1,"featured_media":93621,"comment_status":"open","ping_status":"open","sticky":false,"template":"","format":"standard","meta":{"footnotes":""},"categories":[25],"tags":[9972],"class_list":["post-93620","post","type-post","status-publish","format-standard","has-post-thumbnail","hentry","category-gundem","tag-hemsire"],"_links":{"self":[{"href":"https:\/\/ikimisli.tr\/index.php\/wp-json\/wp\/v2\/posts\/93620","targetHints":{"allow":["GET"]}}],"collection":[{"href":"https:\/\/ikimisli.tr\/index.php\/wp-json\/wp\/v2\/posts"}],"about":[{"href":"https:\/\/ikimisli.tr\/index.php\/wp-json\/wp\/v2\/types\/post"}],"author":[{"embeddable":true,"href":"https:\/\/ikimisli.tr\/index.php\/wp-json\/wp\/v2\/users\/1"}],"replies":[{"embeddable":true,"href":"https:\/\/ikimisli.tr\/index.php\/wp-json\/wp\/v2\/comments?post=93620"}],"version-history":[{"count":1,"href":"https:\/\/ikimisli.tr\/index.php\/wp-json\/wp\/v2\/posts\/93620\/revisions"}],"predecessor-version":[{"id":93622,"href":"https:\/\/ikimisli.tr\/index.php\/wp-json\/wp\/v2\/posts\/93620\/revisions\/93622"}],"wp:featuredmedia":[{"embeddable":true,"href":"https:\/\/ikimisli.tr\/index.php\/wp-json\/wp\/v2\/media\/93621"}],"wp:attachment":[{"href":"https:\/\/ikimisli.tr\/index.php\/wp-json\/wp\/v2\/media?parent=93620"}],"wp:term":[{"taxonomy":"category","embeddable":true,"href":"https:\/\/ikimisli.tr\/index.php\/wp-json\/wp\/v2\/categories?post=93620"},{"taxonomy":"post_tag","embeddable":true,"href":"https:\/\/ikimisli.tr\/index.php\/wp-json\/wp\/v2\/tags?post=93620"}],"curies":[{"name":"wp","href":"https:\/\/api.w.org\/{rel}","templated":true}]}}