{"id":93750,"date":"2026-01-24T21:36:06","date_gmt":"2026-01-24T21:36:06","guid":{"rendered":"https:\/\/ikimisli.tr\/?p=93750"},"modified":"2026-01-24T21:36:06","modified_gmt":"2026-01-24T21:36:06","slug":"fitch-turkiyenin-guncel-kredi-notunu-acikladi","status":"publish","type":"post","link":"https:\/\/ikimisli.tr\/index.php\/2026\/01\/24\/fitch-turkiyenin-guncel-kredi-notunu-acikladi\/","title":{"rendered":"Fitch T\u00fcrkiye&#8217;nin g\u00fcncel kredi notunu a\u00e7\u0131klad\u0131"},"content":{"rendered":"<p>Fitch Ratings, T\u00fcrkiye iktisad\u0131na ait de\u011ferlendirmesini yay\u0131mlad\u0131. Kredi derecelendirme kurulu\u015fundan yap\u0131lan a\u00e7\u0131klamada, T\u00fcrkiye&#8217;nin uzun vadeli d\u00f6viz cinsinden kredi notunun &#8220;BB-&#8221; olarak teyit edildi\u011fi, not g\u00f6r\u00fcn\u00fcm\u00fcn\u00fcn ise &#8220;dura\u011fan&#8221;dan &#8220;pozitif&#8221;e g\u00fcncellendi\u011fi bildirildi.<\/p>\n<p>G\u00f6r\u00fcn\u00fcmdeki revizyonun Eyl\u00fcl 2024&#8217;teki not art\u0131r\u0131m\u0131ndan bu yana d\u00f6viz rezervlerinin beklentilerin \u00fczerinde artmas\u0131yla birlikte d\u0131\u015f k\u0131r\u0131lganl\u0131klarda ya\u015fanan ek azalmay\u0131 yans\u0131tt\u0131\u011f\u0131 vurgulanan a\u00e7\u0131klamada, &#8220;Bu s\u00fcre\u00e7te rezervlerin kalitesinin uygunla\u015fmas\u0131, d\u00f6viz cinsi \u015fartl\u0131 y\u00fck\u00fcml\u00fcl\u00fcklerin azalmas\u0131, g\u00f6rece s\u0131k\u0131 makroekonomik siyasetlerin s\u00fcrd\u00fcr\u00fclmesi ve besbelli siyaset gev\u015femesi riskinin bir \u00f6l\u00e7\u00fc gerilemesi tesirli olmu\u015ftur.&#8221; tabirleri kullan\u0131ld\u0131.<\/p>\n<p>A\u00e7\u0131klamada, T\u00fcrkiye&#8217;nin kredi notunun b\u00fcy\u00fck ve \u00e7e\u015fitlendirilmi\u015f iktisad\u0131, d\u00fc\u015f\u00fck kamu borcu ve d\u0131\u015f finansmana eri\u015fimini s\u00fcrd\u00fcrebilme ge\u00e7mi\u015fiyle desteklendi\u011fi belirtilerek, kredi notu \u00fczerinde bask\u0131 olu\u015fturan bahislere da de\u011finildi.<\/p>\n<p><b>BU YIL T\u00dcRK\u0130YE \u0130KT\u0130SADININ Y\u00dcZDE 3,5 B\u00dcY\u00dcMES\u0130 BEKLEN\u0130YOR<\/b><\/p>\n<p>A\u00e7\u0131klamada, T\u00fcrkiye&#8217;de 2026 sonunda ger\u00e7ek siyaset faizinin y\u00fczde 4,5, 2027 sonunda ise y\u00fczde 2 olaca\u011f\u0131n\u0131n \u00f6ng\u00f6r\u00fcld\u00fc\u011f\u00fc, enflasyonun 2027 sonunda y\u00fczde 19,5&#8217;e d\u00fc\u015fmesinin beklendi\u011fi kaydedildi.<\/p>\n<p>T\u00fcrkiye iktisad\u0131na dair b\u00fcy\u00fcme beklentilerine de de\u011finilen a\u00e7\u0131klamada, \u00fclkede gayrisafi yurt i\u00e7i has\u0131la (GSYH) art\u0131\u015f\u0131n\u0131n 2026&#8217;da y\u00fczde 3,5, 2027&#8217;de y\u00fczde 4,2 olmas\u0131n\u0131n iddia edildi\u011fi bildirildi.<\/p>\n<p>A\u00e7\u0131klamada, enflasyonda kal\u0131c\u0131 d\u00fc\u015f\u00fc\u015f\u00fc destekleyen siyaset \u00e7er\u00e7evesinin s\u00fcrd\u00fcr\u00fclebilirli\u011fine dair inanc\u0131n artmas\u0131, d\u0131\u015f tamponlar\u0131n besbelli bi\u00e7imde g\u00fc\u00e7lenmesi ve d\u0131\u015f finansman muhta\u00e7l\u0131\u011f\u0131n\u0131n kal\u0131c\u0131 olarak d\u00fc\u015fmesi ile siyasi \u015fok riskinin azalmas\u0131 yahut y\u00f6neti\u015fim ve kurumsal kapasiteyi g\u00fc\u00e7lendiren ad\u0131mlar at\u0131lmas\u0131 durumlar\u0131nda T\u00fcrkiye&#8217;nin kredi notunun y\u00fckseltilebilece\u011fi belirtildi.<\/p>\n<p>Kredi notuna negatif tesir yapabilecek fakt\u00f6rlerden de bahsedilen a\u00e7\u0131klamada, enflasyon, \u00f6demeler istikrar\u0131 ve makro-finansal bask\u0131lar\u0131n artmas\u0131, rezervlerde besbelli d\u00fc\u015f\u00fc\u015f yahut rezerv kompozisyonunda bozulma, i\u00e7 siyasi yahut g\u00fcvenlik \u015fartlar\u0131n\u0131n ya da milletleraras\u0131 ilgilerin iktisat ve d\u0131\u015f finansman\u0131 olumsuz etkilemesinin, not indirimiyle sonu\u00e7lanabilece\u011fi aktar\u0131ld\u0131.<\/p>\n<p><b>EN SON EYL\u00dcL 2024&#8217;TE NOT ARTIRIMI YAPILMI\u015eTI<\/b><\/p>\n<p>\u200b\u200b\u200b\u200b\u200b\u200b\u200bFitch Ratings, Eyl\u00fcl 2024&#8217;te T\u00fcrkiye&#8217;nin kredi notunu &#8220;B+&#8221;dan &#8220;BB-&#8220;ye y\u00fckseltirken, not g\u00f6r\u00fcn\u00fcm\u00fcn\u00fc &#8220;dura\u011fan&#8221; olarak belirlemi\u015fti.<\/p>\n<p>Kredi derecelendirme kurulu\u015fu, ge\u00e7en y\u0131l ocak ve temmuz aylar\u0131nda yapt\u0131\u011f\u0131 de\u011ferlendirmelerde ise T\u00fcrkiye&#8217;nin kredi notunu ve not g\u00f6r\u00fcn\u00fcm\u00fcn\u00fc teyit etmi\u015fti.<\/p>\n","protected":false},"excerpt":{"rendered":"<p>Milletleraras\u0131 kredi derecelendirme kurulu\u015fu Fitch Ratings, T\u00fcrkiye&#8217;nin kredi notunu &#8220;BB-&#8221; olarak teyit ederken, kredi notu g\u00f6r\u00fcn\u00fcm\u00fcn\u00fc &#8220;dura\u011fan&#8221;dan &#8220;pozitif&#8221;e \u00e7evirdi.<\/p>\n","protected":false},"author":1,"featured_media":93751,"comment_status":"open","ping_status":"open","sticky":false,"template":"","format":"standard","meta":{"footnotes":""},"categories":[24],"tags":[978,103,1136,3695,113],"class_list":["post-93750","post","type-post","status-publish","format-standard","has-post-thumbnail","hentry","category-ekonomi","tag-aciklamada","tag-dis","tag-ekonomi","tag-kredi-notu","tag-turkiye"],"_links":{"self":[{"href":"https:\/\/ikimisli.tr\/index.php\/wp-json\/wp\/v2\/posts\/93750","targetHints":{"allow":["GET"]}}],"collection":[{"href":"https:\/\/ikimisli.tr\/index.php\/wp-json\/wp\/v2\/posts"}],"about":[{"href":"https:\/\/ikimisli.tr\/index.php\/wp-json\/wp\/v2\/types\/post"}],"author":[{"embeddable":true,"href":"https:\/\/ikimisli.tr\/index.php\/wp-json\/wp\/v2\/users\/1"}],"replies":[{"embeddable":true,"href":"https:\/\/ikimisli.tr\/index.php\/wp-json\/wp\/v2\/comments?post=93750"}],"version-history":[{"count":1,"href":"https:\/\/ikimisli.tr\/index.php\/wp-json\/wp\/v2\/posts\/93750\/revisions"}],"predecessor-version":[{"id":93752,"href":"https:\/\/ikimisli.tr\/index.php\/wp-json\/wp\/v2\/posts\/93750\/revisions\/93752"}],"wp:featuredmedia":[{"embeddable":true,"href":"https:\/\/ikimisli.tr\/index.php\/wp-json\/wp\/v2\/media\/93751"}],"wp:attachment":[{"href":"https:\/\/ikimisli.tr\/index.php\/wp-json\/wp\/v2\/media?parent=93750"}],"wp:term":[{"taxonomy":"category","embeddable":true,"href":"https:\/\/ikimisli.tr\/index.php\/wp-json\/wp\/v2\/categories?post=93750"},{"taxonomy":"post_tag","embeddable":true,"href":"https:\/\/ikimisli.tr\/index.php\/wp-json\/wp\/v2\/tags?post=93750"}],"curies":[{"name":"wp","href":"https:\/\/api.w.org\/{rel}","templated":true}]}}