{"id":93762,"date":"2026-01-24T22:12:06","date_gmt":"2026-01-24T22:12:06","guid":{"rendered":"https:\/\/ikimisli.tr\/?p=93762"},"modified":"2026-01-24T22:12:06","modified_gmt":"2026-01-24T22:12:06","slug":"yoksulluk-patlayinca-verilere-sansur-koydu","status":"publish","type":"post","link":"https:\/\/ikimisli.tr\/index.php\/2026\/01\/24\/yoksulluk-patlayinca-verilere-sansur-koydu\/","title":{"rendered":"Yoksulluk patlay\u0131nca verilere sans\u00fcr koydu"},"content":{"rendered":"<p>T\u00fcrkiye\u2019deki fakir say\u0131s\u0131na her g\u00fcn yenileri ekleniyor. 2025 y\u0131l\u0131nda yakla\u015f\u0131k 20 milyon vatanda\u015f toplumsal yard\u0131mlarla ayakta durdu. \u00c7ok yoksulluk sonu alt\u0131nda kalan vatanda\u015f say\u0131s\u0131 ise 11 milyon 877 bin 932 oldu.<\/p>\n<p>Yoksullu\u011fu \u00f6nleyemeyen Aile ve Sosyal Hizmetler Bakanl\u0131\u011f\u0131 \u00e7areyi yoksulluk verilerini sans\u00fcrlemekte buldu. Daha evvel toplumsal yard\u0131m istatistiklerini her ay a\u00e7\u0131klayan Mahinur \u00d6zdemir G\u00f6kta\u015f idaresindeki bakanl\u0131k data ak\u0131\u015f\u0131n\u0131 durdurdu. \u0130statistikler son olarak 12 ay evvel 2024 Aral\u0131k ay\u0131nda yay\u0131nland\u0131. 2025 y\u0131l\u0131 bilgilerinin de y\u0131l sonunda a\u00e7\u0131klanmas\u0131 beklenirken, bu istatistik de siteden kald\u0131r\u0131ld\u0131.<\/p>\n<p>Aile ve Toplumsal Hizmetler Bakanl\u0131\u011f\u0131\u2019n\u0131n internet sitesinde ka\u00e7 hanenin yard\u0131m ald\u0131\u011f\u0131na ait istatistiklerin yay\u0131n\u0131 da daha evvel durdurulmu\u015ftu. 2026\u2019da yoksullukla u\u011fra\u015f ve toplumsal yard\u0131mla\u015fma i\u00e7in 284 milyar 470 milyon TL harcanacak. Toplumsal yard\u0131m b\u00fct\u00e7esi 2027\u2019de 644 milyar 347 milyon TL\u2019ye \u00e7\u0131kacak. 2024\u2019te yard\u0131m i\u00e7in 205 milyar 861 milyon TL ayr\u0131lm\u0131\u015f, 2025\u2019te ise bu fiyat 219 milyar 723 milyon TL\u2019ye y\u00fckseltilmi\u015fti.<\/p>\n","protected":false},"excerpt":{"rendered":"<p>Daha evvel toplumsal yard\u0131m istatistiklerini her ay a\u00e7\u0131klayan bakanl\u0131k data ak\u0131\u015f\u0131n\u0131 durdurdu. \u0130statistikler en son Aral\u0131k 2024\u2019te yay\u0131nland\u0131.<\/p>\n","protected":false},"author":1,"featured_media":93763,"comment_status":"open","ping_status":"open","sticky":false,"template":"","format":"standard","meta":{"footnotes":""},"categories":[25],"tags":[100,273,367,1785],"class_list":["post-93762","post","type-post","status-publish","format-standard","has-post-thumbnail","hentry","category-gundem","tag-milyon","tag-sosyal","tag-yardim","tag-yoksul"],"_links":{"self":[{"href":"https:\/\/ikimisli.tr\/index.php\/wp-json\/wp\/v2\/posts\/93762","targetHints":{"allow":["GET"]}}],"collection":[{"href":"https:\/\/ikimisli.tr\/index.php\/wp-json\/wp\/v2\/posts"}],"about":[{"href":"https:\/\/ikimisli.tr\/index.php\/wp-json\/wp\/v2\/types\/post"}],"author":[{"embeddable":true,"href":"https:\/\/ikimisli.tr\/index.php\/wp-json\/wp\/v2\/users\/1"}],"replies":[{"embeddable":true,"href":"https:\/\/ikimisli.tr\/index.php\/wp-json\/wp\/v2\/comments?post=93762"}],"version-history":[{"count":1,"href":"https:\/\/ikimisli.tr\/index.php\/wp-json\/wp\/v2\/posts\/93762\/revisions"}],"predecessor-version":[{"id":93764,"href":"https:\/\/ikimisli.tr\/index.php\/wp-json\/wp\/v2\/posts\/93762\/revisions\/93764"}],"wp:featuredmedia":[{"embeddable":true,"href":"https:\/\/ikimisli.tr\/index.php\/wp-json\/wp\/v2\/media\/93763"}],"wp:attachment":[{"href":"https:\/\/ikimisli.tr\/index.php\/wp-json\/wp\/v2\/media?parent=93762"}],"wp:term":[{"taxonomy":"category","embeddable":true,"href":"https:\/\/ikimisli.tr\/index.php\/wp-json\/wp\/v2\/categories?post=93762"},{"taxonomy":"post_tag","embeddable":true,"href":"https:\/\/ikimisli.tr\/index.php\/wp-json\/wp\/v2\/tags?post=93762"}],"curies":[{"name":"wp","href":"https:\/\/api.w.org\/{rel}","templated":true}]}}