{"id":93791,"date":"2026-01-24T23:36:06","date_gmt":"2026-01-24T23:36:06","guid":{"rendered":"https:\/\/ikimisli.tr\/?p=93791"},"modified":"2026-01-24T23:36:06","modified_gmt":"2026-01-24T23:36:06","slug":"zam-ustune-zam-ithalata-devam","status":"publish","type":"post","link":"https:\/\/ikimisli.tr\/index.php\/2026\/01\/24\/zam-ustune-zam-ithalata-devam\/","title":{"rendered":"Zam \u00fcst\u00fcne zam ithalata devam"},"content":{"rendered":"<p>\u00dcreticinin ge\u00e7en y\u0131l \u015fap hastal\u0131\u011f\u0131 ve y\u00fcksek maliyetlerle bo\u011fu\u015ftu\u011fu k\u0131rm\u0131z\u0131 ette ithalat ve fiyatlar rekor k\u0131rarken, art\u0131r\u0131ml\u0131 girilen 2026\u2019da da bakanl\u0131k devay\u0131 ithalatta buldu. 520 bin ba\u015f hayvan ithalat\u0131 i\u00e7in karar a\u00e7\u0131klanan 2025\u2019in birinci 11 ay\u0131nda 1 milyar dolar\u0131n \u00fczerinde hayvan ithalat\u0131 ile yaln\u0131zca s\u0131\u011f\u0131r ithalat\u0131nda y\u00fczde 64\u2019l\u00fck art\u0131\u015f kaydedilirken, Tar\u0131m ve Orman Bakanl\u0131\u011f\u0131 Hayvanc\u0131l\u0131k Genel M\u00fcd\u00fcrl\u00fc\u011f\u00fc bu y\u0131l da 500 bin ba\u015f besilik s\u0131\u011f\u0131r ithalat\u0131 daha yap\u0131laca\u011f\u0131n\u0131 a\u00e7\u0131klad\u0131.<\/p>\n<p><img decoding=\"async\" src=\"https:\/\/ikimisli.tr\/wp-content\/uploads\/2026\/01\/zam-ustune-zam-ithalata-devam-0-wX6Pzamn.jpg\"\/><\/p>\n<p><strong>P\u0130RZOLA 1.600 TL<\/strong><\/p>\n<p>2025\u2019in son haftas\u0131ndan itibaren et fiyatlar\u0131na da yeni art\u0131r\u0131mlar yans\u0131rken, marketlerde et fiyatlar\u0131na aral\u0131k ay\u0131n\u0131n son haftas\u0131nda y\u00fczde 4 ile y\u00fczde 16 ortas\u0131nda art\u0131r\u0131m yap\u0131lm\u0131\u015ft\u0131. Bir kasapta 10 Aral\u0131k tarihinde 950 TL olan dana k\u0131yma fiyat\u0131 10 Ocak 2026\u2019da y\u00fczde 5 art\u0131r\u0131m ile 1.000 TL\u2019ye y\u00fckselirken, dana ku\u015fba\u015f\u0131 fiyat\u0131na t\u0131pk\u0131 tarih aral\u0131\u011f\u0131nda y\u00fczde 10, pirzolaya y\u00fczde 14 art\u0131r\u0131m geldi. Kasaplarda bir kilogram dana ku\u015fba\u015f\u0131 1.100 TL, bir kilogram bonfile 1.500 TL, bir kilogram pirzola ise 1.600 TL\u2019lik fiyatla sat\u0131l\u0131yor.<\/p>\n<p><b><span>600\u2019den 900\u2019e \u00e7\u0131kt\u0131<\/span><\/b><\/p>\n<p>Ge\u00e7en y\u0131ldan bu yana de \u011fi\u015fen fiyatlara bak\u0131ld\u0131\u011f\u0131nda ise zincir bir markette 2025 y\u0131l\u0131 ocak ay\u0131nda 600 TL\u2019ye sat\u0131lan bir kilogram dana ku\u015fba\u015f\u0131 fiyat\u0131 bu y\u0131l y\u00fczde 48.3\u2019l\u00fck art\u0131\u015fla 890 TL\u2019ye ula\u015f\u0131rken, 659 TL olan kuzu incik fiyat\u0131 ise y\u00fczde 35 art\u0131r\u0131m ile 889 TL\u2019ye ula\u015ft\u0131. Ulusal K\u0131rm\u0131z\u0131 Et Kurulu bilgilerine nazaran ise bu hafta ba\u015f\u0131 prestijiyle dana karkas fiyatlar\u0131 ayl\u0131k bazda y\u00fczde 5.2 artarken, y\u0131ll\u0131k bazda y\u00fczde 58.4 artt\u0131. Kuzu karkas fiyatlar\u0131 ise ayl\u0131k bazda y\u00fczde 6.4, y\u0131ll\u0131k bazda y\u00fczde 25.6 art\u0131\u015f g\u00f6sterdi. T\u00dc\u0130K bilgilerine nazaran T\u00fcrkiye\u2019de b\u00fcy\u00fckba\u015f hayvan varl\u0131\u011f\u0131 Haziran 2025\u2019te 17.1 milyon oldu.<\/p>\n<p><b><span>\u0130thalat milyar dolar\u0131 a\u015ft\u0131<\/span><\/b><\/p>\n<p>Verilere nazaran, 2024 y\u0131l\u0131nda 704.6 milyon dolar olan s\u0131\u011f\u0131r ithalat\u0131 2025 Kas\u0131m ay\u0131 prestijiyle 1 milyar 52 milyon dolara ula\u015ft\u0131. Hayvanc\u0131l\u0131k Genel M\u00fcd\u00fcrl\u00fc\u011f\u00fc taraf\u0131ndan yay\u0131nlanan talimatnamede ise 2026 y\u0131l\u0131 ithalat\u0131 \u00f6l\u00e7\u00fcs\u00fc 500 bin ba\u015f olarak a\u00e7\u0131klan\u0131rken, \u00fcretim kapasitesi y\u00fcksek olan i\u015fletmelere 392 bin ba\u015f, daha d\u00fc\u015f\u00fck olan i\u015fletmelere ise 108 bin ba\u015f besilik ithalat m\u00fcsaadesi verilece\u011fi a\u00e7\u0131kland\u0131. T\u00dcRKVET sisteminde kay\u0131tl\u0131 olmas\u0131 gereken i\u015fletmeler i\u00e7in uyumun ESK ve T\u00fcrkiye K\u0131rm\u0131z\u0131 Et \u00dcreticileri Merkez Birli\u011fi arac\u0131l\u0131\u011f\u0131yla y\u00fcr\u00fct\u00fclece\u011fi a\u00e7\u0131kland\u0131. <\/p>\n","protected":false},"excerpt":{"rendered":"<p>Yeni y\u0131la art\u0131r\u0131ml\u0131 giren k\u0131rm\u0131z\u0131 ette tahlil tekrar ithalatta aran\u0131yor. Karkas fiyatlar\u0131nda bir y\u0131lda y\u00fczde 58\u2019in \u00fczerinde art\u0131r\u0131m g\u00f6ren b\u00fcy\u00fckba\u015fta, 2026 i\u00e7in 500 bin ba\u015fl\u0131k ithalat yap\u0131lacak.<\/p>\n","protected":false},"author":1,"featured_media":93792,"comment_status":"open","ping_status":"open","sticky":false,"template":"","format":"standard","meta":{"footnotes":""},"categories":[24],"tags":[406,1247,2035,1307,93],"class_list":["post-93791","post","type-post","status-publish","format-standard","has-post-thumbnail","hentry","category-ekonomi","tag-406","tag-dana","tag-fiyatlar","tag-ithalat","tag-zam"],"_links":{"self":[{"href":"https:\/\/ikimisli.tr\/index.php\/wp-json\/wp\/v2\/posts\/93791","targetHints":{"allow":["GET"]}}],"collection":[{"href":"https:\/\/ikimisli.tr\/index.php\/wp-json\/wp\/v2\/posts"}],"about":[{"href":"https:\/\/ikimisli.tr\/index.php\/wp-json\/wp\/v2\/types\/post"}],"author":[{"embeddable":true,"href":"https:\/\/ikimisli.tr\/index.php\/wp-json\/wp\/v2\/users\/1"}],"replies":[{"embeddable":true,"href":"https:\/\/ikimisli.tr\/index.php\/wp-json\/wp\/v2\/comments?post=93791"}],"version-history":[{"count":1,"href":"https:\/\/ikimisli.tr\/index.php\/wp-json\/wp\/v2\/posts\/93791\/revisions"}],"predecessor-version":[{"id":93794,"href":"https:\/\/ikimisli.tr\/index.php\/wp-json\/wp\/v2\/posts\/93791\/revisions\/93794"}],"wp:featuredmedia":[{"embeddable":true,"href":"https:\/\/ikimisli.tr\/index.php\/wp-json\/wp\/v2\/media\/93792"}],"wp:attachment":[{"href":"https:\/\/ikimisli.tr\/index.php\/wp-json\/wp\/v2\/media?parent=93791"}],"wp:term":[{"taxonomy":"category","embeddable":true,"href":"https:\/\/ikimisli.tr\/index.php\/wp-json\/wp\/v2\/categories?post=93791"},{"taxonomy":"post_tag","embeddable":true,"href":"https:\/\/ikimisli.tr\/index.php\/wp-json\/wp\/v2\/tags?post=93791"}],"curies":[{"name":"wp","href":"https:\/\/api.w.org\/{rel}","templated":true}]}}