{"id":93805,"date":"2026-01-25T00:12:06","date_gmt":"2026-01-25T00:12:06","guid":{"rendered":"https:\/\/ikimisli.tr\/?p=93805"},"modified":"2026-01-25T00:12:06","modified_gmt":"2026-01-25T00:12:06","slug":"5-1-buyuklugundeki-deprem-sonrasi-prof-sozbilirden-onemli-uyari","status":"publish","type":"post","link":"https:\/\/ikimisli.tr\/index.php\/2026\/01\/25\/5-1-buyuklugundeki-deprem-sonrasi-prof-sozbilirden-onemli-uyari\/","title":{"rendered":"5.1 b\u00fcy\u00fckl\u00fc\u011f\u00fcndeki deprem sonras\u0131 Prof. S\u00f6zbilir&#8217;den \u00f6nemli uyar\u0131"},"content":{"rendered":"<p>Dokuz Eyl\u00fcl \u00dcniversitesi (DE\u00dc) Sars\u0131nt\u0131 Ara\u015ft\u0131rma ve Uygulama Merkezi M\u00fcd\u00fcr\u00fc Prof. Dr. Hasan S\u00f6zbilir, Bal\u0131kesir&#8217;in S\u0131nd\u0131rg\u0131 il\u00e7esinde meydana gelen 5,1 b\u00fcy\u00fckl\u00fc\u011f\u00fcndeki zelzeleye ait, &#8220;Her \u00fc\u00e7 sars\u0131nt\u0131da de ana \u015foklar\u0131n, b\u00f6lgedeki g\u00fcnl\u00fck sars\u0131nt\u0131 say\u0131s\u0131 ile sars\u0131nt\u0131 b\u00fcy\u00fckl\u00fc\u011f\u00fcn\u00fcn en aza indi\u011fi periyotlarda meydana geldi\u011fi saptanm\u0131\u015ft\u0131r.&#8221; s\u00f6zlerini kulland\u0131.<\/p>\n<p>Ayn\u0131 vakitte Afet ve Acil Durum \u0130daresi Ba\u015fkanl\u0131\u011f\u0131 (AFAD) Deprem Bilim Kurulu \u00dcyesi olan S\u00f6zbilir, yapt\u0131\u011f\u0131 yaz\u0131l\u0131 a\u00e7\u0131klamada, 10 A\u011fustos ve 27 Ekim 2025 tarihlerinde meydana gelen zelzelelerle birlikte b\u00f6lgede art\u00e7\u0131 zelzele say\u0131s\u0131n\u0131n 25 bini a\u015ft\u0131\u011f\u0131n\u0131 belirtti.<\/p>\n<p><b>&#8220;AKT\u0130F B\u0130R S\u0130SM\u0130K KAYNA\u011eIN HAR\u0130TALANDI\u011eINI KAYDETT\u0130&#8221;<\/b><\/p>\n<p>S\u00f6zbilir, 10 A\u011fustos&#8217;tan bu yana S\u0131nd\u0131rg\u0131&#8217;daki zelzele aktivitesini AFAD istasyonlar\u0131n\u0131 kullanarak saniye saniye izlediklerini s\u00f6z ederek, her iki zelzelenin akabinde alanda yap\u0131lan \u00e7al\u0131\u015fmalarla S\u0131nd\u0131rg\u0131&#8217;n\u0131n g\u00fcneyindeki da\u011fl\u0131k kesimde, yakla\u015f\u0131k 40 kilometre uzunlu\u011fa ula\u015fan ve Emendere Fay Zonu ismi verilen \u00e7ok segmentli etkin bir sismik kayna\u011f\u0131n haritaland\u0131\u011f\u0131n\u0131 kaydetti.<\/p>\n<p>\u0130lk zelzelede bu fay\u0131n en bat\u0131daki segmentinin k\u0131r\u0131ld\u0131\u011f\u0131n\u0131 ve art\u00e7\u0131 zelzele aktivitesinin g\u00fcneydo\u011fuya ger\u00e7ek g\u00f6\u00e7 etti\u011fini saptad\u0131klar\u0131n\u0131 aktaran S\u00f6zbilir, &#8220;Nitekim 27 Ekim\u2019de 6,1 b\u00fcy\u00fckl\u00fc\u011f\u00fcnde ikinci bir ana \u015fok ya\u015fanm\u0131\u015ft\u0131. Lakin bu ana \u015foktan sonra da art\u00e7\u0131 zelzele aktivitesinin devam etti\u011fini ve gerilim birikiminin g\u00fcneydo\u011fudaki \u00fc\u00e7\u00fcnc\u00fc segmente ger\u00e7ek a\u011f\u0131rla\u015ft\u0131\u011f\u0131n\u0131 belirlemi\u015ftik.&#8221; s\u00f6zlerine yer verdi.<\/p>\n<p><img decoding=\"async\" src=\"https:\/\/ikimisli.tr\/wp-content\/uploads\/2026\/01\/51-buyuklugundeki-deprem-sonrasi-prof-sozbilirden-onemli-uyari-0-ZIS7zsLs.jpg\"\/><\/p>\n<p><b>&#8220;BU SARSINTININ YAKLA\u015eMAKTA OLDU\u011eUNU G\u00d6STERD\u0130&#8221;<\/b><\/p>\n<p>S\u00f6zbilir, bug\u00fcn saat 00.24&#8217;te meydana gelen 5,1 b\u00fcy\u00fckl\u00fc\u011f\u00fcndeki sars\u0131nt\u0131n\u0131n, daha evvel haritalanan fay zonunun en do\u011fudaki segmentinde ger\u00e7ekle\u015fti\u011fini, \u015fimdiye kadar yap\u0131lan sismolojik tahliller, jeodezik \u00e7al\u0131\u015fmalar ve gerilim tahlillerinin bu zelzelenin yakla\u015fmakta oldu\u011funu g\u00f6sterdi\u011fini bildirdi.<\/p>\n<p><strong>HALKA UYARI<\/strong><\/p>\n<p>Son 5 ay boyunca S\u0131nd\u0131rg\u0131 etraf\u0131nda zelzele aktivitesinin \u00e7ok say\u0131da zelzele f\u0131rt\u0131nas\u0131, zelzele dizisi ve zelzele s\u00fcr\u00fcs\u00fc bi\u00e7iminde s\u00fcrd\u00fc\u011f\u00fcn\u00fc hat\u0131rlatan S\u00f6zbilir, \u015funlar\u0131 kaydetti:<\/p>\n<p>&#8220;\u0130kinci ana \u015foktan sonra yeniden benzeri b\u00fcy\u00fckl\u00fckte bir zelzele bekliyorduk lakin 5,1 b\u00fcy\u00fckl\u00fc\u011f\u00fcnde bir zelzele meydana geldi. Bu etaptan sonra zelzele f\u0131rt\u0131nas\u0131 bi\u00e7iminde kendini g\u00f6steren art\u00e7\u0131 sars\u0131nt\u0131 aktivitesinin s\u00fcrmesi beklenmektedir. Her \u00fc\u00e7 sars\u0131nt\u0131da de ana \u015foklar\u0131n, b\u00f6lgedeki g\u00fcnl\u00fck zelzele say\u0131s\u0131 ile zelzele b\u00fcy\u00fckl\u00fc\u011f\u00fcn\u00fcn en aza indi\u011fi devirlerde meydana geldi\u011fi saptanm\u0131\u015ft\u0131r. S\u0131nd\u0131rg\u0131 halk\u0131n\u0131n resmi yetkililerden gelen a\u00e7\u0131klamalar do\u011frultusunda hareket etmesi ve hasarl\u0131 binalara girmemesi de\u011fer arz etmektedir.&#8221;<\/p>\n","protected":false},"excerpt":{"rendered":"<p>Korkutan sars\u0131nt\u0131 sonras\u0131 a\u00e7\u0131klama yapan  Prof. Dr. Hasan S\u00f6zbilir, &#8220;Bu evreden sonra zelzele f\u0131rt\u0131nas\u0131 bi\u00e7iminde kendini g\u00f6steren art\u00e7\u0131 zelzele aktivitesinin s\u00fcrmesi beklenmektedir. S\u0131nd\u0131rg\u0131 halk\u0131n\u0131n resmi yetkililerden gelen a\u00e7\u0131klamalar do\u011frultusunda hareket etmesi ve hasarl\u0131 binalara girmemesi k\u0131ymet arz etmektedir.&#8221; dedi.<\/p>\n","protected":false},"author":1,"featured_media":93806,"comment_status":"open","ping_status":"open","sticky":false,"template":"","format":"standard","meta":{"footnotes":""},"categories":[25],"tags":[285,4984,8281,7290],"class_list":["post-93805","post","type-post","status-publish","format-standard","has-post-thumbnail","hentry","category-gundem","tag-deprem","tag-meydana","tag-sindirgi","tag-sozbilir"],"_links":{"self":[{"href":"https:\/\/ikimisli.tr\/index.php\/wp-json\/wp\/v2\/posts\/93805","targetHints":{"allow":["GET"]}}],"collection":[{"href":"https:\/\/ikimisli.tr\/index.php\/wp-json\/wp\/v2\/posts"}],"about":[{"href":"https:\/\/ikimisli.tr\/index.php\/wp-json\/wp\/v2\/types\/post"}],"author":[{"embeddable":true,"href":"https:\/\/ikimisli.tr\/index.php\/wp-json\/wp\/v2\/users\/1"}],"replies":[{"embeddable":true,"href":"https:\/\/ikimisli.tr\/index.php\/wp-json\/wp\/v2\/comments?post=93805"}],"version-history":[{"count":1,"href":"https:\/\/ikimisli.tr\/index.php\/wp-json\/wp\/v2\/posts\/93805\/revisions"}],"predecessor-version":[{"id":93808,"href":"https:\/\/ikimisli.tr\/index.php\/wp-json\/wp\/v2\/posts\/93805\/revisions\/93808"}],"wp:featuredmedia":[{"embeddable":true,"href":"https:\/\/ikimisli.tr\/index.php\/wp-json\/wp\/v2\/media\/93806"}],"wp:attachment":[{"href":"https:\/\/ikimisli.tr\/index.php\/wp-json\/wp\/v2\/media?parent=93805"}],"wp:term":[{"taxonomy":"category","embeddable":true,"href":"https:\/\/ikimisli.tr\/index.php\/wp-json\/wp\/v2\/categories?post=93805"},{"taxonomy":"post_tag","embeddable":true,"href":"https:\/\/ikimisli.tr\/index.php\/wp-json\/wp\/v2\/tags?post=93805"}],"curies":[{"name":"wp","href":"https:\/\/api.w.org\/{rel}","templated":true}]}}