{"id":93824,"date":"2026-01-25T01:24:06","date_gmt":"2026-01-25T01:24:06","guid":{"rendered":"https:\/\/ikimisli.tr\/?p=93824"},"modified":"2026-01-25T01:24:06","modified_gmt":"2026-01-25T01:24:06","slug":"ahmet-ercandan-sindirgidaki-deprem-sonrasi-dikkat-ceken-aciklama","status":"publish","type":"post","link":"https:\/\/ikimisli.tr\/index.php\/2026\/01\/25\/ahmet-ercandan-sindirgidaki-deprem-sonrasi-dikkat-ceken-aciklama\/","title":{"rendered":"Ahmet Ercan&#8217;dan S\u0131nd\u0131rg\u0131&#8217;daki deprem sonras\u0131 dikkat \u00e7eken a\u00e7\u0131klama"},"content":{"rendered":"<p>A\u011fustos 2025&#8217;te 6,2 b\u00fcy\u00fckl\u00fc\u011f\u00fcnde sars\u0131nt\u0131 ya\u015fanan <strong>Bal\u0131kesir&#8217;in S\u0131nd\u0131rg\u0131 il\u00e7esinde gece yar\u0131s\u0131 korkutan bir sars\u0131nt\u0131 <\/strong>daha meydana geldi.<\/p>\n<p>Afet ve Acil Durum \u0130daresi Ba\u015fkanl\u0131\u011f\u0131 (AFAD) datalar\u0131na nazaran, saat 00.24&#8217;te merkez \u00fcss\u00fc S\u0131nd\u0131rg\u0131 il\u00e7esi olan <strong>depremin b\u00fcy\u00fckl\u00fc\u011f\u00fc 5,1 olarak \u00f6l\u00e7\u00fcld\u00fc<\/strong>.<\/p>\n<p>Sars\u0131nt\u0131n\u0131n <strong>derinli\u011fi ise 11,04 kilometre<\/strong> olarak kaydedildi.<\/p>\n<p><img decoding=\"async\" src=\"https:\/\/ikimisli.tr\/wp-content\/uploads\/2026\/01\/ahmet-ercandan-sindirgidaki-deprem-sonrasi-dikkat-ceken-aciklama-0-TmNnJf79.png\"\/><\/p>\n<p>Deprem, ba\u015fta \u0130stanbul olmak \u00fczere \u0130zmir, Bursa, Ayd\u0131n, Manisa ve ba\u015fka etraf vilayetlerden de hissedildi.<\/p>\n<p>\u0130lk belirlemelere nazaran can ya da mal kayb\u0131 ya\u015fanmad\u0131\u011f\u0131 bildirildi.<\/p>\n<p><b>\u2018GERG\u0130NL\u0130K G\u00dcNEYDO\u011eUYA KAYIYOR\u2019<\/b><\/p>\n<p>S\u0131nd\u0131rg\u0131\u2019da s\u00fcren zelzele hareketlili\u011fi yurtta\u015flarda tasa yarat\u0131rken, zelzele uzmanlar\u0131ndan arka arda a\u00e7\u0131klamalar geldi.<\/p>\n<p>Jeofizik Y\u00fcksek M\u00fchendisi Prof. Dr. \u00d6vg\u00fcn Ahmet Ercan, S\u0131nd\u0131rg\u0131\u2019daki sismik hareketlili\u011fe ait k\u0131ymetli ikazlarda bulundu. Toplumsal medya hesab\u0131ndan a\u00e7\u0131klama yapan Ercan, ya\u015fanan sars\u0131nt\u0131y\u0131 \u201cS\u0131nd\u0131rg\u0131\u2019da s\u00fcren zelzele kas\u0131rgas\u0131n\u0131n \u00fcretti\u011fi bir art\u00e7\u0131\u201d olarak k\u0131ymetlendirdi.<\/p>\n<p>Ercan, art\u00e7\u0131lar\u0131n bir m\u00fcddet daha devam edece\u011fini belirterek, beklenen zelzelelerin 4.5 b\u00fcy\u00fckl\u00fc\u011f\u00fcn\u00fc a\u015fmas\u0131n\u0131n \u00f6ng\u00f6r\u00fclmedi\u011fini s\u00f6yledi.<\/p>\n<p>Yer kabu\u011fundaki tabloyu \u201c\u015fa\u015f\u0131rt\u0131c\u0131 derecede gergin\u201d olarak nitelendiren Ercan, sismik gerilimin istikamet de\u011fi\u015ftirdi\u011fine dikkat \u00e7ekti.<\/p>\n<p>\u201cGerginlik g\u00fcneydo\u011fuya kay\u0131yor\u201d diyen Ercan, b\u00f6lgedeki risk da\u011f\u0131l\u0131m\u0131n\u0131n de\u011fi\u015fti\u011fini vurgulad\u0131.<\/p>\n<p><b>T\u00dcYS\u00dcZ: 1 HAFTA KADAR DAHA HAREKETL\u0130L\u0130K BEKLENEB\u0130L\u0130R<\/b><\/p>\n<p>S\u0131nd\u0131rg\u0131 merkezli sars\u0131nt\u0131n\u0131n akabinde konu\u015fan Jeoloji Y\u00fcksek M\u00fchendisi Prof. Dr. Okan T\u00fcys\u00fcz, &#8220;Bu sars\u0131nt\u0131lar\u0131n ar\u0131ndan 4 b\u00fcy\u00fckl\u00fc\u011f\u00fcnde sars\u0131nt\u0131lar\u0131n gelmesi ola\u011fan. Ne kadar m\u00fcddet boyunca s\u00fcrer bu art\u00e7\u0131 zelzeleler bunu s\u00f6ylemek g\u00fc\u00e7. A\u011fustos&#8217;tan beri neredeyse alt\u0131 ayl\u0131k m\u00fcddettir devam eden bir s\u00fcre\u00e7 var. Ne kadar s\u00fcrer belirtmek g\u00fc\u00e7 ancak bir hafta kadar daha hareketlilik beklenebilir&#8221; tabirlerini kulland\u0131.<\/p>\n","protected":false},"excerpt":{"rendered":"<p>Bal\u0131kesir\u2019in S\u0131nd\u0131rg\u0131 il\u00e7esinde meydana gelen 5.2 b\u00fcy\u00fckl\u00fc\u011f\u00fcndeki zelzelenin akabinde Prof. Dr. Ahmet Ercan\u2019dan \u00e7arp\u0131c\u0131 bir a\u00e7\u0131klama geldi. B\u00f6lgedeki sismik hareketlili\u011fin beklenmedik oldu\u011funu belirten Ercan, yer kabu\u011fundaki tansiyonun istikamet de\u011fi\u015ftirdi\u011fini s\u00f6yledi.<\/p>\n","protected":false},"author":1,"featured_media":93825,"comment_status":"open","ping_status":"open","sticky":false,"template":"","format":"standard","meta":{"footnotes":""},"categories":[25],"tags":[285,3869,8281,193],"class_list":["post-93824","post","type-post","status-publish","format-standard","has-post-thumbnail","hentry","category-gundem","tag-deprem","tag-ercan","tag-sindirgi","tag-sure"],"_links":{"self":[{"href":"https:\/\/ikimisli.tr\/index.php\/wp-json\/wp\/v2\/posts\/93824","targetHints":{"allow":["GET"]}}],"collection":[{"href":"https:\/\/ikimisli.tr\/index.php\/wp-json\/wp\/v2\/posts"}],"about":[{"href":"https:\/\/ikimisli.tr\/index.php\/wp-json\/wp\/v2\/types\/post"}],"author":[{"embeddable":true,"href":"https:\/\/ikimisli.tr\/index.php\/wp-json\/wp\/v2\/users\/1"}],"replies":[{"embeddable":true,"href":"https:\/\/ikimisli.tr\/index.php\/wp-json\/wp\/v2\/comments?post=93824"}],"version-history":[{"count":1,"href":"https:\/\/ikimisli.tr\/index.php\/wp-json\/wp\/v2\/posts\/93824\/revisions"}],"predecessor-version":[{"id":93827,"href":"https:\/\/ikimisli.tr\/index.php\/wp-json\/wp\/v2\/posts\/93824\/revisions\/93827"}],"wp:featuredmedia":[{"embeddable":true,"href":"https:\/\/ikimisli.tr\/index.php\/wp-json\/wp\/v2\/media\/93825"}],"wp:attachment":[{"href":"https:\/\/ikimisli.tr\/index.php\/wp-json\/wp\/v2\/media?parent=93824"}],"wp:term":[{"taxonomy":"category","embeddable":true,"href":"https:\/\/ikimisli.tr\/index.php\/wp-json\/wp\/v2\/categories?post=93824"},{"taxonomy":"post_tag","embeddable":true,"href":"https:\/\/ikimisli.tr\/index.php\/wp-json\/wp\/v2\/tags?post=93824"}],"curies":[{"name":"wp","href":"https:\/\/api.w.org\/{rel}","templated":true}]}}