{"id":93973,"date":"2026-01-25T10:12:05","date_gmt":"2026-01-25T10:12:05","guid":{"rendered":"https:\/\/ikimisli.tr\/?p=93973"},"modified":"2026-01-25T10:12:05","modified_gmt":"2026-01-25T10:12:05","slug":"dilek-imamoglu-bu-haksizliga-boyun-egmeyecegiz","status":"publish","type":"post","link":"https:\/\/ikimisli.tr\/index.php\/2026\/01\/25\/dilek-imamoglu-bu-haksizliga-boyun-egmeyecegiz\/","title":{"rendered":"Dilek \u0130mamo\u011flu: Bu haks\u0131zl\u0131\u011fa boyun e\u011fmeyece\u011fiz"},"content":{"rendered":"<p>Silivri Cezaevi&#8217;nde tutuklu bulunan Ekrem \u0130mamo\u011flu&#8217;nun e\u015fDilek \u0130mamo\u011flu, e\u015finin \u00fcniversite diplomas\u0131n\u0131n iptaline kar\u015f\u0131 a\u00e7t\u0131\u011f\u0131 davan\u0131n reddedilmesine reaksiyon g\u00f6sterdi.<\/p>\n<p>Dilek \u0130mamo\u011flu, &#8220;Sevgili e\u015fim, \u0130stanbul B\u00fcy\u00fck\u015fehir Belediye Ba\u015fkan\u0131, Cumhurba\u015fkan\u0131 aday\u0131 Ekrem \u0130mamo\u011flu\u2019nun 35 y\u0131l evvel, hukuka uygun halde, emekleriyle ald\u0131\u011f\u0131 diplomas\u0131n\u0131n iptaline kar\u015f\u0131 a\u00e7t\u0131\u011f\u0131 davan\u0131n reddedilmesi, hukukla de\u011fil siyasi hesaplarla a\u00e7\u0131klanabilir. Sand\u0131kta kazan\u0131lan\u0131 engellemeye, susturmaya \u00e7al\u0131\u015f\u0131yor. Yeniden kazan\u0131lacak bir se\u00e7imi bu defa diploma \u00fczerinden, mahkeme kararlar\u0131yla saf d\u0131\u015f\u0131 b\u0131rakmaya \u00e7al\u0131\u015f\u0131yorlar. Bu yap\u0131lan, bir \u015fahsa de\u011fil; halk\u0131n iradesine y\u00f6nelmi\u015f \u015fuurlu bir m\u00fcdahaledir.&#8221; s\u00f6z\u00fcn\u00fc kulland\u0131.<\/p>\n<p>Dilek \u0130mamo\u011flu \u015fu tabirleri kulland\u0131:\u00a0<\/p>\n<p>Ama \u015funu herkes bilmeli: Halk\u0131n iradesi ne kararlarla bast\u0131r\u0131l\u0131r ne de belgelerle yok say\u0131l\u0131r. Ekrem \u0130mamo\u011flu\u2019nu, halk\u0131n iradesini, hukuku ve demokrasiyi engelleyemeyeceksiniz.<\/p>\n<p>Bu haks\u0131zl\u0131\u011fa boyun e\u011fmeyece\u011fiz. Demokrasiye, adalete ve bu \u00fclkenin gelece\u011fine sahip \u00e7\u0131kmaya devam edece\u011fiz. Siz hak yedik\u00e7e, engellemeye \u00e7al\u0131\u015ft\u0131k\u00e7a milletimiz iradesine daha \u00e7ok sahip \u00e7\u0131kacak. Her \u015fey \u00e7ok ho\u015f olacak.<\/p>\n","protected":false},"excerpt":{"rendered":"<p>Dilek \u0130mamo\u011flu, &#8220;Bu bir yarg\u0131 karar\u0131 de\u011fil, a\u00e7\u0131k bir engelleme te\u015febb\u00fcs\u00fcd\u00fcr.&#8221; dedi.<\/p>\n","protected":false},"author":1,"featured_media":93974,"comment_status":"open","ping_status":"open","sticky":false,"template":"","format":"standard","meta":{"footnotes":""},"categories":[25],"tags":[2115],"class_list":["post-93973","post","type-post","status-publish","format-standard","has-post-thumbnail","hentry","category-gundem","tag-imamoglu"],"_links":{"self":[{"href":"https:\/\/ikimisli.tr\/index.php\/wp-json\/wp\/v2\/posts\/93973","targetHints":{"allow":["GET"]}}],"collection":[{"href":"https:\/\/ikimisli.tr\/index.php\/wp-json\/wp\/v2\/posts"}],"about":[{"href":"https:\/\/ikimisli.tr\/index.php\/wp-json\/wp\/v2\/types\/post"}],"author":[{"embeddable":true,"href":"https:\/\/ikimisli.tr\/index.php\/wp-json\/wp\/v2\/users\/1"}],"replies":[{"embeddable":true,"href":"https:\/\/ikimisli.tr\/index.php\/wp-json\/wp\/v2\/comments?post=93973"}],"version-history":[{"count":1,"href":"https:\/\/ikimisli.tr\/index.php\/wp-json\/wp\/v2\/posts\/93973\/revisions"}],"predecessor-version":[{"id":93975,"href":"https:\/\/ikimisli.tr\/index.php\/wp-json\/wp\/v2\/posts\/93973\/revisions\/93975"}],"wp:featuredmedia":[{"embeddable":true,"href":"https:\/\/ikimisli.tr\/index.php\/wp-json\/wp\/v2\/media\/93974"}],"wp:attachment":[{"href":"https:\/\/ikimisli.tr\/index.php\/wp-json\/wp\/v2\/media?parent=93973"}],"wp:term":[{"taxonomy":"category","embeddable":true,"href":"https:\/\/ikimisli.tr\/index.php\/wp-json\/wp\/v2\/categories?post=93973"},{"taxonomy":"post_tag","embeddable":true,"href":"https:\/\/ikimisli.tr\/index.php\/wp-json\/wp\/v2\/tags?post=93973"}],"curies":[{"name":"wp","href":"https:\/\/api.w.org\/{rel}","templated":true}]}}