{"id":94023,"date":"2026-01-25T13:12:06","date_gmt":"2026-01-25T13:12:06","guid":{"rendered":"https:\/\/ikimisli.tr\/?p=94023"},"modified":"2026-01-25T13:12:06","modified_gmt":"2026-01-25T13:12:06","slug":"meric-ve-tunca-nehirlerinde-debi-yagislarla-yukseldi","status":"publish","type":"post","link":"https:\/\/ikimisli.tr\/index.php\/2026\/01\/25\/meric-ve-tunca-nehirlerinde-debi-yagislarla-yukseldi\/","title":{"rendered":"Meri\u00e7 ve Tunca nehirlerinde debi ya\u011f\u0131\u015flarla y\u00fckseldi"},"content":{"rendered":"<p>Yaz aylar\u0131nda kurakl\u0131k nedeniyle taban d\u00fczeylerde akan \u0131rmaklar, b\u00f6lgedeki ya\u011f\u0131\u015flarla tekrar canland\u0131.<\/p>\n<p>Ocak ay\u0131 ba\u015f\u0131nda saniyede yakla\u015f\u0131k 170 metrek\u00fcp d\u00fczeylerinde akan Meri\u00e7&#8217;in debisi, sa\u011fanaklar\u0131n akabinde 257 metrek\u00fcpe ula\u015ft\u0131.<\/p>\n<p>Tunca Irma\u011f\u0131&#8217;nda ise debi yakla\u015f\u0131k iki kat artarak 4 metrek\u00fcp\/saniyeden 7 metrek\u00fcp\/saniyeye \u00e7\u0131kt\u0131.<\/p>\n<p>Nehir yataklar\u0131nda kurak periyotlarda olu\u015fan kum adac\u0131klar\u0131 da su d\u00fczeyinin y\u00fckselmesiyle g\u00f6zden kayboldu.<\/p>\n<p>Meri\u00e7 Irma\u011f\u0131 kenar\u0131ndaki i\u015fletmecilerden Can Pekba\u015f, ya\u011fmur ve kar ya\u011f\u0131\u015flar\u0131n\u0131n \u0131rmaklar\u0131 doldurdu\u011funu s\u00f6yledi.<\/p>\n<p>Yaz aylar\u0131ndaki kurakl\u0131\u011f\u0131n tesirinin ortadan kalkt\u0131\u011f\u0131n\u0131 belirten Pekba\u015f, &#8220;Son periyottaki ya\u011f\u0131\u015flar herkesi sevindirdi. Irmak, ya\u011f\u0131\u015flarla birlikte eskisi \u00fczere co\u015fkulu halde akmaya ba\u015flad\u0131. Ya\u011f\u0131\u015flar hem yaz\u0131n ya\u015fanabilecek kurakl\u0131\u011f\u0131n \u00f6n\u00fcne ge\u00e7ti hem de zira\u00ee \u00fcretime katk\u0131 sa\u011flad\u0131.&#8221; s\u00f6zlerini kulland\u0131.<\/p>\n","protected":false},"excerpt":{"rendered":"<p>Meri\u00e7 ve Tunca \u0131rmaklar\u0131n\u0131n debisi, Edirne ile \u0131rmaklar\u0131n kayna\u011f\u0131n\u0131 ald\u0131\u011f\u0131 Bulgaristan&#8217;da son devirde tesirli olan kar ve sa\u011fanak ya\u011f\u0131\u015flar\u0131n akabinde y\u00fckseldi.<\/p>\n","protected":false},"author":1,"featured_media":94024,"comment_status":"open","ping_status":"open","sticky":false,"template":"","format":"standard","meta":{"footnotes":""},"categories":[25],"tags":[9793],"class_list":["post-94023","post","type-post","status-publish","format-standard","has-post-thumbnail","hentry","category-gundem","tag-yagislar"],"_links":{"self":[{"href":"https:\/\/ikimisli.tr\/index.php\/wp-json\/wp\/v2\/posts\/94023","targetHints":{"allow":["GET"]}}],"collection":[{"href":"https:\/\/ikimisli.tr\/index.php\/wp-json\/wp\/v2\/posts"}],"about":[{"href":"https:\/\/ikimisli.tr\/index.php\/wp-json\/wp\/v2\/types\/post"}],"author":[{"embeddable":true,"href":"https:\/\/ikimisli.tr\/index.php\/wp-json\/wp\/v2\/users\/1"}],"replies":[{"embeddable":true,"href":"https:\/\/ikimisli.tr\/index.php\/wp-json\/wp\/v2\/comments?post=94023"}],"version-history":[{"count":1,"href":"https:\/\/ikimisli.tr\/index.php\/wp-json\/wp\/v2\/posts\/94023\/revisions"}],"predecessor-version":[{"id":94025,"href":"https:\/\/ikimisli.tr\/index.php\/wp-json\/wp\/v2\/posts\/94023\/revisions\/94025"}],"wp:featuredmedia":[{"embeddable":true,"href":"https:\/\/ikimisli.tr\/index.php\/wp-json\/wp\/v2\/media\/94024"}],"wp:attachment":[{"href":"https:\/\/ikimisli.tr\/index.php\/wp-json\/wp\/v2\/media?parent=94023"}],"wp:term":[{"taxonomy":"category","embeddable":true,"href":"https:\/\/ikimisli.tr\/index.php\/wp-json\/wp\/v2\/categories?post=94023"},{"taxonomy":"post_tag","embeddable":true,"href":"https:\/\/ikimisli.tr\/index.php\/wp-json\/wp\/v2\/tags?post=94023"}],"curies":[{"name":"wp","href":"https:\/\/api.w.org\/{rel}","templated":true}]}}