{"id":94089,"date":"2026-01-25T17:00:06","date_gmt":"2026-01-25T17:00:06","guid":{"rendered":"https:\/\/ikimisli.tr\/?p=94089"},"modified":"2026-01-25T17:00:06","modified_gmt":"2026-01-25T17:00:06","slug":"dem-partinin-istanbul-yuruyusune-polis-mudahalesi","status":"publish","type":"post","link":"https:\/\/ikimisli.tr\/index.php\/2026\/01\/25\/dem-partinin-istanbul-yuruyusune-polis-mudahalesi\/","title":{"rendered":"DEM Parti&#8217;nin \u0130stanbul y\u00fcr\u00fcy\u00fc\u015f\u00fcne polis m\u00fcdahalesi"},"content":{"rendered":"<p>Suriye&#8217;nin kuzeyinde ya\u015fanan geli\u015fmelerle ilgili Aksaray&#8217;dan Sara\u00e7hane&#8217;ye y\u00fcr\u00fcy\u00fc\u015f ger\u00e7ekle\u015ftirmek isteyen DEM Parti \u0130stanbul Vilayet \u00d6rg\u00fct\u00fc polisin manisi ve m\u00fcdahalesiyle kar\u015f\u0131la\u015ft\u0131. Engellemelere kar\u015f\u0131n y\u00fcr\u00fcmek isteyenlere polis vakit zaman biber gaz\u0131 ve gaz fi\u015fe\u011fi ile m\u00fcdahalede bulundu. G\u00f6zalt\u0131na al\u0131nanlar ve yaralananlar oldu.<\/p>\n<p><img decoding=\"async\" src=\"https:\/\/ikimisli.tr\/wp-content\/uploads\/2026\/01\/dem-partinin-istanbul-yuruyusune-polis-mudahalesi-0-7EPRGPzF.jpg\"\/><\/p>\n<p>Suriye&#8217;nin kuzeyinde ya\u015fanan geli\u015fmeleri protesto etmek i\u00e7in saat 15.00 s\u0131ralar\u0131nda Halklar\u0131n E\u015fitlik ve Demokrasi Partisi (DEM Parti), Halklar\u0131n Demokratik Kongresi (HDK) ve Demokratik Kurumlar Platformu\u2019nun davetiyle Aksaray Meydan\u0131\u2019nda toplanan k\u00fcmeler Sara\u00e7hane&#8217;ye y\u00fcr\u00fcy\u00fc\u015f ger\u00e7ekle\u015ftirmek istedi. Fakat polis mahzur oldu. Bunun \u00fczerine ayk\u0131r\u0131 istikamette ve orta sokaklarda y\u00fcr\u00fcy\u00fc\u015flerine devam eden kalabal\u0131\u011fa polis vakit zaman biber gaz\u0131 ve gaz fi\u015fe\u011fi kullanarak m\u00fcdahale etti. M\u00fcdahale s\u0131ras\u0131nda gazeteciler de vakit zaman gaye oldu.<\/p>\n<p>Aralar\u0131nda DEM Parti milletvekilleri Cengiz \u00c7i\u00e7ek, Burcug\u00fcl \u00c7ubuk, Celal F\u0131rat, DEM Parti \u0130stanbul \u0130l E\u015f Ba\u015fkan\u0131 Vedat \u00c7\u0131nar Altan&#8217;\u0131n da aralar\u0131nda oldu\u011fu parti y\u00f6neticileri de m\u00fcdahalelerden etkilendi. Yaralananlar, g\u00f6zalt\u0131na al\u0131nanlar oldu. Yaralananlar ortas\u0131nda bulunan milletvekili Celal F\u0131rat hastaneye kald\u0131r\u0131ld\u0131. Daha sonra Aksaray Metro dura\u011f\u0131 \u00f6n\u00fcnde toplanan DEM Partililer, I\u015e\u0130D aleyhine sloganlar atmaya devam etti. TOMA&#8217;l\u0131 ve \u00e7evik kuvvetli polis ablukas\u0131 alt\u0131nda bekleyi\u015f bir m\u00fcddet daha devam etti ve daha sonra da\u011f\u0131l\u0131m ger\u00e7ekle\u015fti.<\/p>\n<p><strong>DEM Parti: Vilayet E\u015f Liderimiz \u00c7\u0131nar Altan ve \u00e7ok say\u0131da arkada\u015f\u0131m\u0131z g\u00f6zalt\u0131na al\u0131nd\u0131<\/strong><\/p>\n<p>DEM Parti \u0130stanbul Vilayet Ba\u015fkanl\u0131\u011f\u0131 polis m\u00fcdahalesine ait \u015fu a\u00e7\u0131klamay\u0131 yapt\u0131:<\/p>\n<p>&#8211; Rojava&#8217;ya d\u00f6n\u00fck h\u00fccum ve katliamlara kar\u015f\u0131 alanlardayd\u0131k! Vilayet E\u015f Liderimiz \u00c7\u0131nar Altan ve \u00e7ok say\u0131da arkada\u015f\u0131m\u0131z g\u00f6zalt\u0131na al\u0131nd\u0131. Buna kar\u015f\u0131n t\u00fcm ablukalar\u0131 a\u015farak Aksaray Meydan\u0131&#8217;ndayd\u0131k. G\u00f6zalt\u0131lar, ak\u0131nlar ve ablukalar bizi susturamaz! Bu topraklarda zul\u00fcm kaybedecek, direni\u015f b\u00fcy\u00fcyecek. I\u015e\u0130D karanl\u0131\u011f\u0131na, i\u015fgal ve sava\u015f siyasetlerine sessiz kalmayaca\u011f\u0131z. Rojava d\u00fc\u015fmeyecek, I\u015e\u0130D yenilecek, direni\u015f kazanacak!<\/p>\n<p><strong>Ko\u00e7yi\u011fit-Temelli: Halklar\u0131n \u00f6m\u00fcr hakk\u0131n\u0131 ve \u00f6zg\u00fcr gelece\u011fini savunmak su\u00e7 de\u011fildir<\/strong><\/p>\n<p>DEM Parti K\u00fcme Ba\u015fkanvekilleri G\u00fclistan K\u0131l\u0131\u00e7 Ko\u00e7yi\u011fit ve Sezai Temelli de geli\u015fmeye ait &#8220;\u0130stanbul Aksaray\u2019da Rojava i\u00e7in yap\u0131lan bar\u0131\u015f\u00e7\u0131l y\u00fcr\u00fcy\u00fc\u015fe polis m\u00fcdahalesi ger\u00e7ekle\u015fmi\u015f, milletvekilimiz Celal F\u0131rat darp edilerek hastaneye kald\u0131r\u0131lm\u0131\u015ft\u0131r. Toplanma hakk\u0131na, g\u00fcnlerdir meydanlar\u0131 dolduran halk iradesine ve se\u00e7ilmi\u015flere y\u00f6nelen bu ak\u0131nlar\u0131 kabul etmiyoruz! Rojava\u2019da sivillerin \u00f6mr\u00fc tehdit alt\u0131ndayken, halklar\u0131n bar\u0131\u015f ve insanca hayat talebi y\u00fckselirken, T\u00fcrkiye\u2019de bu talebe ses verenlere y\u00f6nelik \u015fiddet demokratik toplum sistemiyle ba\u011fda\u015fmamaktad\u0131r. Halklar\u0131n hayat hakk\u0131n\u0131 ve \u00f6zg\u00fcr gelece\u011fini savunmak hata de\u011fildir. Bu m\u00fcdahalelerin siyasi ve idari sorumlular\u0131 derhal hesap vermelidir.&#8221; payla\u015f\u0131m\u0131n\u0131 yapt\u0131.<\/p>\n","protected":false},"excerpt":{"rendered":"<p>Suriye&#8217;nin kuzeyinde ya\u015fanan geli\u015fmelerle ilgili \u0130stanbul&#8217;da y\u00fcr\u00fcy\u00fc\u015f ger\u00e7ekle\u015ftirmek isteyen DEM Partililere polis gruplar\u0131 m\u00fcdahale etti.<\/p>\n","protected":false},"author":1,"featured_media":94090,"comment_status":"open","ping_status":"open","sticky":false,"template":"","format":"standard","meta":{"footnotes":""},"categories":[25],"tags":[9989,480,3207,269,118],"class_list":["post-94089","post","type-post","status-publish","format-standard","has-post-thumbnail","hentry","category-gundem","tag-aksaray","tag-dem-parti","tag-mudahale","tag-polis","tag-zaman"],"_links":{"self":[{"href":"https:\/\/ikimisli.tr\/index.php\/wp-json\/wp\/v2\/posts\/94089","targetHints":{"allow":["GET"]}}],"collection":[{"href":"https:\/\/ikimisli.tr\/index.php\/wp-json\/wp\/v2\/posts"}],"about":[{"href":"https:\/\/ikimisli.tr\/index.php\/wp-json\/wp\/v2\/types\/post"}],"author":[{"embeddable":true,"href":"https:\/\/ikimisli.tr\/index.php\/wp-json\/wp\/v2\/users\/1"}],"replies":[{"embeddable":true,"href":"https:\/\/ikimisli.tr\/index.php\/wp-json\/wp\/v2\/comments?post=94089"}],"version-history":[{"count":1,"href":"https:\/\/ikimisli.tr\/index.php\/wp-json\/wp\/v2\/posts\/94089\/revisions"}],"predecessor-version":[{"id":94092,"href":"https:\/\/ikimisli.tr\/index.php\/wp-json\/wp\/v2\/posts\/94089\/revisions\/94092"}],"wp:featuredmedia":[{"embeddable":true,"href":"https:\/\/ikimisli.tr\/index.php\/wp-json\/wp\/v2\/media\/94090"}],"wp:attachment":[{"href":"https:\/\/ikimisli.tr\/index.php\/wp-json\/wp\/v2\/media?parent=94089"}],"wp:term":[{"taxonomy":"category","embeddable":true,"href":"https:\/\/ikimisli.tr\/index.php\/wp-json\/wp\/v2\/categories?post=94089"},{"taxonomy":"post_tag","embeddable":true,"href":"https:\/\/ikimisli.tr\/index.php\/wp-json\/wp\/v2\/tags?post=94089"}],"curies":[{"name":"wp","href":"https:\/\/api.w.org\/{rel}","templated":true}]}}