{"id":94245,"date":"2026-01-26T00:12:05","date_gmt":"2026-01-26T00:12:05","guid":{"rendered":"https:\/\/ikimisli.tr\/?p=94245"},"modified":"2026-01-26T00:12:05","modified_gmt":"2026-01-26T00:12:05","slug":"ac-biraktiklari-emeklinin-tatil-kampini-bile-sattilar","status":"publish","type":"post","link":"https:\/\/ikimisli.tr\/index.php\/2026\/01\/26\/ac-biraktiklari-emeklinin-tatil-kampini-bile-sattilar\/","title":{"rendered":"A\u00e7 b\u0131rakt\u0131klar\u0131 emeklinin tatil kamp\u0131n\u0131 bile satt\u0131lar"},"content":{"rendered":"<p>Sosyal G\u00fcvenlik Kurumu\u2019nun (SGK) Ayd\u0131n\u2019\u0131n Ku\u015fadas\u0131 il\u00e7esindeki eski Emekli Sand\u0131\u011f\u0131\u2019na ili\u015fkin tatil kamp\u0131 Cumhurba\u015fkan\u0131 karar\u0131yla 1 milyar 648 milyon liraya \u00c7imstone \u0130n\u015faat isimli firmaya sat\u0131ld\u0131.  <br \/>Memur ve emeklileri y\u0131lda bir hafta da olsa denize s\u0131f\u0131r olan 45 bin metrekarelik bu kampta ucuza tatil yap\u0131yordu. Kamp\u0131n i\u00e7inde m\u00fcstakil bah\u00e7eli 15 mesken, 3 depo ve 1 yemekhane bulunuyordu. Palmiye ve \u00e7e\u015fitli a\u011fa\u00e7larla kapl\u0131 kamp\u0131n \u00f6n\u00fcnde emeklilerin denize girebilece\u011fi \u00f6zel plaj ile iskele de yer al\u0131yordu.<\/p>\n<p><strong>\u0130MARI DA DE\u011e\u0130\u015eT\u0130<\/strong><\/p>\n<p>\u0130ktidar kamp\u0131 satmak i\u00e7in evvel \u00f6zelle\u015ftirme kapsam\u0131na ald\u0131, akabinde imar\u0131n\u0131 de\u011fi\u015ftirdi, en sonunda da sat\u0131\u015f\u0131 tamamlad\u0131. Firma imar\u0131 de\u011fi\u015fen 46 d\u00f6n\u00fcml\u00fck devasa kamp\u0131 y\u0131k\u0131p isterse denize s\u0131f\u0131r l\u00fcks otel ve tesisler yapacak.<\/p>\n<p><img decoding=\"async\" src=\"https:\/\/ikimisli.tr\/wp-content\/uploads\/2026\/01\/ac-biraktiklari-emeklinin-tatil-kampini-bile-sattilar-0-qs5gw8XQ.jpg\"\/><\/p>\n<p>B\u00f6ylece y\u0131llarca emeklinin tatil yapt\u0131\u011f\u0131 alan art\u0131k yaln\u0131zca varl\u0131kl\u0131 kesitlerin kullanabilece\u011fi bir tatil alan\u0131na d\u00f6n\u00fc\u015fecek. SGK kamp\u0131n\u0131 alan firma \u0130zmir\u2019de DS\u0130 ve Hazine\u2019ye ili\u015fkin toplam 32 bin 613 metrekare denize s\u0131f\u0131r arsay\u0131 da 711 milyon 600 bin liraya sat\u0131n ald\u0131.<\/p>\n<p><b><span>Toplamda 218 bin metrekarelik arsa<\/span><\/b><\/p>\n<p>Emeklinin kamp alan\u0131n\u0131n sat\u0131ld\u0131\u011f\u0131n\u0131 ilan eden Cumhurba\u015fkan\u0131 karar\u0131yla ayr\u0131yeten Ankara G\u00f6lba\u015f\u0131, \u0130zmir Alia\u011fa, Bursa Nil\u00fcfer, Antalya Kalkan\u2019daki kamuya ili\u015fkin yerlerin imar\u0131n\u0131n de\u011fi\u015ftirilmesi i\u00e7in \u00d6zelle\u015ftirme \u0130daresi\u2019ne yetki verildi. Birebir karar ile Ankara, \u0130stanbul, Manisa, Ayd\u0131n, Burs ve Mu\u015f\u2019ta bulunan 10 kupon arsa da \u00f6zelle\u015ftirme kapsam ve program\u0131na al\u0131nd\u0131. \u00c7e\u015fitli vilayetlerdeki  birbirinden pahal\u0131 toplam 218 bin 685 metrekare kupon arsa 5 milyar 582 milyon liraya sat\u0131ld\u0131. <\/p>\n","protected":false},"excerpt":{"rendered":"<p>D\u00fc\u015f\u00fck maa\u015flarla a\u00e7l\u0131k ve yoksullu\u011fa mahkum edilen emekli, maa\u015f\u0131nda art\u0131\u015f beklerken elindeki tatil ve dinlenme kamp\u0131n\u0131 da kaybetti.<\/p>\n","protected":false},"author":1,"featured_media":94246,"comment_status":"open","ping_status":"open","sticky":false,"template":"","format":"standard","meta":{"footnotes":""},"categories":[24],"tags":[289,91,9994],"class_list":["post-94245","post","type-post","status-publish","format-standard","has-post-thumbnail","hentry","category-ekonomi","tag-arsa","tag-emekli","tag-kampi"],"_links":{"self":[{"href":"https:\/\/ikimisli.tr\/index.php\/wp-json\/wp\/v2\/posts\/94245","targetHints":{"allow":["GET"]}}],"collection":[{"href":"https:\/\/ikimisli.tr\/index.php\/wp-json\/wp\/v2\/posts"}],"about":[{"href":"https:\/\/ikimisli.tr\/index.php\/wp-json\/wp\/v2\/types\/post"}],"author":[{"embeddable":true,"href":"https:\/\/ikimisli.tr\/index.php\/wp-json\/wp\/v2\/users\/1"}],"replies":[{"embeddable":true,"href":"https:\/\/ikimisli.tr\/index.php\/wp-json\/wp\/v2\/comments?post=94245"}],"version-history":[{"count":1,"href":"https:\/\/ikimisli.tr\/index.php\/wp-json\/wp\/v2\/posts\/94245\/revisions"}],"predecessor-version":[{"id":94248,"href":"https:\/\/ikimisli.tr\/index.php\/wp-json\/wp\/v2\/posts\/94245\/revisions\/94248"}],"wp:featuredmedia":[{"embeddable":true,"href":"https:\/\/ikimisli.tr\/index.php\/wp-json\/wp\/v2\/media\/94246"}],"wp:attachment":[{"href":"https:\/\/ikimisli.tr\/index.php\/wp-json\/wp\/v2\/media?parent=94245"}],"wp:term":[{"taxonomy":"category","embeddable":true,"href":"https:\/\/ikimisli.tr\/index.php\/wp-json\/wp\/v2\/categories?post=94245"},{"taxonomy":"post_tag","embeddable":true,"href":"https:\/\/ikimisli.tr\/index.php\/wp-json\/wp\/v2\/tags?post=94245"}],"curies":[{"name":"wp","href":"https:\/\/api.w.org\/{rel}","templated":true}]}}