{"id":9425,"date":"2025-02-10T10:00:08","date_gmt":"2025-02-10T10:00:08","guid":{"rendered":"https:\/\/ikimisli.tr\/?p=9425"},"modified":"2025-02-10T10:00:08","modified_gmt":"2025-02-10T10:00:08","slug":"otomobille-carpisan-ambulans-devrildi-yaralilar-var","status":"publish","type":"post","link":"https:\/\/ikimisli.tr\/index.php\/2025\/02\/10\/otomobille-carpisan-ambulans-devrildi-yaralilar-var\/","title":{"rendered":"Otomobille \u00e7arp\u0131\u015fan ambulans devrildi! Yaral\u0131lar var"},"content":{"rendered":"<p>E.D. y\u00f6netimindeki 16 E 4287 plakal\u0131 araba, K\u00fctahya-Tav\u015fanl\u0131 Etraf Yolu Sanayi Kav\u015fa\u011f\u0131&#8217;nda, \u00c7avdarhisar il\u00e7esinden hasta sevki yapan V.H. idaresindeki 43 ACU 038 plakal\u0131 ambulansla \u00e7arp\u0131\u015ft\u0131.<\/p>\n<p>\u00c7arp\u0131\u015fman\u0131n tesiriyle ambulans savrularak devrildi. Kazan\u0131n 112 Acil Davet Merkezine bildirilmesi \u00fczerine b\u00f6lgeye s\u0131hhat ve polis tak\u0131mlar\u0131 sevk edildi.<\/p>\n<p>Kazada yaralanan araban\u0131n \u015fof\u00f6r\u00fc ve yan\u0131ndaki 3 ki\u015fi ile ambulanstaki hasta, s\u0131hhat gruplar\u0131nca K\u00fctahya Kent Hastanesi&#8217;ne kald\u0131r\u0131ld\u0131.<\/p>\n<p>Yaral\u0131lar\u0131n s\u0131hhat durumlar\u0131n\u0131n g\u00fczel oldu\u011fu \u00f6\u011frenildi.<\/p>\n","protected":false},"excerpt":{"rendered":"<p>K\u00fctahya&#8217;da araba ile hasta ta\u015f\u0131yan ambulans\u0131n \u00e7arp\u0131\u015fmas\u0131 sonucu 4 ki\u015fi yaraland\u0131.<\/p>\n","protected":false},"author":1,"featured_media":9426,"comment_status":"open","ping_status":"open","sticky":false,"template":"","format":"standard","meta":{"footnotes":""},"categories":[25],"tags":[],"class_list":["post-9425","post","type-post","status-publish","format-standard","has-post-thumbnail","hentry","category-gundem"],"_links":{"self":[{"href":"https:\/\/ikimisli.tr\/index.php\/wp-json\/wp\/v2\/posts\/9425","targetHints":{"allow":["GET"]}}],"collection":[{"href":"https:\/\/ikimisli.tr\/index.php\/wp-json\/wp\/v2\/posts"}],"about":[{"href":"https:\/\/ikimisli.tr\/index.php\/wp-json\/wp\/v2\/types\/post"}],"author":[{"embeddable":true,"href":"https:\/\/ikimisli.tr\/index.php\/wp-json\/wp\/v2\/users\/1"}],"replies":[{"embeddable":true,"href":"https:\/\/ikimisli.tr\/index.php\/wp-json\/wp\/v2\/comments?post=9425"}],"version-history":[{"count":1,"href":"https:\/\/ikimisli.tr\/index.php\/wp-json\/wp\/v2\/posts\/9425\/revisions"}],"predecessor-version":[{"id":9427,"href":"https:\/\/ikimisli.tr\/index.php\/wp-json\/wp\/v2\/posts\/9425\/revisions\/9427"}],"wp:featuredmedia":[{"embeddable":true,"href":"https:\/\/ikimisli.tr\/index.php\/wp-json\/wp\/v2\/media\/9426"}],"wp:attachment":[{"href":"https:\/\/ikimisli.tr\/index.php\/wp-json\/wp\/v2\/media?parent=9425"}],"wp:term":[{"taxonomy":"category","embeddable":true,"href":"https:\/\/ikimisli.tr\/index.php\/wp-json\/wp\/v2\/categories?post=9425"},{"taxonomy":"post_tag","embeddable":true,"href":"https:\/\/ikimisli.tr\/index.php\/wp-json\/wp\/v2\/tags?post=9425"}],"curies":[{"name":"wp","href":"https:\/\/api.w.org\/{rel}","templated":true}]}}