{"id":94351,"date":"2026-01-26T06:12:04","date_gmt":"2026-01-26T06:12:04","guid":{"rendered":"https:\/\/ikimisli.tr\/?p=94351"},"modified":"2026-01-26T06:12:04","modified_gmt":"2026-01-26T06:12:04","slug":"dev-gemi-sahneye-cikti-alarm-verildi-tum-gozler-o-noktada","status":"publish","type":"post","link":"https:\/\/ikimisli.tr\/index.php\/2026\/01\/26\/dev-gemi-sahneye-cikti-alarm-verildi-tum-gozler-o-noktada\/","title":{"rendered":"Dev gemi sahneye \u00e7\u0131kt\u0131 alarm verildi! T\u00fcm g\u00f6zler o noktada&#8230;"},"content":{"rendered":"<p>\u0130ran\u2019da 28 Aral\u0131k\u2019ta ba\u015flayan protestolar\u0131n akabinde Tahran idaresine y\u00f6nelik bask\u0131s\u0131n\u0131 art\u0131ran ABD, Basra K\u00f6rfezi etraf\u0131nda askeri konu\u015flanmaya s\u00fcrat verdi. Ge\u00e7ti\u011fimiz hafta \u00c7in Denizi\u2019nden hareket eden USS Abraham Lincoln u\u00e7ak gemisi ile ona e\u015flik eden iki destroyerin K\u00f6rfez\u2019e girmek \u00fczere oldu\u011fu bildirildi.<\/p>\n<p><b>ABD Donanmas\u0131n\u0131n \u201cVurucu G\u00fcc\u00fc\u201d Sahada<\/b><\/p>\n<p>Wall Street Journal\u2019\u0131n aktard\u0131\u011f\u0131 bilgilere nazaran, ABD ordusunun en tesirli \u00f6gelerinden biri olarak g\u00f6r\u00fclen u\u00e7ak gemisinde F-15 ve F-35 tipi sava\u015f u\u00e7aklar\u0131n\u0131n yan\u0131 s\u0131ra yakla\u015f\u0131k 1600 kilometre menzile sahip Tomahawk seyir f\u00fczeleri bulunuyor. U\u00e7ak gemisine e\u015flik eden sava\u015f gemilerinin ise hava, kara ve deniz ama\u00e7lar\u0131na kar\u015f\u0131 tam donan\u0131ml\u0131 oldu\u011fu tabir ediliyor.<\/p>\n<p>Haberde ayr\u0131yeten ABD\u2019nin son sevkiyatlarla birlikte Orta Do\u011fu\u2019da son sekiz ay\u0131n en geni\u015f askeri g\u00fcc\u00fcne ula\u015ft\u0131\u011f\u0131 vurguland\u0131. \u0130srail Yay\u0131n Kurulu KAN\u2019\u0131n aktard\u0131\u011f\u0131na nazaran, b\u00f6lgedeki Amerikan askeri varl\u0131\u011f\u0131, haziran ay\u0131nda \u0130ran\u2019a y\u00f6nelik d\u00fczenlenen ve 12 g\u00fcn s\u00fcren hava h\u00fccumlar\u0131 periyodundaki d\u00fczeyin de \u00fczerine \u00e7\u0131kt\u0131.<\/p>\n<p><b>CENTCOM Komutan\u0131\u2019ndan Tel Aviv\u2019e Kritik Ziyaret<\/b><\/p>\n<p>ABD Merkez Kuvvetler (CENTCOM) Kumandan\u0131 Orgeneral Brad Cooper, tansiyonun tepe yapt\u0131\u011f\u0131 g\u00fcnlerde \u0130srail\u2019in ba\u015f\u015fehri Tel Aviv\u2019e s\u00fcrpriz bir ziyaret ger\u00e7ekle\u015ftirdi. \u0130srail bas\u0131n\u0131, Cooper\u2019\u0131n Genelkurmay Ba\u015fkan\u0131 Herzi Halevi\u2019nin yerine vazifeye gelen Eyal Zamir ile \u0130srail Hava Kuvvetleri Kumandan\u0131 Tomer Bar\u2019\u0131n kat\u0131laca\u011f\u0131 \u00fc\u00e7l\u00fc bir g\u00fcvenlik toplant\u0131s\u0131 yapaca\u011f\u0131n\u0131 duyurdu.<\/p>\n<p>\u0130srail ordusu ise ge\u00e7ti\u011fimiz per\u015fembe g\u00fcn\u00fc yay\u0131mlad\u0131\u011f\u0131 a\u00e7\u0131klamada, hava kuvvetlerinin tam alarm durumunda oldu\u011funu ve geli\u015fmelerin yak\u0131ndan izlendi\u011fini bildirmi\u015fti.<\/p>\n<p><b>Havayollar\u0131ndan Pe\u015f Pe\u015fe Sefer \u0130ptalleri<\/b><\/p>\n<p>B\u00f6lgedeki gerginlik hava trafi\u011fini de direkt etkiledi. Lufthansa, British Airways, Air France ve KLM ba\u015fta olmak \u00fczere bir\u00e7ok b\u00fcy\u00fck havayolu \u015firketi \u0130srail, Birle\u015fik Arap Emirlikleri ve Suudi Arabistan\u2019a y\u00f6nelik u\u00e7u\u015flar\u0131n\u0131 iptal etti ya da s\u00fcreksiz olarak ask\u0131ya ald\u0131.<\/p>\n<p>Air France, Dubai ve Tel Aviv seferlerini durdurdu\u011funu a\u00e7\u0131klarken; British Airways Dubai u\u00e7u\u015flar\u0131n\u0131, KLM ise \u0130srail, Suudi Arabistan ve birtak\u0131m Avrupa \u00e7izgilerindeki planl\u0131 seferlerini iptal etti\u011fini duyurdu.<\/p>\n<p>\u0130talya merkezli ITA Airways de b\u00f6lgedeki g\u00fcvenlik riskleri nedeniyle \u0130srail\u2019e yap\u0131lan gece u\u00e7u\u015flar\u0131n\u0131n en az sal\u0131 g\u00fcn\u00fcne kadar ask\u0131ya al\u0131nd\u0131\u011f\u0131n\u0131 a\u00e7\u0131klad\u0131.<\/p>\n","protected":false},"excerpt":{"rendered":"<p>Washington ile Tahran aras\u0131ndaki tansiyon, ABD Ba\u015fkan\u0131 Donald Trump\u2019\u0131n Abraham Lincoln u\u00e7ak gemisinin Orta Do\u011fu\u2019ya y\u00f6nlendirildi\u011fini a\u00e7\u0131klamas\u0131yla yeni bir boyuta ta\u015f\u0131nd\u0131. B\u00f6lgedeki askeri hareketlilik artarken, bir\u00e7ok memleketler aras\u0131 havayolu \u015firketinin sefer iptalleri krizin tesirini sivil havac\u0131l\u0131\u011fa da yans\u0131tt\u0131.<\/p>\n","protected":false},"author":1,"featured_media":94352,"comment_status":"open","ping_status":"open","sticky":false,"template":"","format":"standard","meta":{"footnotes":""},"categories":[25],"tags":[82,2580,161,80],"class_list":["post-94351","post","type-post","status-publish","format-standard","has-post-thumbnail","hentry","category-gundem","tag-abd","tag-air","tag-hava","tag-israil"],"_links":{"self":[{"href":"https:\/\/ikimisli.tr\/index.php\/wp-json\/wp\/v2\/posts\/94351","targetHints":{"allow":["GET"]}}],"collection":[{"href":"https:\/\/ikimisli.tr\/index.php\/wp-json\/wp\/v2\/posts"}],"about":[{"href":"https:\/\/ikimisli.tr\/index.php\/wp-json\/wp\/v2\/types\/post"}],"author":[{"embeddable":true,"href":"https:\/\/ikimisli.tr\/index.php\/wp-json\/wp\/v2\/users\/1"}],"replies":[{"embeddable":true,"href":"https:\/\/ikimisli.tr\/index.php\/wp-json\/wp\/v2\/comments?post=94351"}],"version-history":[{"count":1,"href":"https:\/\/ikimisli.tr\/index.php\/wp-json\/wp\/v2\/posts\/94351\/revisions"}],"predecessor-version":[{"id":94353,"href":"https:\/\/ikimisli.tr\/index.php\/wp-json\/wp\/v2\/posts\/94351\/revisions\/94353"}],"wp:featuredmedia":[{"embeddable":true,"href":"https:\/\/ikimisli.tr\/index.php\/wp-json\/wp\/v2\/media\/94352"}],"wp:attachment":[{"href":"https:\/\/ikimisli.tr\/index.php\/wp-json\/wp\/v2\/media?parent=94351"}],"wp:term":[{"taxonomy":"category","embeddable":true,"href":"https:\/\/ikimisli.tr\/index.php\/wp-json\/wp\/v2\/categories?post=94351"},{"taxonomy":"post_tag","embeddable":true,"href":"https:\/\/ikimisli.tr\/index.php\/wp-json\/wp\/v2\/tags?post=94351"}],"curies":[{"name":"wp","href":"https:\/\/api.w.org\/{rel}","templated":true}]}}