{"id":94416,"date":"2026-01-26T10:00:12","date_gmt":"2026-01-26T10:00:12","guid":{"rendered":"https:\/\/ikimisli.tr\/?p=94416"},"modified":"2026-01-26T10:00:12","modified_gmt":"2026-01-26T10:00:12","slug":"40-yil-sonra-istanbula-dondu-fiyati-3500-tl","status":"publish","type":"post","link":"https:\/\/ikimisli.tr\/index.php\/2026\/01\/26\/40-yil-sonra-istanbula-dondu-fiyati-3500-tl\/","title":{"rendered":"40 y\u0131l sonra \u0130stanbul&#8217;a d\u00f6nd\u00fc: Fiyat\u0131 3500 TL"},"content":{"rendered":"<p>2026 y\u0131l\u0131na Marmara Denizi&#8217;nde ya\u015fanan dikkat cazip bir avc\u0131l\u0131k hareketlili\u011fiyle girildi. \u0130stanbul ve Tekirda\u011f a\u00e7\u0131klar\u0131nda uzun y\u0131llar sonra torik ak\u0131n\u0131 ya\u015fand\u0131.<\/p>\n<p>Son g\u00fcnlerde \u0130stanbul ve Tekirda\u011f a\u00e7\u0131klar\u0131nda, torik ak\u0131n\u0131 olarak nitelendirilen a\u011f\u0131r bir avc\u0131l\u0131k faaliyeti g\u00f6zlemleniyor. Palamutun bir \u00fcst uzunlu\u011fu olarak nitelendirilen ve her biri 3 kilogram\u0131n \u00fczerinde y\u00fcke sahip toriklerin y\u00fcksek \u00f6l\u00e7\u00fclerde avland\u0131\u011f\u0131 belirtilirken, bal\u0131k\u00e7\u0131lar uzun y\u0131llard\u0131r bu b\u00fcy\u00fckl\u00fckte ve yo\u011funlukta torik s\u00fcr\u00fclerine rastlamad\u0131klar\u0131n\u0131, bu \u00f6l\u00e7ekte bir hareketlili\u011fin g\u00f6r\u00fclmedi\u011fini s\u00f6z ediyor.<\/p>\n<p><b>30-40 YILDIR BU T\u00dcRL\u00dc AKIN OLMAMI\u015eTI<\/b><\/p>\n<p>Edinilen bilgilere nazaran, 30-40 y\u0131ld\u0131r bu t\u00fcrl\u00fc bir torik ak\u0131n\u0131yla kar\u015f\u0131la\u015f\u0131lmazken, bu imajlar daha \u00e7ok tarihi \u0130stanbul foto\u011fraflar\u0131nda yer al\u0131yor. Y\u0131lba\u015f\u0131ndan bu yana 500 tonun \u00fczerinde torik avland\u0131\u011f\u0131, bal\u0131k\u00e7\u0131lar\u0131n bu m\u00fcddette yakla\u015f\u0131k 250 milyon lira gelir elde etti\u011fi bedellendiriliyor.<\/p>\n<p><img decoding=\"async\" src=\"https:\/\/ikimisli.tr\/wp-content\/uploads\/2026\/01\/40-yil-sonra-istanbula-dondu-fiyati-3500-tl-0-enZGQYmA.png\"\/><\/p>\n<p>Torik avc\u0131l\u0131\u011f\u0131n\u0131n yan\u0131 s\u0131ra orkinos, uskumru ve k\u0131rlang\u0131\u00e7 \u00fczere \u00e7e\u015fitlerin de tekrar Marmara Denizi&#8217;nde av vermeye ba\u015flamas\u0131, b\u00f6lgedeki sucul biyo\u00e7e\u015fitlilik a\u00e7\u0131s\u0131ndan olumlu g\u00f6stergeler ortas\u0131nda yer al\u0131yor.<\/p>\n<p>Etkin kontrol d\u00fczenekleriyle koruma-kullanma istikrar\u0131n\u0131 ve \u00fcretim planlamas\u0131n\u0131 temel alan bal\u0131k\u00e7\u0131l\u0131k siyasetlerinin, hem biyo\u00e7e\u015fitlili\u011fin korunmas\u0131na hem de b\u00f6l\u00fcm\u00fcn ekonomik g\u00fcc\u00fcn\u00fcn artmas\u0131na katk\u0131 sa\u011flad\u0131\u011f\u0131 bedellendiriliyor.<\/p>\n<p><b>F\u0130YATI 3 B\u0130N 500 L\u0130RA<\/b><\/p>\n<p>\u0130stanbul Su Eserleri Komitecileri Derne\u011fi (\u0130SKOMDER) Y\u00f6netim Kurulu \u00dcyesi Serdar Can, torik bollu\u011fu ya\u015fand\u0131\u011f\u0131n\u0131 ve \u00e7ok uzun y\u0131llard\u0131r bu t\u00fcrl\u00fc bir bolluk g\u00f6r\u00fclmedi\u011fini s\u00f6yledi.<\/p>\n<p>Can, 1 Ocak&#8217;tan bu yana 500 tonun \u00fczerinde torik avland\u0131\u011f\u0131n\u0131 belirterek, &#8220;Bundan evvel sofralarda torik bollu\u011fu yoktu. Evvelce \u00e7ifti 8 bin lira civar\u0131yd\u0131, 1 Ocak prestijiyle bug\u00fcn de dahil olmak \u00fczere \u00e7ifti 3 bin 500 liraya kadar d\u00fc\u015ft\u00fc.&#8221; tabirlerini kulland\u0131.<\/p>\n<p><img decoding=\"async\" src=\"https:\/\/ikimisli.tr\/wp-content\/uploads\/2026\/01\/40-yil-sonra-istanbula-dondu-fiyati-3500-tl-1-2bPsfHKq.png\"\/><\/p>\n<p>Tori\u011fin ekseriyetle lakerda imalinde kullan\u0131ld\u0131\u011f\u0131n\u0131 lakin bu y\u0131l ya\u015fanan bolluk nedeniyle art\u0131k sofralarda daha fazla t\u00fcketildi\u011fini aktaran Can, Karadeniz&#8217;den palamut olarak gelen bal\u0131\u011f\u0131n bu devirde Marmara&#8217;ya, akabinde \u00c7anakkale Bo\u011faz\u0131&#8217;na yanl\u0131\u015fs\u0131z ge\u00e7i\u015f yapt\u0131\u011f\u0131n\u0131 anlatt\u0131.<\/p>\n<p>Can, bilgilere nazaran ge\u00e7en y\u0131l palamutun bol oldu\u011funu belirterek, &#8220;Bu sene istavrit bol. Torikte hi\u00e7 bu t\u00fcrl\u00fc bir \u015fey olmam\u0131\u015ft\u0131, bu sene nitekim torik bol.&#8221; dedi.<\/p>\n<p><b>&#8220;MUAZZAM DERECEDE TOR\u0130K AKINI OLDU&#8221;<\/b><\/p>\n<p>1976&#8217;dan bu yana ailesinin bal\u0131k\u00e7\u0131l\u0131k yapt\u0131\u011f\u0131n\u0131, kendisinin ise 25 y\u0131ld\u0131r bu i\u015fi s\u00fcrd\u00fcrd\u00fc\u011f\u00fcn\u00fc belirten kaptan Do\u011fan Ege ise son 1 ayd\u0131r torik ak\u0131n\u0131 ya\u015fand\u0131\u011f\u0131n\u0131 lisana getirdi.<\/p>\n<p>Ege, tori\u011fin \u00e7oklukla derinde bulundu\u011funu ve makul b\u00f6lgelerde av verdi\u011fini belirterek, &#8220;Silivri, G\u00fczelce, Tekirda\u011f, Marmara Adas\u0131 ve Kap\u0131da\u011f Yar\u0131madas\u0131 a\u00e7\u0131klar\u0131 civar\u0131nda bu sene oldu. Bunun a\u015fik\u00e2r ba\u015fl\u0131 b\u00f6lgeleri vard\u0131r, o b\u00f6lgelerde av verir. Muhakkak periyotlarda av verir. O da y\u0131l\u0131n on g\u00fcn\u00fc s\u00fcrer ya da s\u00fcrmez lakin on g\u00fcnde tahminen bir g\u00fcn avlayabilirsin. Lakin bu sene muazzam derecede bir torik ak\u0131n\u0131 oldu.&#8221; de\u011ferlendirmesinde bulundu.<\/p>\n<p>Bu y\u0131lki bollu\u011fun kanal sular\u0131n\u0131n tesiriyle olu\u015ftu\u011funu belirten Ege, \u015fu tabirleri kulland\u0131:<\/p>\n<p>&#8220;Bu bal\u0131k deneyimlerimize nazaran Karadeniz&#8217;den geldi. Daha erken bekliyorduk, kas\u0131mda bekliyorduk. \u0130ki g\u00fcn av verdi, \u00fc\u00e7 g\u00fcn olmad\u0131 ancak kanal sular\u0131n\u0131n patlamas\u0131yla, ak\u0131\u015f\u0131n artmas\u0131yla birlikte bu bal\u0131k kendini bo\u011fazdan Marmara&#8217;ya eksiksiz sald\u0131. \u015eu an pek ho\u015f av veriyor lakin bug\u00fcn prestijiyle bitme noktas\u0131na geldi.&#8221;<\/p>\n<p>Do\u011fan Ege, d\u00f6nem sonuna kadar en \u00e7ok hamsi, istavrit ve sardalyan\u0131n avlanaca\u011f\u0131n\u0131 belirterek, tori\u011fin de bu y\u0131l datalarda \u00fcst s\u0131ralara ta\u015f\u0131naca\u011f\u0131n\u0131 kaydetti.<\/p>\n","protected":false},"excerpt":{"rendered":"<p>Tarihi \u0130stanbul foto\u011fraflar\u0131nda s\u0131k\u00e7a g\u00f6r\u00fclen ve uzun y\u0131llard\u0131r Marmara Denizi\u2019nde rastlanmayan torik bal\u0131\u011f\u0131, yakla\u015f\u0131k 40 y\u0131l ortadan sonra tekrar Marmara\u2019ya d\u00f6nd\u00fc. Evvelki y\u0131llarda ender bulunmas\u0131 nedeniyle 8 bin liraya kadar \u00e7\u0131kan torik fiyatlar\u0131, bu d\u00f6nem av\u0131n artmas\u0131yla birlikte 3 bin 500 liraya kadar geriledi.<\/p>\n","protected":false},"author":1,"featured_media":94417,"comment_status":"open","ping_status":"open","sticky":false,"template":"","format":"standard","meta":{"footnotes":""},"categories":[25],"tags":[251,2039,89,1575,10006],"class_list":["post-94416","post","type-post","status-publish","format-standard","has-post-thumbnail","hentry","category-gundem","tag-balik","tag-bol","tag-gun","tag-marmara","tag-torik"],"_links":{"self":[{"href":"https:\/\/ikimisli.tr\/index.php\/wp-json\/wp\/v2\/posts\/94416","targetHints":{"allow":["GET"]}}],"collection":[{"href":"https:\/\/ikimisli.tr\/index.php\/wp-json\/wp\/v2\/posts"}],"about":[{"href":"https:\/\/ikimisli.tr\/index.php\/wp-json\/wp\/v2\/types\/post"}],"author":[{"embeddable":true,"href":"https:\/\/ikimisli.tr\/index.php\/wp-json\/wp\/v2\/users\/1"}],"replies":[{"embeddable":true,"href":"https:\/\/ikimisli.tr\/index.php\/wp-json\/wp\/v2\/comments?post=94416"}],"version-history":[{"count":1,"href":"https:\/\/ikimisli.tr\/index.php\/wp-json\/wp\/v2\/posts\/94416\/revisions"}],"predecessor-version":[{"id":94420,"href":"https:\/\/ikimisli.tr\/index.php\/wp-json\/wp\/v2\/posts\/94416\/revisions\/94420"}],"wp:featuredmedia":[{"embeddable":true,"href":"https:\/\/ikimisli.tr\/index.php\/wp-json\/wp\/v2\/media\/94417"}],"wp:attachment":[{"href":"https:\/\/ikimisli.tr\/index.php\/wp-json\/wp\/v2\/media?parent=94416"}],"wp:term":[{"taxonomy":"category","embeddable":true,"href":"https:\/\/ikimisli.tr\/index.php\/wp-json\/wp\/v2\/categories?post=94416"},{"taxonomy":"post_tag","embeddable":true,"href":"https:\/\/ikimisli.tr\/index.php\/wp-json\/wp\/v2\/tags?post=94416"}],"curies":[{"name":"wp","href":"https:\/\/api.w.org\/{rel}","templated":true}]}}