{"id":94447,"date":"2026-01-26T11:48:07","date_gmt":"2026-01-26T11:48:07","guid":{"rendered":"https:\/\/ikimisli.tr\/?p=94447"},"modified":"2026-01-26T11:48:07","modified_gmt":"2026-01-26T11:48:07","slug":"meteorolojiden-firtina-ve-saganak-uyarisi","status":"publish","type":"post","link":"https:\/\/ikimisli.tr\/index.php\/2026\/01\/26\/meteorolojiden-firtina-ve-saganak-uyarisi\/","title":{"rendered":"Meteorolojiden f\u0131rt\u0131na ve sa\u011fanak uyar\u0131s\u0131"},"content":{"rendered":"<p>Meteoroloji Genel M\u00fcd\u00fcrl\u00fc\u011f\u00fcnden yap\u0131lan a\u00e7\u0131klamaya nazaran, Bat\u0131 Akdeniz&#8217;de yar\u0131n \u00f6\u011flen saatlerinden sonra Burdur&#8217;un do\u011fu il\u00e7eleri, Antalya merkez ve bat\u0131s\u0131nda, gece saatlerinden itibaren ise Antalya&#8217;n\u0131n do\u011fusunda mahall\u00ee olarak \u00e7ok kuvvetli ve yer yer \u015fiddetli sa\u011fanak ve g\u00f6k g\u00fcr\u00fclt\u00fcl\u00fc sa\u011fanak bekleniyor. Ya\u011f\u0131\u015flar\u0131n y\u00fckseklerde karla kar\u0131\u015f\u0131k ya\u011fmur ve kar halinde olaca\u011f\u0131 kestirim ediliyor.<\/p>\n<p>K\u0131y\u0131 Ege&#8217;de de yar\u0131n ak\u015fam saatlerinden itibaren \u00c7anakkale, Bal\u0131kesir&#8217;in bat\u0131s\u0131, \u0130zmir, Ayd\u0131n ve Mu\u011fla&#8217;da kuvvetli, \u0130zmir&#8217;in g\u00fcneybat\u0131s\u0131 ile Ayd\u0131n ve Mu\u011fla k\u0131y\u0131lar\u0131nda ise yer yer \u00e7ok kuvvetli sa\u011fanak ve g\u00f6k g\u00fcr\u00fclt\u00fcl\u00fc sa\u011fanak \u00f6ng\u00f6r\u00fcl\u00fcyor.<\/p>\n<p>Do\u011fu Akdeniz&#8217;de (Hatay&#8217;\u0131n g\u00fcney k\u0131y\u0131lar\u0131) r\u00fczgar\u0131n yar\u0131n \u00f6\u011flen saatlerinden sonra do\u011fu ve g\u00fcneydo\u011fu taraflardan 6 ila 8 kuvvetinde f\u0131rt\u0131na bi\u00e7iminde esece\u011fi varsay\u0131m ediliyor. F\u0131rt\u0131nan\u0131n, sal\u0131 g\u00fcn\u00fc \u00f6\u011flen saatlerinde tesirini kaybetmesi bekleniyor.<\/p>\n<p>Ege Denizi&#8217;nde ise r\u00fczgar\u0131n yar\u0131n birinci saatlerden itibaren g\u00fcney ve g\u00fcneydo\u011fu, vakitle g\u00fcneybat\u0131 taraflardan 6 ila 8 kuvvetinde f\u0131rt\u0131na, yer yer kuvvetli f\u0131rt\u0131na halinde esmesi bekleniyor. F\u0131rt\u0131nan\u0131n, birebir g\u00fcn gece saatlerinde tesirini kaybetmesi varsay\u0131m ediliyor.\u200b\u200b\u200b\u200b\u200b\u200b\u200b<\/p>\n","protected":false},"excerpt":{"rendered":"<p>Bat\u0131 Akdeniz ve K\u0131y\u0131 Ege&#8217;de g\u00f6k g\u00fcr\u00fclt\u00fcl\u00fc sa\u011fanak, Do\u011fu Akdeniz ve Ege Denizi&#8217;nde ise f\u0131rt\u0131na ihtar\u0131nda bulunuldu.<\/p>\n","protected":false},"author":1,"featured_media":94448,"comment_status":"open","ping_status":"open","sticky":false,"template":"","format":"standard","meta":{"footnotes":""},"categories":[25],"tags":[436,122,5948],"class_list":["post-94447","post","type-post","status-publish","format-standard","has-post-thumbnail","hentry","category-gundem","tag-firtina","tag-guney","tag-saatlerinde"],"_links":{"self":[{"href":"https:\/\/ikimisli.tr\/index.php\/wp-json\/wp\/v2\/posts\/94447","targetHints":{"allow":["GET"]}}],"collection":[{"href":"https:\/\/ikimisli.tr\/index.php\/wp-json\/wp\/v2\/posts"}],"about":[{"href":"https:\/\/ikimisli.tr\/index.php\/wp-json\/wp\/v2\/types\/post"}],"author":[{"embeddable":true,"href":"https:\/\/ikimisli.tr\/index.php\/wp-json\/wp\/v2\/users\/1"}],"replies":[{"embeddable":true,"href":"https:\/\/ikimisli.tr\/index.php\/wp-json\/wp\/v2\/comments?post=94447"}],"version-history":[{"count":1,"href":"https:\/\/ikimisli.tr\/index.php\/wp-json\/wp\/v2\/posts\/94447\/revisions"}],"predecessor-version":[{"id":94449,"href":"https:\/\/ikimisli.tr\/index.php\/wp-json\/wp\/v2\/posts\/94447\/revisions\/94449"}],"wp:featuredmedia":[{"embeddable":true,"href":"https:\/\/ikimisli.tr\/index.php\/wp-json\/wp\/v2\/media\/94448"}],"wp:attachment":[{"href":"https:\/\/ikimisli.tr\/index.php\/wp-json\/wp\/v2\/media?parent=94447"}],"wp:term":[{"taxonomy":"category","embeddable":true,"href":"https:\/\/ikimisli.tr\/index.php\/wp-json\/wp\/v2\/categories?post=94447"},{"taxonomy":"post_tag","embeddable":true,"href":"https:\/\/ikimisli.tr\/index.php\/wp-json\/wp\/v2\/tags?post=94447"}],"curies":[{"name":"wp","href":"https:\/\/api.w.org\/{rel}","templated":true}]}}