{"id":94477,"date":"2026-01-26T13:36:06","date_gmt":"2026-01-26T13:36:06","guid":{"rendered":"https:\/\/ikimisli.tr\/?p=94477"},"modified":"2026-01-26T13:36:06","modified_gmt":"2026-01-26T13:36:06","slug":"gurer-sorunlar-yerinde-cozulmuyor-besicimiz-desteklenmiyor","status":"publish","type":"post","link":"https:\/\/ikimisli.tr\/index.php\/2026\/01\/26\/gurer-sorunlar-yerinde-cozulmuyor-besicimiz-desteklenmiyor\/","title":{"rendered":"G\u00fcrer: Sorunlar yerinde \u00e7\u00f6z\u00fclm\u00fcyor, besicimiz desteklenmiyor"},"content":{"rendered":"<p>G\u00fcrer, Ankara\u2019n\u0131n Haymana il\u00e7esinin Culuk K\u00f6y\u00fc&#8217;nde hayvanc\u0131l\u0131kla u\u011fra\u015fan \u00fcreticilerle bir ortaya geldi. Hayvanc\u0131l\u0131\u011f\u0131n b\u00fcy\u00fck fedak\u00e2rl\u0131k gerektirdi\u011fini vurgulayan G\u00fcrer, \u00fcreticilerin tatilsiz, aral\u0131ks\u0131z emek verdi\u011fini lakin kar\u015f\u0131l\u0131\u011f\u0131n\u0131 alamad\u0131\u011f\u0131n\u0131 tabir etti.<\/p>\n<p><img decoding=\"async\" src=\"https:\/\/ikimisli.tr\/wp-content\/uploads\/2026\/01\/gurer-sorunlar-yerinde-cozulmuyor-besicimiz-desteklenmiyor-0-3UVD8Zbt.jpeg\"\/><\/p>\n<p>G\u00fcrer, \u201cHayvanc\u0131l\u0131k g\u00fc\u00e7 bir i\u015f. 24 saat hayvanla ilgilenmek zorundas\u0131n\u0131z. Cumartesi yok, pazar yok, tatil yok. \u015eayet hayvana yem verirseniz o hayvan da size et verir, s\u00fct verir. \u00dclkemizde mera hayvanc\u0131l\u0131\u011f\u0131 da bitmek \u00fczere. 12 ay boyunca bu hayvanlar ah\u0131rda yemle besleniyor. Fakat yem fiyatlar\u0131 nizaml\u0131 olarak art\u0131yor. Elli kiloluk s\u00fct yemi \u015fu an \u00fclkemizde 9 liray\u0131 bulmu\u015f durumda. Yonca, saman, k\u00fcspe artt\u0131k\u00e7a hayvanlar\u0131n maliyetleri de art\u0131yor. Fakat bu maliyete nazaran sat\u0131\u015f yap\u0131lamay\u0131nca birden fazla ah\u0131r bo\u015falm\u0131\u015f durumda\u201d dedi.<\/p>\n<p>G\u00fcrer, 2025 y\u0131l\u0131nda 654 bin ba\u015f hayvan ithal edildi\u011fini bildirerek, \u201c\u00c7\u00f6z\u00fcm ithalatta aran\u0131yor. Halbuki 400-500 bin aral\u0131\u011f\u0131nda buza\u011f\u0131 \u00f6l\u00fcyor, hayvan hastal\u0131klar\u0131n\u0131n \u00f6n\u00fcne ge\u00e7ilemiyor. S\u0131k\u0131nt\u0131lar yerinde \u00e7\u00f6z\u00fclm\u00fcyor, kendi besicimiz desteklenmiyor\u201d diye konu\u015ftu.<\/p>\n<p><b>&#8220;KEND\u0130 GE\u00c7\u0130M\u0130M\u0130 SA\u011eLAMAKTA ZORLANIYORUM&#8221;<\/b><\/p>\n<p>Hayvanc\u0131l\u0131k yapan Z\u00fclf\u00fc \u00dcnal ise \u015funlar\u0131 s\u00f6yledi:<\/p>\n<p>\u201c\u00dclkemizde \u00fcretim k\u0131tl\u0131\u011f\u0131 var. \u00c7ift\u00e7imiz, besicimiz bu i\u015fi teker teker b\u0131rakt\u0131. 2026&#8217;ya geldi\u011fimizde say\u0131lar ortada. Et hayvan\u0131 \u00fcretti\u011fim vakit hayvan\u0131 de\u011ferliye al\u0131yorum, yemi de\u011ferliye al\u0131yorum, hayvan\u0131m\u0131 kestirdi\u011fim vakit tekrar yerine koyam\u0131yorum. Kendi ge\u00e7imimi sa\u011flamakta zorlan\u0131yorum. S\u00fct fiyatlar\u0131na bakt\u0131\u011f\u0131m\u0131zda, y\u0131l ba\u015f\u0131ndan sonra ge\u00e7erli olan fiyat 22 lira. Bu fiyat bizi kurtarm\u0131yor. Asgar\u00ee, en berbat fiyat\u0131n \u015fu an 30 lira olmas\u0131n\u0131 talep ediyoruz. Bir litre s\u00fctle iki kilo yem alam\u0131yoruz. Yak\u0131nda bu bir kiloya d\u00fc\u015fecek. Yar\u0131n yem de alamayaca\u011f\u0131z, s\u00fct de \u00fcretemeyece\u011fiz. Elektri\u011fi, faturalar\u0131, masraflar\u0131, hayvanlar\u0131n ila\u00e7 masraflar\u0131n\u0131, veteriner fiyatlar\u0131n\u0131 \u00f6demekte zorlan\u0131yorum.<\/p>\n<p><b>&#8220;BU KURALLAR ALTINDA HAYVANCILI\u011eI S\u00dcRD\u00dcREMEY\u0130Z&#8221;<\/b><\/p>\n<p>K\u00f6yde hayvan kalmad\u0131, azalmay\u0131 da ge\u00e7ti. \u015eu an hayvan say\u0131s\u0131na baksan\u0131z birden fazla ah\u0131r bo\u015f. K\u00f6y\u00fcm\u00fczde \u00fcretim yok. Biz Haymana\u2019n\u0131n ve Ankara\u2019n\u0131n en b\u00fcy\u00fck k\u00f6y\u00fcy\u00fcz. Arazi olarak da son derece verimli bir b\u00f6lgeyiz. Fakat bu kurallar alt\u0131nda hayvanc\u0131l\u0131\u011f\u0131 s\u00fcrd\u00fcremeyiz. Evvelki y\u0131llara nazaran daha da darald\u0131k. Enflasyonla birlikte param\u0131z d\u00fczg\u00fcnce eridi, pul oldu.<\/p>\n<p>Ben \u00fcretim yapmaya \u00e7al\u0131\u015f\u0131yorum, memleketim i\u00e7in katk\u0131 sa\u011flamaya \u00e7al\u0131\u015f\u0131yorum. Biz vatansever insanlar\u0131z. Bir tane hayvan \u00fcretelim, insanlara ula\u015ft\u0131ral\u0131m diye u\u011fra\u015f\u0131yoruz. Fakat ne yaz\u0131k ki kaideler buna el vermiyor. Yar\u0131n bir g\u00fcn bunu b\u0131rakmak zorunda kalaca\u011f\u0131z. Ben yapmayaca\u011f\u0131m, o yapmayacak; daima ithalat, ithalat, ithalat. \u0130thalata verece\u011finiz paray\u0131 bizim \u00e7ift\u00e7imize, besicimize takviye olarak verseniz \u00e7ok daha g\u00fczel noktada oluruz. Hi\u00e7bir takviye alm\u0131yorum. Takviyesiz yapmaya \u00e7al\u0131\u015f\u0131yorum. Paras\u0131z, pulsuz geziyoruz fakat yeniden de gidip bir \u00e7uval yem al\u0131p hayvan\u0131n \u00f6n\u00fcne d\u00f6k\u00fcyoruz. Elimizden geleni yap\u0131yoruz, bize de dayanak yap\u0131lmas\u0131n\u0131 talep ediyoruz.\u201d<\/p>\n<p>CHP Haymana \u0130l\u00e7e Ba\u015fkan\u0131 Kas\u0131m Ko\u00e7 da, \u201cK\u00f6yde a\u00e7\u0131klanan fiyat 22 lira lakin \u00fcretici fiilen 19 liraya sat\u0131yor. Ulusal S\u00fct Konseyi\u2019nin a\u00e7\u0131klad\u0131\u011f\u0131 22 liral\u0131k fiyat \u00fcreticiyi kurtarm\u0131yor. Vatanda\u015flar\u0131n hepsi sorunda. Tar\u0131m\u0131n ve hayvanc\u0131l\u0131\u011f\u0131n b\u00fcsb\u00fct\u00fcn bitti\u011fi bir noktaday\u0131z\u201d dedi.<\/p>\n<p><b>&#8220;GEREKL\u0130 ADIMLAR ATILMAZSA MESELELER B\u00dcY\u00dcYECEK&#8221;<\/b><\/p>\n<p>K\u00f6yde \u00fcretimin s\u00fcrd\u00fcr\u00fclebilirli\u011fi i\u00e7in acil ad\u0131mlar at\u0131lmas\u0131 gerekti\u011fini belirten G\u00fcrer, \u015fu s\u00f6zleri kulland\u0131:<\/p>\n<p>\u201cHayvanc\u0131l\u0131kta \u00fclkenin geriye d\u00fc\u015fmesi daha fazla ithalat demektir, yabanc\u0131 besiciye takviye demektir. Me\u011fer kendi besicimizi desteklemek gerekiyor. K\u00f6yde tar\u0131m\u0131n s\u00fcrd\u00fcr\u00fclebilirli\u011fi ve \u00e7ift\u00e7inin, besicinin, \u00fcreticinin gelece\u011fini planlayabilmesi i\u00e7in kesinlikle yap\u0131lmas\u0131 gerekenler var. Bu bahiste iktidara davette bulunuyoruz. Gerekli ad\u0131mlar bir an evvel at\u0131lmazsa s\u0131k\u0131nt\u0131lar giderek b\u00fcy\u00fcyecek. Hayvanc\u0131l\u0131k yapan herkes bu kurallarda bu i\u015fin s\u00fcrd\u00fcr\u00fclemeyece\u011fini s\u00f6yl\u00fcyor.<\/p>\n<p>1980 y\u0131l\u0131nda \u00fclkemizde b\u00fcy\u00fckba\u015f ve k\u00fc\u00e7\u00fckba\u015f hayvan varl\u0131\u011f\u0131 88 milyondu. Bug\u00fcn bu say\u0131 71 milyona geriledi. Daha vahimi, 2025 y\u0131l\u0131nda \u015fap hastal\u0131\u011f\u0131n\u0131n 81 vilayette hayvan pazarlar\u0131n\u0131 kapatt\u0131racak boyuta ula\u015fmas\u0131ndan sonra ne kadar hayvan kaybetti\u011fimiz bilinmiyor. 2026 y\u0131l\u0131 raporunda Amerika Tar\u0131m Bakanl\u0131\u011f\u0131, T\u00fcrkiye\u2019de b\u00fcy\u00fckba\u015f hayvan varl\u0131\u011f\u0131n\u0131n 14 milyon 100 bine d\u00fc\u015fece\u011fini a\u00e7\u0131klad\u0131. Me\u011fer \u00fclkemizin resmi datalar\u0131na nazaran 2025 y\u0131l\u0131nda 16 milyon 900 bin b\u00fcy\u00fckba\u015f hayvan vard\u0131. Birlik datalar\u0131na nazaran ise bu say\u0131 13 milyon 685 bine d\u00fc\u015ft\u00fc.\u201d<\/p>\n","protected":false},"excerpt":{"rendered":"<p>Haymana\u2019da hayvanc\u0131l\u0131kla u\u011fra\u015fan \u00fcreticilerle bir ortaya gelen CHP Ni\u011fde Milletvekili \u00d6mer Fethi G\u00fcrer, \u201c2025 y\u0131l\u0131nda \u00fclkemiz 654 bin ba\u015f hayvan ithal etti. Tahlil ithalatta aran\u0131yor. Me\u011fer 400-500 bin aral\u0131\u011f\u0131nda buza\u011f\u0131 \u00f6l\u00fcyor, hayvan hastal\u0131klar\u0131n\u0131n \u00f6n\u00fcne ge\u00e7ilemiyor. Problemler yerinde \u00e7\u00f6z\u00fclm\u00fcyor, kendi besicimiz desteklenmiyor\u201d dedi.<\/p>\n","protected":false},"author":1,"featured_media":94478,"comment_status":"open","ping_status":"open","sticky":false,"template":"","format":"standard","meta":{"footnotes":""},"categories":[24],"tags":[234,394,263,1742,3329],"class_list":["post-94477","post","type-post","status-publish","format-standard","has-post-thumbnail","hentry","category-ekonomi","tag-destek","tag-fiyat","tag-hayvan","tag-ithal","tag-yem"],"_links":{"self":[{"href":"https:\/\/ikimisli.tr\/index.php\/wp-json\/wp\/v2\/posts\/94477","targetHints":{"allow":["GET"]}}],"collection":[{"href":"https:\/\/ikimisli.tr\/index.php\/wp-json\/wp\/v2\/posts"}],"about":[{"href":"https:\/\/ikimisli.tr\/index.php\/wp-json\/wp\/v2\/types\/post"}],"author":[{"embeddable":true,"href":"https:\/\/ikimisli.tr\/index.php\/wp-json\/wp\/v2\/users\/1"}],"replies":[{"embeddable":true,"href":"https:\/\/ikimisli.tr\/index.php\/wp-json\/wp\/v2\/comments?post=94477"}],"version-history":[{"count":1,"href":"https:\/\/ikimisli.tr\/index.php\/wp-json\/wp\/v2\/posts\/94477\/revisions"}],"predecessor-version":[{"id":94480,"href":"https:\/\/ikimisli.tr\/index.php\/wp-json\/wp\/v2\/posts\/94477\/revisions\/94480"}],"wp:featuredmedia":[{"embeddable":true,"href":"https:\/\/ikimisli.tr\/index.php\/wp-json\/wp\/v2\/media\/94478"}],"wp:attachment":[{"href":"https:\/\/ikimisli.tr\/index.php\/wp-json\/wp\/v2\/media?parent=94477"}],"wp:term":[{"taxonomy":"category","embeddable":true,"href":"https:\/\/ikimisli.tr\/index.php\/wp-json\/wp\/v2\/categories?post=94477"},{"taxonomy":"post_tag","embeddable":true,"href":"https:\/\/ikimisli.tr\/index.php\/wp-json\/wp\/v2\/tags?post=94477"}],"curies":[{"name":"wp","href":"https:\/\/api.w.org\/{rel}","templated":true}]}}