{"id":94515,"date":"2026-01-26T15:36:06","date_gmt":"2026-01-26T15:36:06","guid":{"rendered":"https:\/\/ikimisli.tr\/?p=94515"},"modified":"2026-01-26T15:36:06","modified_gmt":"2026-01-26T15:36:06","slug":"sena-ile-silanin-olumune-neden-olan-surucu-tutuklandi","status":"publish","type":"post","link":"https:\/\/ikimisli.tr\/index.php\/2026\/01\/26\/sena-ile-silanin-olumune-neden-olan-surucu-tutuklandi\/","title":{"rendered":"Sena ile \u015eilan&#8217;\u0131n \u00f6l\u00fcm\u00fcne neden olan s\u00fcr\u00fcc\u00fc tutukland\u0131"},"content":{"rendered":"<p>Kaza, 20 Ocak\u2019ta saat 01.30 s\u0131ralar\u0131nda k\u0131rsal Ortak\u00f6y Mahallesi yolunda meydana geldi. \u0130neg\u00f6l taraf\u0131na giderken Selahattin Yi\u011fit\u2019in denetimini yitirdi\u011fi 16 FC 849 plakal\u0131 araba, yol kenar\u0131ndaki a\u011faca \u00e7arpt\u0131.<\/p>\n<p>\u0130hbar \u00fczerine kaza yerine s\u0131hhat, polis ve itfaiye arama kurtarma gruplar\u0131 sevk edildi. S\u0131hhat gruplar\u0131n\u0131n denetiminde arabadaki Sena Arslan ile \u015eilan K\u0131z\u0131lveren&#8217;in hayat\u0131n\u0131 kaybetti\u011fi belirlendi. Kazada araban\u0131n \u015fof\u00f6r Selahattin Yi\u011fit ile Onur C. (25) yaraland\u0131.<\/p>\n<p><b>EVE D\u00d6N\u00dc\u015e YOLUNDA KAZA<\/b><\/p>\n<p>Yaral\u0131lar ambulanslarla \u0130neg\u00f6l Devlet Hastanesi&#8217;ne kald\u0131r\u0131l\u0131rken, araba \u015fof\u00f6r\u00fc Yi\u011fit\u2019in 1.44 promil alkoll\u00fc oldu\u011fu belirlendi. 4 arkada\u015f\u0131n e\u011flenmek i\u00e7in d\u0131\u015far\u0131 \u00e7\u0131kt\u0131\u011f\u0131 ve konuta d\u00f6n\u00fc\u015f yolunda kazan\u0131n meydana geldi\u011fi \u00f6\u011frenildi.<\/p>\n<p>Arslan ile Ankara \u00dcniversitesi Devlet Konservatuvar\u0131 3&#8217;\u00fcnc\u00fc s\u0131n\u0131f \u00f6\u011frencisi oldu\u011fu ve tatil i\u00e7in ailesinin yan\u0131na geldi\u011fi \u00f6\u011frenilen K\u0131z\u0131lveren, \u0130neg\u00f6l\u2019de topra\u011fa verildi.<\/p>\n<p><b>\u2018KAZA DENET\u0130M\u0130M DI\u015eINDA OLDU\u2019<\/b><\/p>\n<p>Tedavisi tamamlanan Selahattin Yi\u011fit g\u00f6zalt\u0131na al\u0131nd\u0131. Emniyetteki s\u00f6z\u00fcnde, \u201cO ak\u015fam gezdikten sonra geri d\u00f6n\u00fcyorduk. Yollar \u0131slakt\u0131, ara\u00e7 kayd\u0131 ve kaza oldu. Kendi denetimim d\u0131\u015f\u0131nda meydana geldi\u201d dedi\u011fi \u00f6\u011frenilen Yi\u011fit, sevk edildi\u011fi adliyede \u00e7\u0131kar\u0131ld\u0131\u011f\u0131 mahkemece tutukland\u0131.<\/p>\n","protected":false},"excerpt":{"rendered":"<p>Bursa&#8217;da araban\u0131n a\u011faca \u00e7arpt\u0131\u011f\u0131, Sena Arslan (24) ile \u015eilan K\u0131z\u0131lveren\u2019in (23) hayat\u0131n\u0131 kaybetti\u011fi kazada yaralanan \u015fof\u00f6r Selahattin Yi\u011fit (28), tutukland\u0131.<\/p>\n","protected":false},"author":1,"featured_media":94516,"comment_status":"open","ping_status":"open","sticky":false,"template":"","format":"standard","meta":{"footnotes":""},"categories":[25],"tags":[108,3493,500],"class_list":["post-94515","post","type-post","status-publish","format-standard","has-post-thumbnail","hentry","category-gundem","tag-kaza","tag-yigit","tag-yol"],"_links":{"self":[{"href":"https:\/\/ikimisli.tr\/index.php\/wp-json\/wp\/v2\/posts\/94515","targetHints":{"allow":["GET"]}}],"collection":[{"href":"https:\/\/ikimisli.tr\/index.php\/wp-json\/wp\/v2\/posts"}],"about":[{"href":"https:\/\/ikimisli.tr\/index.php\/wp-json\/wp\/v2\/types\/post"}],"author":[{"embeddable":true,"href":"https:\/\/ikimisli.tr\/index.php\/wp-json\/wp\/v2\/users\/1"}],"replies":[{"embeddable":true,"href":"https:\/\/ikimisli.tr\/index.php\/wp-json\/wp\/v2\/comments?post=94515"}],"version-history":[{"count":1,"href":"https:\/\/ikimisli.tr\/index.php\/wp-json\/wp\/v2\/posts\/94515\/revisions"}],"predecessor-version":[{"id":94517,"href":"https:\/\/ikimisli.tr\/index.php\/wp-json\/wp\/v2\/posts\/94515\/revisions\/94517"}],"wp:featuredmedia":[{"embeddable":true,"href":"https:\/\/ikimisli.tr\/index.php\/wp-json\/wp\/v2\/media\/94516"}],"wp:attachment":[{"href":"https:\/\/ikimisli.tr\/index.php\/wp-json\/wp\/v2\/media?parent=94515"}],"wp:term":[{"taxonomy":"category","embeddable":true,"href":"https:\/\/ikimisli.tr\/index.php\/wp-json\/wp\/v2\/categories?post=94515"},{"taxonomy":"post_tag","embeddable":true,"href":"https:\/\/ikimisli.tr\/index.php\/wp-json\/wp\/v2\/tags?post=94515"}],"curies":[{"name":"wp","href":"https:\/\/api.w.org\/{rel}","templated":true}]}}