{"id":9458,"date":"2025-02-10T12:48:07","date_gmt":"2025-02-10T12:48:07","guid":{"rendered":"https:\/\/ikimisli.tr\/?p=9458"},"modified":"2025-02-10T12:48:07","modified_gmt":"2025-02-10T12:48:07","slug":"hukukcu-intiharlarinin-ardindan-adliyede-eylem-goz-gore-gore","status":"publish","type":"post","link":"https:\/\/ikimisli.tr\/index.php\/2025\/02\/10\/hukukcu-intiharlarinin-ardindan-adliyede-eylem-goz-gore-gore\/","title":{"rendered":"Hukuk\u00e7u intiharlar\u0131n\u0131n ard\u0131ndan adliyede eylem: &#8216;G\u00f6z g\u00f6re g\u00f6re&#8230;&#8217;"},"content":{"rendered":"<p>Avukat\u0131n Sesi \u0130nisiyatifi\u2019nin davetiyle son g\u00fcnlerde artan hukuk\u00e7u intiharlar\u0131yla ilgili \u0130stanbul Adliyesi \u00f6n\u00fcnde a\u00e7\u0131klama yapan avukatlar, &#8220;\u00c7\u00f6z\u00fcms\u00fczl\u00fck ge\u00e7ti\u011fimiz son 4 g\u00fcnde 3 meslekta\u015f\u0131m\u0131z\u0131n intihar etmesine sebep olmu\u015ftur. Biz, biliyoruz ki bu intiharlar \u015fahs\u00ee sebeplerden ve s\u0131k\u0131nt\u0131lardan kaynakl\u0131 de\u011fildir. Bu intiharlar\u0131n ana sebebi gen\u00e7 avukatlar\u0131n ger\u00e7e\u011fi haline gelen yoksulluk dayatmas\u0131d\u0131r. Yok say\u0131l\u0131yoruz. G\u00f6z nazaran g\u00f6re vefata s\u00fcr\u00fcklendi\u011fimizi hissediyoruz&#8221; s\u00f6zlerini kulland\u0131.<\/p>\n<p>Avukat\u0131n Sesi \u0130nisiyatifi davetiyle \u0130stanbul Adliyesi\u2019nde bir ortaya gelen avukatlar, son g\u00fcnlerde artan hukuk\u00e7u intiharlar\u0131na ait bas\u0131n a\u00e7\u0131klamas\u0131 yapt\u0131. Avukatlar, &#8220;\u00c7aresiz hissetme gayrete kat\u0131l&#8221; slogan\u0131yla alk\u0131\u015flarla adliye \u00f6n\u00fcne y\u00fcr\u00fcd\u00fc.<\/p>\n<p><b>&#8220;NEDEN\u0130N\u0130N YOKSULLUK OLDU\u011eUNU D\u00dc\u015e\u00dcN\u00dcYORUZ&#8221;<\/b><\/p>\n<p>Avukat Kerim B\u00fct\u00fcn, &#8220;Bildi\u011finiz \u00fczere son d\u00f6rt g\u00fcnde yani bug\u00fcn be\u015finci g\u00fcn \u00fc\u00e7 hukuk\u00e7u intihar etti. Bunlardan ikisi avukat, birisi savc\u0131yd\u0131. \u00a0Gelinen kademede d\u00fcn ak\u015fam da Samsun&#8217;da bir meslekta\u015f\u0131m\u0131z yeniden intihar etmeye te\u015febb\u00fcs etti. Ve bizler bu intiharlar\u0131n nedenlerini yoksulluk oldu\u011funu d\u00fc\u015f\u00fcnen avukatlar olarak bug\u00fcn burada intihara te\u015febb\u00fcs eden, intihar eden, can\u0131na k\u0131yan meslekta\u015flar\u0131m\u0131z\u0131n an\u0131s\u0131 i\u00e7in aksiyon ger\u00e7ekle\u015ftiriyoruz&#8221; dedi.\u00a0<\/p>\n<p><b>&#8220;AVUKAT ENFLASYONU YARATILDI&#8221;<\/b><\/p>\n<p>&#8220;Bizler, T\u00fcrkiye\u2019de s\u0131k\u0131nt\u0131 \u015fartlar alt\u0131nda mesleksel faaliyetlerini s\u00fcrd\u00fcrmeye \u00e7al\u0131\u015fan gen\u00e7 avukatlar olarak her g\u00fcn ekonomik bask\u0131 ve \u015fiddete u\u011frama riskiyle kar\u015f\u0131 kar\u015f\u0131yay\u0131z. Lakin hi\u00e7bir kayg\u0131ya kap\u0131lmadan, hi\u00e7bir efendi tan\u0131madan ve k\u00f6le edinme hevesi olmadan mesle\u011fimizi s\u00fcrd\u00fcrmeye, sesimizi duyurmaya devam ediyoruz.&#8221; diyen Do\u011fan Zafer \u00c7\u0131ng\u0131 ise \u015funlar\u0131 s\u00f6yledi:<\/p>\n<p>\u00a0&#8220;T\u00fcrkiye Barolar Birli\u011fi&#8217;nin son datalar\u0131na nazaran T\u00fcrkiye&#8217;deki avukatlar\u0131n ezici \u00e7o\u011funlu\u011funu gen\u00e7 avukatlar olu\u015fturmaktad\u0131r. Son 10 y\u0131lda yanl\u0131\u015f e\u011fitim siyasetleri sonucunda a\u00e7\u0131lan hukuk fak\u00fclteleri T\u00fcrkiye&#8217;de bir avukat enflasyonu yaratm\u0131\u015ft\u0131r. Ekonomik enflasyonun d\u00e2hil olmas\u0131yla birlikte \u00fclkemiz ve hukuk toplulu\u011fu bizler i\u00e7in cehenneme d\u00f6n\u00fc\u015fm\u00fc\u015ft\u00fcr. Bu cehennemin do\u011fal sonucu da bilhassa mesle\u011fe yeni ba\u015flayan, birinci y\u0131llar\u0131nda olan gen\u00e7 meslekta\u015flar\u0131m\u0131z\u0131n meselelerinin artarak \u00e7o\u011falmas\u0131d\u0131r.<\/p>\n<p><b>&#8220;YOK SAYILIYORUZ&#8221;<\/b><\/p>\n<p>-Ne yaz\u0131k ki biz gen\u00e7 avukatlar\u0131n-hukuk\u00e7ular\u0131n s\u0131k\u0131nt\u0131lar\u0131na ise siyasi iktidar g\u00f6zlerini kapamakta, sessiz kalmakta, tahlil bulmamaktad\u0131r. \u0130\u015fte bu \u00e7\u00f6z\u00fcms\u00fczl\u00fck ge\u00e7ti\u011fimiz son 4 g\u00fcnde 3 meslekta\u015f\u0131m\u0131z\u0131n intihar etmesine sebep olmu\u015ftur. Biz, biliyoruz ki bu intiharlar \u015fahs\u00ee sebeplerden ve meselelerden kaynakl\u0131 de\u011fildir.<\/p>\n<p>-Bu intiharlar\u0131n ana sebebi gen\u00e7 avukatlar\u0131n ger\u00e7e\u011fi haline gelen yoksulluk dayatmas\u0131d\u0131r. Bu yoksulluk dayatmas\u0131 ise politik temellidir. Son g\u00fcnlerde haberlerde daima olarak duydu\u011fumuz, son y\u0131llarda ise onlarca meslekta\u015f\u0131m\u0131z\u0131n intihar etti\u011fi ya da vazifesi nedeniyle \u00f6ld\u00fcr\u00fcld\u00fc\u011f\u00fc bu siyasal atmosferde bizler, &#8216;Avukat intiharlar\u0131 ve cinayetleri politiktir.&#8217; demekten \u00e7ekinmiyoruz. Zira bizler yok say\u0131l\u0131yoruz!&#8221;<\/p>\n<p><b>&#8220;KABUL ETM\u0130YORUZ&#8221;<\/b><\/p>\n<p>CMK fiyatlar\u0131n\u0131n gen\u00e7 avukatlar i\u00e7in ge\u00e7im kayna\u011f\u0131 haline geldi\u011fini belirten ve hala 2025 y\u0131l\u0131 tarifesinin a\u00e7\u0131klanmad\u0131\u011f\u0131na vurgu yapan \u00c7\u0131ng\u0131, \u015f\u00f6yle devam etti:<\/p>\n<p>-Ekonomik manada bug\u00fcn gen\u00e7 avukatlar \u00fclkemizin b\u00fcy\u00fck bir toplumsal k\u0131sm\u0131 \u00fczere ge\u00e7inememektedir. \u00d6rnek olarak, bir gen\u00e7 avukat\u0131n mesle\u011finin ba\u015f\u0131nda ve devam\u0131nda bilhassa s\u0131k\u00e7a yapt\u0131\u011f\u0131 CMK hizmeti art\u0131k angaryaya d\u00f6nm\u00fc\u015f durumdad\u0131r. Atanm\u0131\u015f m\u00fcdafi g\u00f6revlendirmeleri kapsam\u0131nda, kamu hizmeti veren biz avukatlara, \u00e7ok d\u00fc\u015f\u00fck bir fiyat \u00f6denmektedir. Bunun kayna\u011f\u0131 ise Adalet ve Maliye Bakanl\u0131klar\u0131nca belirlenen fiyat tarifesidir. 2024 y\u0131l\u0131nda bu fiyat tarifesine enflasyon oran\u0131n\u0131n dahi alt\u0131nda art\u0131r\u0131m yap\u0131lm\u0131\u015ft\u0131r. 2025 y\u0131l\u0131 CMK tarifesi ise hala a\u00e7\u0131klanm\u0131\u015f de\u011fildir.<\/p>\n<p>-Biz gen\u00e7 avukatlar\u0131n b\u00fcy\u00fck bir k\u0131sm\u0131 i\u00e7in ge\u00e7im kap\u0131m\u0131z haline gelen CMK fiyatlar\u0131na mesle\u011fin onuruna yara\u015f\u0131r insanca ya\u015fayabilecek kadar art\u0131r\u0131m talep ediyoruz.Gen\u00e7 avukatlar olarak kamu hizmeti niteli\u011findeki i\u015fler i\u00e7in a\u00e7l\u0131k sonunun alt\u0131ndaki tarifelerle ge\u00e7imimizi sa\u011flamaya mecbur b\u0131rak\u0131lmay\u0131; haciz mahallerinde, karakollarda, adliyelerde maruz kald\u0131\u011f\u0131m\u0131z ak\u0131nlar\u0131n kar\u015f\u0131l\u0131ks\u0131z kalmas\u0131n\u0131 kabul etmiyoruz. Biz \u00f6lmeyi ve vefatlar\u0131 yok say\u0131lanlar olmay\u0131 kabul etmiyoruz.<\/p>\n<p><b>&#8220;TORP\u0130L SORUNU \u0130NT\u0130HARA S\u00dcR\u00dcKLEYEN \u00d6B\u00dcR NEDEN&#8221;<\/b><\/p>\n<p>Bununla birlikte art\u0131k \u00fclkemizin bir ba\u015fka ger\u00e7e\u011fi haline gelen &#8216;torpil&#8217; sorunu ise gen\u00e7 meslekta\u015flar\u0131m\u0131z\u0131 intihara s\u00fcr\u00fckleyen \u00f6teki nedendir. H\u00e2kim ve savc\u0131l\u0131k imtihanlar\u0131na giren, bu imtihanlardan y\u00fcksek puanlar alarak h\u00e2kim ve savc\u0131 olma hakk\u0131 kazanan meslekta\u015flar\u0131m\u0131z\u0131n birden fazla kelaml\u0131 m\u00fclakat denen lakin asl\u0131nda insan kay\u0131rmac\u0131l\u0131k ve b\u00fcsb\u00fct\u00fcn torpil sistemi olan bu imtihanlarda elenmi\u015ftir.<\/p>\n<p>-Bunun da sebebi siyasi iktidar\u0131n kendinden olmayan\u0131 h\u00e2kim ve savc\u0131 yapmamas\u0131d\u0131r. Hakikaten hukuku uygulayacak, kanunlara ba\u011fl\u0131 olacak, kimseler i\u00e7in yukarlardan buyruk almayacak h\u00e2kim ve savc\u0131lar\u0131n bug\u00fcn yarg\u0131 sistemi i\u00e7inde olmas\u0131 siyasi iktidar\u0131n istemedi\u011fi ve engelledi\u011fi bir durumdur.<\/p>\n<p>-Bundan \u00f6t\u00fcr\u00fc da gerimizde duran adliye d\u00e2hil olmak \u00fczere hukuk sistemiz i\u00e7indeki art\u0131k bir\u00e7ok h\u00e2kim ve savc\u0131 &#8216;hak etme kriterlerine nazaran de\u011fil, biat etme kriterlerine g\u00f6re&#8217; o makamlara getirilmi\u015flerdir. Ya\u015fanan bu intiharlar bu ac\u0131 ger\u00e7e\u011fi g\u00f6z \u00f6n\u00fcne koymaktad\u0131r. Mesle\u011fimizde ya\u015fad\u0131\u011f\u0131m\u0131z bu ekonomik ve siyasi s\u0131k\u0131nt\u0131lar yaln\u0131zca mesle\u011fimizle hudutlu kalmamakta, t\u00fcm hayat\u0131m\u0131z\u0131 en ba\u015fta da psikolojimizi etkilemektedir. Adalet ararken ya\u015fad\u0131\u011f\u0131m\u0131z siyasi iktidardan kaynakl\u0131 s\u0131k\u0131nt\u0131lar, \u00fclkenin berbatla\u015fan iktisad\u0131 ile birle\u015fti\u011fi vakit gen\u00e7 avukatlar, hukuk\u00e7ular olan bizler &#8216;g\u00f6z nazaran g\u00f6re vefata s\u00fcr\u00fcklendi\u011fimizi&#8217; hissediyoruz.<\/p>\n<p><b>SAVCI ADAYI M\u0130THAT CAN YALMAN&#8217;IN \u0130NT\u0130HARI<\/b><\/p>\n<p>Mesle\u011fimizde ya\u015fanan bu sorunlardan \u00f6t\u00fcr\u00fc hayat\u0131na son veren avukat Mustafa \u00c7oban&#8217;\u0131 \u00f6l\u00fcme iten ger\u00e7ekler bunlard\u0131r. \u0130\u015fte, art\u0131k meslekte ya\u015fanan sorunlara katlanamaz hale gelen ve kendini 12. kattan a\u015fa\u011f\u0131 atmaya \u00e7al\u0131\u015fan Samsun&#8217;daki gen\u00e7 meslekta\u015f\u0131m\u0131z\u0131 intihara kalk\u0131\u015ft\u0131ran ger\u00e7ekler bunlard\u0131r. \u0130\u015fte, h\u00e2kim ve savc\u0131l\u0131k imtihan\u0131nda 115&#8217;inci olan lakin kelaml\u0131 m\u00fclakatta elenen meslekta\u015f\u0131m\u0131z Mert Akdo\u011fan\u2019\u0131, intihara s\u00fcr\u00fckleyen sebepler bunlard\u0131r. Tekrar, Adana Adliyesi\u2019nde vazife yapan savc\u0131 aday\u0131 Mithat Can Yalman mobbing ve tehditlere maruz kald\u0131\u011f\u0131n\u0131 a\u00e7\u0131klayarak hayat\u0131na son vermeye iten sebepler bunlard\u0131r.<\/p>\n<p>-G\u00f6r\u00fclmektedir ki, \u00fclkemizde son bir haftada ya\u015fanan gen\u00e7 hukuk\u00e7ular\u0131n, gen\u00e7 avukatlar\u0131n intihar etmelerinin ana sebebi net formda ekonomik zorluk ve siyasi bask\u0131lardan kaynakl\u0131d\u0131r. T\u00fcm bu ya\u015fanan olumsuz duruma kar\u015f\u0131 biz ise &#8216;\u00c7aresiz Hissetme, U\u011fra\u015fa Kat\u0131l&#8217; diyoruz. Zira lakin gen\u00e7 avukatlar\u0131n s\u0131k\u0131ca bir ortada durmas\u0131 bu karanl\u0131\u011f\u0131 ve \u00e7aresiz hissetmeyi ortadan kald\u0131rabilir.<\/p>\n<p>-Ancak biz sesimizi \u00e7\u0131kar\u0131rsak bu ger\u00e7ekler g\u00fcn y\u00fcz\u00fcne \u00e7\u0131kacakt\u0131r. \u0130\u015fte bundan kaynakl\u0131 olarak meslekta\u015flar\u0131m\u0131z\u0131 intihara s\u00fcr\u00fckleyen bu ger\u00e7ekleri bug\u00fcn burada s\u00f6z ettik. Bundan sonra da s\u00f6z etmeye devam edece\u011fiz.<\/p>\n<p>-Buradan ba\u015fta meslek \u00f6rg\u00fctlerimiz olan T\u00fcrkiye Barolar Birli\u011fi ve 81 ilin barolar\u0131na, barolar\u0131m\u0131za sesleniyoruz. &#8216;Sorumluluk al\u0131n ve ya\u015fanan bu aksiliklerin \u00f6n\u00fcne ge\u00e7in.&#8217; Bizim u\u011fra\u015f\u0131m\u0131z, mesle\u011fimizin onuru ve t\u00fcm hukuksuzluklar\u0131n ortadan kalkmas\u0131 i\u00e7indir. Bizim, u\u011fra\u015f\u0131m\u0131z, ortam\u0131zdan bir gen\u00e7 meslekta\u015f\u0131m\u0131z\u0131n daha ayr\u0131lmamas\u0131 i\u00e7indir&#8221;<\/p>\n","protected":false},"excerpt":{"rendered":"<p>Son olarak savc\u0131 aday\u0131n\u0131n meyyit bulunmas\u0131yla g\u00fcndeme gelen hukuk\u00e7u intiharlar\u0131na ait olarak \u0130stanbul Adliyesi&#8217;nde bas\u0131n toplant\u0131s\u0131 d\u00fczenlendi. Yap\u0131lan a\u00e7\u0131klamada avukatlar\u0131n g\u00f6z nazaran g\u00f6re vefata s\u00fcr\u00fcklendi\u011fi belirtildi.<\/p>\n","protected":false},"author":1,"featured_media":9459,"comment_status":"open","ping_status":"open","sticky":false,"template":"","format":"standard","meta":{"footnotes":""},"categories":[25],"tags":[793,2226,1424,89,2225],"class_list":["post-9458","post","type-post","status-publish","format-standard","has-post-thumbnail","hentry","category-gundem","tag-avukat","tag-etme","tag-genc","tag-gun","tag-intihar"],"_links":{"self":[{"href":"https:\/\/ikimisli.tr\/index.php\/wp-json\/wp\/v2\/posts\/9458","targetHints":{"allow":["GET"]}}],"collection":[{"href":"https:\/\/ikimisli.tr\/index.php\/wp-json\/wp\/v2\/posts"}],"about":[{"href":"https:\/\/ikimisli.tr\/index.php\/wp-json\/wp\/v2\/types\/post"}],"author":[{"embeddable":true,"href":"https:\/\/ikimisli.tr\/index.php\/wp-json\/wp\/v2\/users\/1"}],"replies":[{"embeddable":true,"href":"https:\/\/ikimisli.tr\/index.php\/wp-json\/wp\/v2\/comments?post=9458"}],"version-history":[{"count":1,"href":"https:\/\/ikimisli.tr\/index.php\/wp-json\/wp\/v2\/posts\/9458\/revisions"}],"predecessor-version":[{"id":9460,"href":"https:\/\/ikimisli.tr\/index.php\/wp-json\/wp\/v2\/posts\/9458\/revisions\/9460"}],"wp:featuredmedia":[{"embeddable":true,"href":"https:\/\/ikimisli.tr\/index.php\/wp-json\/wp\/v2\/media\/9459"}],"wp:attachment":[{"href":"https:\/\/ikimisli.tr\/index.php\/wp-json\/wp\/v2\/media?parent=9458"}],"wp:term":[{"taxonomy":"category","embeddable":true,"href":"https:\/\/ikimisli.tr\/index.php\/wp-json\/wp\/v2\/categories?post=9458"},{"taxonomy":"post_tag","embeddable":true,"href":"https:\/\/ikimisli.tr\/index.php\/wp-json\/wp\/v2\/tags?post=9458"}],"curies":[{"name":"wp","href":"https:\/\/api.w.org\/{rel}","templated":true}]}}