{"id":94622,"date":"2026-01-26T21:24:07","date_gmt":"2026-01-26T21:24:07","guid":{"rendered":"https:\/\/ikimisli.tr\/?p=94622"},"modified":"2026-01-26T21:24:07","modified_gmt":"2026-01-26T21:24:07","slug":"iste-chp-lideri-ozelin-gundeme-getirdigi-depremzedelere-imzalatilan-bos-senetler","status":"publish","type":"post","link":"https:\/\/ikimisli.tr\/index.php\/2026\/01\/26\/iste-chp-lideri-ozelin-gundeme-getirdigi-depremzedelere-imzalatilan-bos-senetler\/","title":{"rendered":"\u0130\u015fte CHP lideri \u00d6zel\u2019in g\u00fcndeme getirdi\u011fi, depremzedelere imzalat\u0131lan bo\u015f senetler"},"content":{"rendered":"<p>CHP lideri \u00d6zg\u00fcr \u00d6zel, Yalova mitinginde sars\u0131nt\u0131 b\u00f6lgesinde imzalat\u0131lan \u2018bo\u015f senetleri\u2019 hat\u0131rlatt\u0131 ve \u201cHatayl\u0131lar \u2018Bo\u015f Senet\u00e7i Murat\u2019 diye tan\u0131ml\u0131yorlar\u201d diyerek \u00c7evre \u015eehircilik Bakan\u0131 Murat Kurum\u2019a y\u00fcklendi.<\/p>\n<p><strong>\u2018BO\u015e SENET\u00c7\u0130 MURAT\u2019<\/strong><\/p>\n<p>\u00d6zel, Yalova\u2019da \u2018bo\u015f senet\u00e7i\u2019 hengamesini ba\u015flatan \u015fu tabirleri kulland\u0131: \u201cBu Murat Bey\u2019i Hatayl\u0131lar \u2018Bo\u015f Senet\u00e7i Murat\u2019 diye tan\u0131ml\u0131yorlar. Dediler ki, \u2018En g\u00fc\u00e7 g\u00fcn\u00fcm\u00fczde geldiler, \u2018Biz sars\u0131nt\u0131 konutlar\u0131n\u0131 bir y\u0131l i\u00e7inde bitirece\u011fiz\u2019 dediler. \u2018Oyu bize verin, g\u00f6r\u00fcn bir y\u0131l sonra evdesiniz\u2019 dediler. Oyu verdik, bir y\u0131l sonra konutlar\u0131n %2\u2019sini bitirebildiler, iki y\u0131l sonra %30\u2019unu bitirebildiler, \u00fc\u00e7 y\u0131l sonra %70\u2019ini bitirebildiler; bununla \u00f6v\u00fcn\u00fcyorlar. \u00dc\u00e7 y\u0131l konteynerde kalm\u0131\u015f\u0131m, ya\u011fmurun \u00e7amurun alt\u0131nda kalm\u0131\u015f\u0131m. Bo\u015f senete imza atmazsan meskenin anahtar\u0131n\u0131 vermem\u2019 diyorlar.\u201d<\/p>\n<p><strong>LAF DE\u011e\u0130L ESER \u00dcRET\u0130YORUZ<\/strong><\/p>\n<p>Bakan Kurum, \u00d6zel\u2019e \u015fu kar\u015f\u0131l\u0131\u011f\u0131 verdi: \u201cCHP eser \u00fcretemedi\u011fi \u00fczere art\u0131k laf da \u00fcretemiyor. \u00d6zg\u00fcr \u00d6zel her yerde bozuk plak \u00fczere Murat Kurum da Murat Kurum. R\u00fcyanda bile g\u00f6remeyece\u011fin yap\u0131tlar\u0131 biz \u00fcretiyoruz diye akl\u0131n \u00e7\u0131k\u0131yor!\u201d<\/p>\n<p><img decoding=\"async\" src=\"https:\/\/ikimisli.tr\/wp-content\/uploads\/2026\/01\/iste-chp-lideri-ozelin-gundeme-getirdigi-depremzedelere-imzalatilan-bos-senetler-0-fn5sk5KP.jpg\"\/><\/p>\n<p><strong>M\u00dcTEAHH\u0130T \u00dcZERE KONU\u015eUYORSUN<\/strong><\/p>\n<p>CHP K\u00fcme Ba\u015fkanvekili Murat Buyruk, Bakan Kurum\u2019un s\u00f6zlerine \u201c\u0130mar Aff\u0131 ile \u2018m\u00fcjde\u2019 verip on binlerce insan\u0131m\u0131za mezar etti\u011fin kentleri, alt\u0131na att\u0131\u011f\u0131n \u2018\u00c7ED Olumlu\u2019 imzanla \u0130li\u00e7\u2019te siyan\u00fcrl\u00fc topra\u011fa g\u00f6md\u00fc\u011f\u00fcn madencileri, Salda G\u00f6l\u00fc\u2019nde talan etti\u011fin do\u011fay\u0131, kap\u0131 kap\u0131 gezen TOKi ma\u011fdurlar\u0131n\u0131, bo\u015f senet imzalatt\u0131\u011f\u0131n sars\u0131nt\u0131 ma\u011fdurlar\u0131n\u0131 biz \u00e7ok uygun biliriz. Senin hakk\u0131nda att\u0131\u011f\u0131n ad\u0131m\u0131 bile \u2018B\u00fcy\u00fck icraat\u2019 diye haber yapan haber kanallar\u0131n b\u00e2t\u0131n sahiplerinin sana olan sevgilerinin nedenlerini de\u2026 Ortam\u0131zda bir fark var. Sen m\u00fcteahhit \u00fczere konu\u015fuyorsun, biz halk\u0131n avukat\u0131 \u00fczere soruyoruz!\u201d kar\u015f\u0131l\u0131\u011f\u0131n\u0131 verdi.<\/p>\n<p><strong>ESER DE\u011e\u0130L, TEFEC\u0130 S\u0130YASET\u0130<\/strong><\/p>\n<p>CHP Genel Ba\u015fkan Yard\u0131mc\u0131s\u0131 ve Parti S\u00f6zc\u00fcs\u00fc Zeynel Emre ise Kurum\u2019a \u201cSay\u0131n Murat Kurum, \u2018eser\u2019 diye pazarlad\u0131\u011f\u0131n\u0131z tertibin ger\u00e7ek ismi; Depremzedeye kurulmu\u015f bir tuzakt\u0131r! \u0130ktidar, vatanda\u015f\u0131na tuzak kurmaz Say\u0131n Kurum! Bu eser siyaseti de\u011fil, d\u00fcped\u00fcz tefeci siyasetidir!\u201d dedi.<\/p>\n<p><b><span>\u00d6zel\u2019e yan\u0131t verdi: Kederini biliyorum<\/span><\/b><\/p>\n<p>Bakan Kurum, \u00d6zel\u2019e sosyal medya hesab\u0131ndan yan\u0131t verdi ve \u201cBen senin kayg\u0131s\u0131n\u0131 biliyorum! Senin kederin; sars\u0131nt\u0131 b\u00f6lgesinde in\u015fa etti\u011fimiz 455 bin konut. Senin kayg\u0131n\u0131n; milletimiz i\u00e7in yapaca\u011f\u0131m\u0131z 500 bin toplumsal konut\u201d dedi.<\/p>\n","protected":false},"excerpt":{"rendered":"<p>Depremzelere biten konutlara kar\u015f\u0131l\u0131k bo\u015f senet imzalat\u0131lmas\u0131yla ilgili \u00d6zel\u2019e, \u201cLaf de\u011fil eser<br \/>\n\u00fcretiyoruz\u201d diyen Bakan Kurum\u2019a CHP\u2019li Emir \u201cM\u00fcteahhit \u00fczere konu\u015fuyorsun\u201d kar\u015f\u0131l\u0131\u011f\u0131n\u0131 verdi.<\/p>\n","protected":false},"author":1,"featured_media":94623,"comment_status":"open","ping_status":"open","sticky":false,"template":"","format":"standard","meta":{"footnotes":""},"categories":[25],"tags":[10015,476,816,10014,5087],"class_list":["post-94622","post","type-post","status-publish","format-standard","has-post-thumbnail","hentry","category-gundem","tag-bos-senet","tag-eser","tag-kurum","tag-murat","tag-verdi"],"_links":{"self":[{"href":"https:\/\/ikimisli.tr\/index.php\/wp-json\/wp\/v2\/posts\/94622","targetHints":{"allow":["GET"]}}],"collection":[{"href":"https:\/\/ikimisli.tr\/index.php\/wp-json\/wp\/v2\/posts"}],"about":[{"href":"https:\/\/ikimisli.tr\/index.php\/wp-json\/wp\/v2\/types\/post"}],"author":[{"embeddable":true,"href":"https:\/\/ikimisli.tr\/index.php\/wp-json\/wp\/v2\/users\/1"}],"replies":[{"embeddable":true,"href":"https:\/\/ikimisli.tr\/index.php\/wp-json\/wp\/v2\/comments?post=94622"}],"version-history":[{"count":1,"href":"https:\/\/ikimisli.tr\/index.php\/wp-json\/wp\/v2\/posts\/94622\/revisions"}],"predecessor-version":[{"id":94625,"href":"https:\/\/ikimisli.tr\/index.php\/wp-json\/wp\/v2\/posts\/94622\/revisions\/94625"}],"wp:featuredmedia":[{"embeddable":true,"href":"https:\/\/ikimisli.tr\/index.php\/wp-json\/wp\/v2\/media\/94623"}],"wp:attachment":[{"href":"https:\/\/ikimisli.tr\/index.php\/wp-json\/wp\/v2\/media?parent=94622"}],"wp:term":[{"taxonomy":"category","embeddable":true,"href":"https:\/\/ikimisli.tr\/index.php\/wp-json\/wp\/v2\/categories?post=94622"},{"taxonomy":"post_tag","embeddable":true,"href":"https:\/\/ikimisli.tr\/index.php\/wp-json\/wp\/v2\/tags?post=94622"}],"curies":[{"name":"wp","href":"https:\/\/api.w.org\/{rel}","templated":true}]}}