{"id":94719,"date":"2026-01-27T02:12:07","date_gmt":"2026-01-27T02:12:07","guid":{"rendered":"https:\/\/ikimisli.tr\/?p=94719"},"modified":"2026-01-27T02:12:07","modified_gmt":"2026-01-27T02:12:07","slug":"yilmaz-guneyin-ailesi-savci-yavuz-engin-hakkinda-hskya-sikayet-savciliga-suc-duyurusunda-bulundu","status":"publish","type":"post","link":"https:\/\/ikimisli.tr\/index.php\/2026\/01\/27\/yilmaz-guneyin-ailesi-savci-yavuz-engin-hakkinda-hskya-sikayet-savciliga-suc-duyurusunda-bulundu\/","title":{"rendered":"Y\u0131lmaz G\u00fcney\u2019in ailesi Savc\u0131 Yavuz Engin hakk\u0131nda HSK\u2019ya \u015fik\u00e2yet, savc\u0131l\u0131\u011fa su\u00e7 duyurusunda bulundu"},"content":{"rendered":"<p>Y\u00f6netmenli\u011fini yapt\u0131\u011f\u0131 Duvar sinemas\u0131n\u0131n kamera ard\u0131nda, elindeki megafonla bir bireye vurmas\u0131na ait manzaralar\u0131 tart\u0131\u015fma konusu olan Y\u0131lmaz G\u00fcney\u2019in ailesi, toplumsal medya hesab\u0131ndan G\u00fcney i\u00e7in,&#8221;T\u00fcrk\u00fcn haf\u0131zas\u0131 kuvvetli olmal\u0131, dostu d\u00fc\u015fman\u0131 tan\u0131mal\u0131d\u0131r. Y\u0131lmaz G\u00fcney isimli \u015fah\u0131s, h\u00e2kim katilidir. Ter\u00f6rist zihniyete sahip bir devlet d\u00fc\u015fman\u0131d\u0131r. Vatans\u0131zd\u0131r. \u00c7ocuklar\u0131n\u0131za izletmeyin&#8221; tabirlerini kullanan, birebir vakitte Yenido\u011fan Savc\u0131s\u0131 olarak da tan\u0131nan Savc\u0131 Yavuz Engin hakk\u0131nda H\u00e2kimler ve Savc\u0131lar Kurulu (HSK) ile savc\u0131l\u0131\u011fa kabahat duyurusunda bulundu.<\/p>\n<p>T24&#8217;ten Sibel Y\u00fckler&#8217;in haberine nazaran; G\u00fcney Ailesi ismine Avukat Bi\u015far Al\u0131nak HSK\u2019ya ve \u0130stanbul Cumhuriyet Ba\u015fsavc\u0131l\u0131\u011f\u0131\u2019na sunulan dilek\u00e7ede, Savc\u0131 Engin hakk\u0131nda \u201cki\u015finin an\u0131s\u0131na hakaret\u201d, \u201chalk\u0131 kin ve d\u00fc\u015fmanl\u0131\u011fa tahrik\/a\u015fa\u011f\u0131lama\u201d ve \u201cg\u00f6revi berbata kullanma\u201d kabahatlerinden s\u00fcratle soru\u015fturma y\u00fcr\u00fct\u00fclerek hakk\u0131nda kamu davas\u0131 a\u00e7\u0131lmas\u0131 talep edildi.<\/p>\n<p><b>&#8216;YILMAZ G\u00dcNEY&#8217;E ALENEN SALDIRDI, K\u00dcRT K\u0130ML\u0130\u011e\u0130N\u0130 AMA\u00c7 ALDI&#8217;<\/b><\/p>\n<p>Savc\u0131 Engin\u2019in payla\u015f\u0131m\u0131n\u0131n &#8220;bir kanaat a\u00e7\u0131klamas\u0131 de\u011fil; hukuken korunamayacak \u00f6l\u00e7\u00fcde a\u011f\u0131r ve sald\u0131rgan bir ki\u015filik hakk\u0131 ihlali oldu\u011fu ve c\u00fcr\u00fcm te\u015fkil eden aksiyonlara beden verdi\u011fi&#8221; tabir edilen dilek\u00e7ede, \u201cYavuz Engin, misyon ve makam\u0131n\u0131n gerektirdi\u011fi itina, tarafs\u0131zl\u0131k ve vakar prensiplerine a\u00e7\u0131k\u00e7a al\u0131\u015f\u0131lmam\u0131\u015f bi\u00e7imde hareket ederek, m\u00fcteveffa sanat\u00e7\u0131 Y\u0131lmaz G\u00fcney\u2019in manevi ki\u015fili\u011fine ve an\u0131s\u0131na alenen sald\u0131rm\u0131\u015f, m\u00fcteveffa sanat\u00e7\u0131 Y\u0131lmaz G\u00fcney&#8217;i t\u0131pk\u0131 vakitte ara\u00e7 olarak kullanarak i\u00e7indeki ideoloji kisvesi alt\u0131nda biriktirdi\u011fi \u00f6fkeyi d\u0131\u015fa vurmu\u015f, T\u00fcrk milliyet\u00e7ili\u011fi \u00fczerinden K\u00fcrt kimli\u011fini ama\u00e7 alarak h\u00fccumda bulunmu\u015ftur\u201d denildi.<\/p>\n<p><img decoding=\"async\" src=\"https:\/\/ikimisli.tr\/wp-content\/uploads\/2026\/01\/yilmaz-guneyin-ailesi-savci-yavuz-engin-hakkinda-hskya-sik-yet-savciliga-suc-duyurusunda-bulundu-0-PCjKDdiP.jpg\"\/><\/p>\n<p><b>&#8216;TARAFSIZLIK PRENS\u0130B\u0130N\u0130 \u0130ST\u0130SMAR EDEN A\u011eIR B\u0130R SKANDAL&#8217;<\/b><\/p>\n<p>Engin\u2019in Cumhuriyet savc\u0131s\u0131 s\u0131fat\u0131yla yarg\u0131 erki ismine kamu g\u00fcc\u00fc kullanan bir devlet memuru oldu\u011fu s\u00f6z edilen dilek\u00e7ede, \u201c\u0327Sergiledig\u0306i tav\u0131r, bir Cumhuriyet savc\u0131s\u0131na bir ag\u0306\u0131z dalas\u0327\u0131 ya da s\u0131radan bir paylas\u0327\u0131m deg\u0306ildir, toplumsal medya trol\u00fc \u00fczere davranarak dog\u0306rudan dog\u0306ruya yarg\u0131 makam\u0131n\u0131n vakar\u0131n\u0131 yerle bir eden, tarafs\u0131zl\u0131k prensibini istismar eden ag\u0306\u0131r bir skandald\u0131r. Cumhuriyet savc\u0131l\u0131g\u0306\u0131 makam\u0131; lin\u00e7 \u00fcretmek, yaftalamak, d\u00fcs\u0327man yaratmak ve nefret \u00f6rg\u00fctlemek i\u00e7in deg\u0306il; hukuku ayakta tutmak, adil sorus\u0327turma y\u00fcr\u00fctmek ve yurttas\u0327\u0131n devlete duydug\u0306u itimad\u0131 korumak i\u00e7in vard\u0131r. S\u0327\u00fcpheli ise bu makam\u0131n ag\u0306\u0131rl\u0131g\u0306\u0131n\u0131, adalet ismine tas\u0327\u0131d\u0131g\u0306\u0131 c\u00fcbbeyi, toplumsal medya meydanlar\u0131nda slogan atan bir trol lisan\u0131na d\u00f6n\u00fcs\u0327t\u00fcrm\u00fcs\u0327; yarg\u0131n\u0131n ciddiyetini bir etkiles\u0327im avc\u0131l\u0131g\u0306\u0131 d\u00fczeyine d\u00fcs\u0327\u00fcrm\u00fcs\u0327t\u00fcr\u201d denildi.<\/p>\n<p>Dilek\u00e7enin devam\u0131nda \u015fu tabirlere yer verildi:<\/p>\n<p>\u201cY\u0131lmaz G\u00fcney, sadece bir sanat\u00e7\u0131 deg\u0306il; bu cog\u0306rafyan\u0131n k\u00fclt\u00fcrel haf\u0131zas\u0131nda derin iz b\u0131rakm\u0131s\u0327, yap\u0131tlar\u0131yla memleketler aras\u0131 alanda dahi ses getirmis\u0327 istisnai bir fig\u00fcrd\u00fcr. Hakikaten, Y\u0131lmaz G\u00fcney\u2019in Cannes Sinema Festivali\u2019nde \u00f6d\u00fcl alm\u0131s\u0327 olmas\u0131; onun bas\u0327ar\u0131s\u0131n\u0131n, \u00fcretiminin ve sanatsal tesirinin sadece bu cog\u0306rafya hudutlar\u0131 i\u00e7inde deg\u0306il, d\u00fcnyada kabul g\u00f6rd\u00fcg\u0306\u00fcn\u00fcn somut g\u00f6stergesidir. Buna kars\u0327\u0131l\u0131k, \u2018Yumurtal\u0131k davas\u0131\u2019 \u00fczerinden y\u00fcr\u00fct\u00fclen tart\u0131s\u0327malar\u0131n ve m\u00fcteveffan\u0131n vefat\u0131n\u0131n \u00fczerinden dahi son derece uzun bir m\u00fcddet ge\u00e7mis\u0327 olmas\u0131na rag\u0306men, hala sistematik bi\u00e7imde t\u0131pk\u0131 nefret lisan\u0131n\u0131n \u00fcretilebilmesi; ortada sadece bir eles\u0327tiri deg\u0306il, derin bir tahamm\u00fcls\u00fczl\u00fck ve ideolojik bir intikam refleksi bulundug\u0306unu a\u00e7\u0131k\u00e7a g\u00f6stermektedir. \u2018Yumurtal\u0131k davas\u0131\u2019nda 52 y\u0131l evvel kurulan \u0307Y\u0131lmaz G\u00fcney katildir mahkemesi\u2019, yarg\u0131 mensuplar\u0131n\u0131n vicdan ve adalet hislerini yok sayarak k\u00f6t\u00fcl\u00fcg\u0306\u00fc se\u00e7tig\u0306i yarg\u0131 safsatas\u0131 ruhunu ve tezah\u00fcr\u00fcn\u00fc bug\u00fcn hata is\u0327lemekten imtina etmeyen Cumhuriyet Savc\u0131s\u0131 Yavuz Engin&#8217;e b\u0131rakm\u0131s\u0327t\u0131r.\u201d<\/p>\n<p><img decoding=\"async\" src=\"https:\/\/ikimisli.tr\/wp-content\/uploads\/2026\/01\/yilmaz-guneyin-ailesi-savci-yavuz-engin-hakkinda-hskya-sik-yet-savciliga-suc-duyurusunda-bulundu-1-btz8w2Rc.jpg\"\/><\/p>\n<p>\u201cbu paylas\u0327\u0131m\u0131n gayesi, bir kis\u0327i hakk\u0131nda kanaat bildirmek deg\u0306il; makul bir etnik, k\u00fclt\u00fcrel kimlig\u0306e ve toplumsal haf\u0131zaya dair derin \u00f6nyarg\u0131lar\u0131 kas\u0327\u0131yarak, bilhassa K\u00fcrt kimlig\u0306iyle \u00f6zdes\u0327les\u0327tirilen siyasi ve k\u00fclt\u00fcrel fig\u00fcrlere y\u00f6nelik nefret hissini mes\u0327rulas\u0327t\u0131rmak ve yayg\u0131nlas\u0327t\u0131rmakt\u0131r. S\u0327\u00fcpheli, Y\u0131lmaz G\u00fcney\u2019i maksat al\u0131rken ger\u00e7ekte bir kis\u0327iyi deg\u0306il; o kis\u0327inin temsil ettig\u0306i d\u00fcs\u0327\u00fcn\u00fclen kimlig\u0306i, k\u00fclt\u00fcr\u00fc ve toplumsal aidiyeti gayeye koymakta; b\u00f6ylece T\u00fcrk ve K\u00fcrt ayr\u0131m\u0131n\u0131 keskinles\u0327tiren bir nefret ve \u00f6tekiles\u0327tirme lisan\u0131 \u00fcretmektedir. Bu durum, paylas\u0327\u0131mdaki telaffuzun art plan\u0131nda etnik kimlig\u0306e dayal\u0131 bir d\u00fcs\u0327manl\u0131g\u0306\u0131n bulundug\u0306unu g\u00f6stermekte olup; aksiyonun nefret saikiyle is\u0327lendig\u0306ine dair kuvvetli emare tes\u0327kil etmektedir. Bu, milliyet\u00e7ilik de\u011fil; a\u00e7\u0131k bi\u00e7imde kimlik temelli ayr\u0131mc\u0131l\u0131k, nefret lisan\u0131 ve kamusal otorite eliyle d\u00fc\u015fman \u00fcretme prati\u011fidir.\u201d<\/p>\n<p><b>&#8216;VATANSIZ YAFTASI K\u00dcRTLER\u0130 YURTTA\u015eLIK BA\u011eINDAN KOPARAN NEFRET D\u0130L\u0130D\u0130R&#8217;<\/b><\/p>\n<p>Payla\u015f\u0131mda yer alan vatans\u0131z yaftas\u0131, g\u00fcnahs\u0131z bir siyasi eles\u0327tiri deg\u0306ildir; T\u00fcrkiye\u2019de tarih\u00ee ve toplumsal bag\u0306lam\u0131 prestijiyle son derece ag\u0306\u0131r, as\u0327ag\u0306\u0131lay\u0131c\u0131 ve tehlikeli bir kodlamad\u0131r. Zira vatans\u0131z s\u00f6z\u00fc, s\u0131rf g\u00f6r\u00fcs\u0327\u00fcn\u00fc beyan etmesi deg\u0306il; Y\u0131lmaz G\u00fcney \u00fczerinden K\u00fcrt kimlig\u0306ini toplum nezdinde yurttas\u0327l\u0131k bag\u0306\u0131ndan koparmaya, bu \u00fclkeye ili\u015fkin deg\u0306ilmis\u0327 \u00fczere g\u00f6stermeye ve a\u00e7\u0131k\u00e7a d\u00fcs\u0327man kategorisine yerles\u0327tirmeye d\u00f6n\u00fck bir nefret lisan\u0131d\u0131r.\u201d<\/p>\n","protected":false},"excerpt":{"rendered":"<p>Y\u0131lmaz G\u00fcney\u2019in ailesi, toplumsal medya hesab\u0131ndan \u201cY\u0131lmaz G\u00fcney isimli \u015fah\u0131s, h\u00e2kim katilidir. Ter\u00f6rist zihniyete sahip bir devlet d\u00fc\u015fman\u0131d\u0131r\u201d payla\u015f\u0131m\u0131 yapan B\u00fcy\u00fck\u00e7ekmece Cumhuriyet Savc\u0131s\u0131 Yavuz Engin hakk\u0131nda HSK\u2019ya ve \u0130stanbul Cumhuriyet Ba\u015fsavc\u0131l\u0131\u011f\u0131\u2019na kabahat duyurusunda bulundu.<\/p>\n","protected":false},"author":1,"featured_media":94720,"comment_status":"open","ping_status":"open","sticky":false,"template":"","format":"standard","meta":{"footnotes":""},"categories":[25],"tags":[2336,1914,6485,1210,10027],"class_list":["post-94719","post","type-post","status-publish","format-standard","has-post-thumbnail","hentry","category-gundem","tag-dili","tag-kurt","tag-nefret","tag-savci","tag-yilmaz-guney"],"_links":{"self":[{"href":"https:\/\/ikimisli.tr\/index.php\/wp-json\/wp\/v2\/posts\/94719","targetHints":{"allow":["GET"]}}],"collection":[{"href":"https:\/\/ikimisli.tr\/index.php\/wp-json\/wp\/v2\/posts"}],"about":[{"href":"https:\/\/ikimisli.tr\/index.php\/wp-json\/wp\/v2\/types\/post"}],"author":[{"embeddable":true,"href":"https:\/\/ikimisli.tr\/index.php\/wp-json\/wp\/v2\/users\/1"}],"replies":[{"embeddable":true,"href":"https:\/\/ikimisli.tr\/index.php\/wp-json\/wp\/v2\/comments?post=94719"}],"version-history":[{"count":1,"href":"https:\/\/ikimisli.tr\/index.php\/wp-json\/wp\/v2\/posts\/94719\/revisions"}],"predecessor-version":[{"id":94723,"href":"https:\/\/ikimisli.tr\/index.php\/wp-json\/wp\/v2\/posts\/94719\/revisions\/94723"}],"wp:featuredmedia":[{"embeddable":true,"href":"https:\/\/ikimisli.tr\/index.php\/wp-json\/wp\/v2\/media\/94720"}],"wp:attachment":[{"href":"https:\/\/ikimisli.tr\/index.php\/wp-json\/wp\/v2\/media?parent=94719"}],"wp:term":[{"taxonomy":"category","embeddable":true,"href":"https:\/\/ikimisli.tr\/index.php\/wp-json\/wp\/v2\/categories?post=94719"},{"taxonomy":"post_tag","embeddable":true,"href":"https:\/\/ikimisli.tr\/index.php\/wp-json\/wp\/v2\/tags?post=94719"}],"curies":[{"name":"wp","href":"https:\/\/api.w.org\/{rel}","templated":true}]}}