{"id":9477,"date":"2025-02-10T14:00:11","date_gmt":"2025-02-10T14:00:11","guid":{"rendered":"https:\/\/ikimisli.tr\/?p=9477"},"modified":"2025-02-10T14:00:11","modified_gmt":"2025-02-10T14:00:11","slug":"tegmenler-savunmasinda-fotograf-ve-video-detayi","status":"publish","type":"post","link":"https:\/\/ikimisli.tr\/index.php\/2025\/02\/10\/tegmenler-savunmasinda-fotograf-ve-video-detayi\/","title":{"rendered":"Te\u011fmenler savunmas\u0131nda foto\u011fraf ve video detay\u0131"},"content":{"rendered":"<p>Kara Harp Okulu resmi mezuniyet merasimi sonras\u0131nda ba\u015flat\u0131lan disiplin soru\u015fturmas\u0131nda, &#8221;T\u00fcrk Silahl\u0131 Kuvvetleri&#8217;nden ay\u0131rma&#8221; cezas\u0131yla Y\u00fcksek Disiplin Heyeti&#8217;ne (YDK) sevk edilen te\u011fmenler ve avukatlar\u0131, 16 Ocak\u2019taki kelaml\u0131 savunmalar\u0131n\u0131 foto\u011fraf ve g\u00f6r\u00fcnt\u00fc ile de destekleyecek.<\/p>\n<p>MS\u00dc Kara Harp Okulu Diploma Alma ve Sancak B\u00f6l\u00fcm Teslim T\u00f6reni&#8217;ndeki yemin merasimi sonras\u0131nda haklar\u0131nda soru\u015fturma ba\u015flat\u0131lan te\u011fmenlerle ilgili evrak\u0131n g\u00f6r\u00fc\u015f\u00fclece\u011fi YDK, 16 Ocak\u2019ta saat 14.00\u2019te toplanacak. Te\u011fmenler ve avukatlar\u0131, YDK\u2019da kelaml\u0131 savunmalar\u0131n\u0131 yapacak.<\/p>\n<p><b>AVUKATLARIN TALEB\u0130 REDDED\u0130LD\u0130<\/b><\/p>\n<p>S\u00f6zl\u00fc savunmalar\u0131n al\u0131naca\u011f\u0131 salonda, heyete foto\u011fraf ve g\u00f6r\u00fcnt\u00fc izlettirilmesine imkan tan\u0131yan ayg\u0131tlar da yerle\u015ftirilecek.<\/p>\n<p>Te\u011fmenlerin avukatlar\u0131, idari tahkikat heyeti yahut disiplin soru\u015fturma heyetinin, &#8221;yetkili bireyler yahut soru\u015fturma sonucuyla menfaati olan \u015fah\u0131slar olup olmad\u0131\u011f\u0131n\u0131n tespiti i\u00e7in&#8221; kimlik, r\u00fctbe ve misyon yeri bilgilerini istedi. Kara Kuvvetleri Komutanl\u0131\u011f\u0131 \u0130\u015f\u00e7i Daire Ba\u015fkanl\u0131\u011f\u0131 bu talepleri reddetti.<\/p>\n<p>S\u00f6zl\u00fc savunmalar\u0131n, foto\u011fraf ve g\u00f6r\u00fcnt\u00fc izletilerek yap\u0131lmas\u0131 hedefiyle toplant\u0131da foto\u011fraf ve g\u00f6r\u00fcnt\u00fc g\u00f6sterimine uygun bilgisayar ve projeksiyon ayg\u0131t\u0131n\u0131n sa\u011flanmas\u0131 da talep edildi. \u0130\u015f\u00e7i Daire Ba\u015fkanl\u0131\u011f\u0131, bu talebin, \u201csavunma i\u00e7in haz\u0131rlanan foto\u011fraf ve g\u00f6r\u00fcnt\u00fclerin, savunma saatinden en az iki saat evvel disk ortam\u0131nda iletilmesi halinde sisteme y\u00fcklenerek kar\u015f\u0131lanabilece\u011fi\u201d kar\u015f\u0131l\u0131\u011f\u0131n\u0131 verdi.<\/p>\n<p><b>\u00dc\u00c7 KUMANDAN DA SAVUNMA YAPACAK<\/b><\/p>\n<p>Te\u011fmenlerin yan\u0131 s\u0131ra merasim s\u0131ras\u0131nda alay, tabur ve b\u00f6l\u00fck kumandan\u0131 olan \u00fc\u00e7 kumandan, birebir g\u00fcn t\u0131pk\u0131 saatte savunma verecek. \u00dc\u00e7 komutan\u0131n savunmas\u0131, Milli Savunma Bakanl\u0131\u011f\u0131 Y\u00fcksek Disiplin Kurulunda 16 Ocak\u2019ta saat 14.00\u2019te al\u0131nmaya ba\u015flanacak.<\/p>\n<p>Y\u00fcksek disiplin heyetlerinde yap\u0131lan inceleme ve de\u011ferlendirmeler sonucunda durumu g\u00f6r\u00fc\u015f\u00fclen i\u015f\u00e7i hakk\u0131nda, &#8221;Silahl\u0131 Kuvvetlerden ay\u0131rma cezas\u0131&#8221; yahut &#8221;Silahl\u0131 Kuvvetlerden ay\u0131rma cezas\u0131 verilmesine yer olmad\u0131\u011f\u0131&#8221; kararlar\u0131ndan biri veriliyor.<\/p>\n<p><b>KARARIN B\u0130R AY \u0130\u00c7\u0130NDE VER\u0130LMES\u0130 BEKLEN\u0130YOR<\/b><\/p>\n<p>Kurulun, 16 Ocak\u2019tan sonra karar\u0131n\u0131 1 ay i\u00e7inde yaz\u0131l\u0131 olarak bildiri etmesi bekleniyor.<\/p>\n<p>Y\u00fcksek disiplin konseyleri taraf\u0131ndan verilen &#8221;Silahl\u0131 Kuvetlerden ay\u0131rma&#8221; cezalar\u0131na kar\u015f\u0131 idari yarg\u0131 yoluna ba\u015fvurulabiliyor.<\/p>\n","protected":false},"excerpt":{"rendered":"<p>Kara Harp Okulu mezuniyetinde k\u0131l\u0131\u00e7l\u0131 yemin eden ve &#8220;Mustafa Kemal&#8217;in askerleriyiz&#8221; slogan\u0131 atan te\u011fmenlere y\u00f6nelik ba\u015flat\u0131lan disiplin s\u00fcrecinde te\u011fmenler bu per\u015fembe g\u00fcn\u00fc savunmalar\u0131n\u0131 yapacak. Te\u011fmenlerin yan\u0131nda \u00fc\u00e7 kumandan da YDK&#8217;ya sevk edildi.<\/p>\n","protected":false},"author":1,"featured_media":9478,"comment_status":"open","ping_status":"open","sticky":false,"template":"","format":"standard","meta":{"footnotes":""},"categories":[25],"tags":[1368,775,2232,1272,1404],"class_list":["post-9477","post","type-post","status-publish","format-standard","has-post-thumbnail","hentry","category-gundem","tag-disiplin","tag-kara","tag-komutan","tag-saat","tag-savunma"],"_links":{"self":[{"href":"https:\/\/ikimisli.tr\/index.php\/wp-json\/wp\/v2\/posts\/9477","targetHints":{"allow":["GET"]}}],"collection":[{"href":"https:\/\/ikimisli.tr\/index.php\/wp-json\/wp\/v2\/posts"}],"about":[{"href":"https:\/\/ikimisli.tr\/index.php\/wp-json\/wp\/v2\/types\/post"}],"author":[{"embeddable":true,"href":"https:\/\/ikimisli.tr\/index.php\/wp-json\/wp\/v2\/users\/1"}],"replies":[{"embeddable":true,"href":"https:\/\/ikimisli.tr\/index.php\/wp-json\/wp\/v2\/comments?post=9477"}],"version-history":[{"count":1,"href":"https:\/\/ikimisli.tr\/index.php\/wp-json\/wp\/v2\/posts\/9477\/revisions"}],"predecessor-version":[{"id":9479,"href":"https:\/\/ikimisli.tr\/index.php\/wp-json\/wp\/v2\/posts\/9477\/revisions\/9479"}],"wp:featuredmedia":[{"embeddable":true,"href":"https:\/\/ikimisli.tr\/index.php\/wp-json\/wp\/v2\/media\/9478"}],"wp:attachment":[{"href":"https:\/\/ikimisli.tr\/index.php\/wp-json\/wp\/v2\/media?parent=9477"}],"wp:term":[{"taxonomy":"category","embeddable":true,"href":"https:\/\/ikimisli.tr\/index.php\/wp-json\/wp\/v2\/categories?post=9477"},{"taxonomy":"post_tag","embeddable":true,"href":"https:\/\/ikimisli.tr\/index.php\/wp-json\/wp\/v2\/tags?post=9477"}],"curies":[{"name":"wp","href":"https:\/\/api.w.org\/{rel}","templated":true}]}}