{"id":94795,"date":"2026-01-27T06:36:05","date_gmt":"2026-01-27T06:36:05","guid":{"rendered":"https:\/\/ikimisli.tr\/?p=94795"},"modified":"2026-01-27T06:36:05","modified_gmt":"2026-01-27T06:36:05","slug":"sena-ile-silani-hayattan-kopardi-ilk-ifadesi-ortaya-cikti","status":"publish","type":"post","link":"https:\/\/ikimisli.tr\/index.php\/2026\/01\/27\/sena-ile-silani-hayattan-kopardi-ilk-ifadesi-ortaya-cikti\/","title":{"rendered":"Sena ile \u015eilan&#8217;\u0131 hayattan kopard\u0131! \u0130lk ifadesi ortaya \u00e7\u0131kt\u0131"},"content":{"rendered":"<p>Bursa&#8217;da y\u00fcrek yakan kaza, 20 Ocak\u2019ta saat 01.30 s\u0131ralar\u0131nda, \u0130neg\u00f6l il\u00e7esi k\u0131rsal Ortak\u00f6y Mahallesi yolunda meydana geldi.<\/p>\n<p><b>YOLUN KENARINDAK\u0130 A\u011eACA \u00c7ARPTI<\/b><\/p>\n<p>\u00a0\u0130neg\u00f6l taraf\u0131na giderken Selahattin Yi\u011fit\u2019in (28) denetimini yitirdi\u011fi araba, yol kenar\u0131ndaki a\u011faca \u00e7arpt\u0131. \u0130hbar \u00fczerine kaza yerine s\u0131hhat, polis ve itfaiye arama kurtarma tak\u0131mlar\u0131 sevk edildi.<\/p>\n<p><b>\u0130K\u0130 GEN\u00c7 BAYAN OLAY YER\u0130NDE \u00d6LD\u00dc<\/b><\/p>\n<p>Sa\u011fl\u0131k gruplar\u0131n\u0131n denetiminde arabadaki Sena Arslan (24) ile \u015eilan K\u0131z\u0131lveren&#8217;in (23) hayat\u0131n\u0131 kaybetti\u011fi belirlendi. Kazada araban\u0131n \u015fof\u00f6r Selahattin Yi\u011fit ile Onur C. (25) yaraland\u0131.<\/p>\n<p><b>EVE D\u00d6N\u00dc\u015e YOLUNDA KAZA<\/b><\/p>\n<p>Yaral\u0131lar ambulanslarla \u0130neg\u00f6l Devlet Hastanesi&#8217;ne kald\u0131r\u0131l\u0131rken, araba \u015fof\u00f6r\u00fc Yi\u011fit\u2019in 1.44 promil alkoll\u00fc (yasal hudut 0.50) oldu\u011fu belirlendi.<\/p>\n<p>4 arkada\u015f\u0131n e\u011flenmek i\u00e7in d\u0131\u015far\u0131 \u00e7\u0131kt\u0131\u011f\u0131 ve meskene d\u00f6n\u00fc\u015f yolunda kazan\u0131n meydana geldi\u011fi \u00f6\u011frenildi.<\/p>\n<p><b>\u0130NEG\u00d6L&#8217;DE TOPRA\u011eA VER\u0130LD\u0130LER<\/b><\/p>\n<p>Arslan ile Ankara \u00dcniversitesi Devlet Konservatuvar\u0131 3&#8217;\u00fcnc\u00fc s\u0131n\u0131f \u00f6\u011frencisi oldu\u011fu ve tatil i\u00e7in ailesinin yan\u0131na geldi\u011fi \u00f6\u011frenilen K\u0131z\u0131lveren, \u0130neg\u00f6l\u2019de topra\u011fa verildi.<\/p>\n<p><b>&#8220;KAZA DENET\u0130M\u0130M DI\u015eINDA OLDU&#8221;<\/b><\/p>\n<p>Tedavisi tamamlanan Selahattin Yi\u011fit g\u00f6zalt\u0131na al\u0131nd\u0131.<\/p>\n<p>Emniyetteki tabirinde, \u201cO ak\u015fam gezdikten sonra geri d\u00f6n\u00fcyorduk. Yollar \u0131slakt\u0131, ara\u00e7 kayd\u0131 ve kaza oldu. Kendi denetimim d\u0131\u015f\u0131nda meydana geldi\u201d dedi\u011fi \u00f6\u011frenilen Yi\u011fit, sevk edildi\u011fi adliyede \u00e7\u0131kar\u0131ld\u0131\u011f\u0131 mahkemece tutukland\u0131.<\/p>\n","protected":false},"excerpt":{"rendered":"<p>Bursa&#8217;da, araban\u0131n a\u011faca \u00e7arpt\u0131\u011f\u0131, 24 ya\u015f\u0131ndaki Sena Arslan ile 23 ya\u015f\u0131ndaki \u015eilan K\u0131z\u0131lveren&#8217;in hayat\u0131n\u0131 kaybetti\u011fi kazada yaralanan ve 1.44 promil alkoll\u00fc oldu\u011fu ortaya \u00e7\u0131kan 28 ya\u015f\u0131ndaki \u015fof\u00f6r Selahattin Yi\u011fit, tedavisinin akabinde g\u00f6zalt\u0131na al\u0131nd\u0131. S\u00f6z\u00fcnde, &#8220;Yollar \u0131slakt\u0131, ara\u00e7 kayd\u0131 ve kaza oldu. Kendi denetimim d\u0131\u015f\u0131nda meydana geldi&#8221; dedi.<\/p>\n","protected":false},"author":1,"featured_media":94796,"comment_status":"open","ping_status":"open","sticky":false,"template":"","format":"standard","meta":{"footnotes":""},"categories":[25],"tags":[10033,108,3493,500],"class_list":["post-94795","post","type-post","status-publish","format-standard","has-post-thumbnail","hentry","category-gundem","tag-inegol","tag-kaza","tag-yigit","tag-yol"],"_links":{"self":[{"href":"https:\/\/ikimisli.tr\/index.php\/wp-json\/wp\/v2\/posts\/94795","targetHints":{"allow":["GET"]}}],"collection":[{"href":"https:\/\/ikimisli.tr\/index.php\/wp-json\/wp\/v2\/posts"}],"about":[{"href":"https:\/\/ikimisli.tr\/index.php\/wp-json\/wp\/v2\/types\/post"}],"author":[{"embeddable":true,"href":"https:\/\/ikimisli.tr\/index.php\/wp-json\/wp\/v2\/users\/1"}],"replies":[{"embeddable":true,"href":"https:\/\/ikimisli.tr\/index.php\/wp-json\/wp\/v2\/comments?post=94795"}],"version-history":[{"count":1,"href":"https:\/\/ikimisli.tr\/index.php\/wp-json\/wp\/v2\/posts\/94795\/revisions"}],"predecessor-version":[{"id":94797,"href":"https:\/\/ikimisli.tr\/index.php\/wp-json\/wp\/v2\/posts\/94795\/revisions\/94797"}],"wp:featuredmedia":[{"embeddable":true,"href":"https:\/\/ikimisli.tr\/index.php\/wp-json\/wp\/v2\/media\/94796"}],"wp:attachment":[{"href":"https:\/\/ikimisli.tr\/index.php\/wp-json\/wp\/v2\/media?parent=94795"}],"wp:term":[{"taxonomy":"category","embeddable":true,"href":"https:\/\/ikimisli.tr\/index.php\/wp-json\/wp\/v2\/categories?post=94795"},{"taxonomy":"post_tag","embeddable":true,"href":"https:\/\/ikimisli.tr\/index.php\/wp-json\/wp\/v2\/tags?post=94795"}],"curies":[{"name":"wp","href":"https:\/\/api.w.org\/{rel}","templated":true}]}}