{"id":94924,"date":"2026-01-27T14:12:07","date_gmt":"2026-01-27T14:12:07","guid":{"rendered":"https:\/\/ikimisli.tr\/?p=94924"},"modified":"2026-01-27T14:12:07","modified_gmt":"2026-01-27T14:12:07","slug":"sac-orme-akimina-katilan-hemsire-kendini-boyle-savundu","status":"publish","type":"post","link":"https:\/\/ikimisli.tr\/index.php\/2026\/01\/27\/sac-orme-akimina-katilan-hemsire-kendini-boyle-savundu\/","title":{"rendered":"&#8216;Sa\u00e7 \u00f6rme&#8217; ak\u0131m\u0131na kat\u0131lan hem\u015fire kendini b\u00f6yle savundu"},"content":{"rendered":"<p>Son g\u00fcnlerde ter\u00f6r \u00f6rg\u00fct\u00fc YPG\/SDG&#8217;ye dayanak vermek hedefiyle toplumsal medyada &#8216;sa\u00e7 \u00f6rme&#8217; ak\u0131m\u0131 ba\u015flat\u0131ld\u0131.\u00a0<\/p>\n<p>Ak\u0131ma kat\u0131lan siyasallar\u0131n yan\u0131 s\u0131ra sanat\u00e7\u0131, hem\u015fire ve avukat da var.\u00a0<\/p>\n<p><img decoding=\"async\" src=\"https:\/\/ikimisli.tr\/wp-content\/uploads\/2026\/01\/sac-orme-akimina-katilan-hemsire-kendini-boyle-savundu-0-cRbnTRmV.jpg\"\/><\/p>\n<p><b>&#8216;AYNI SA\u00c7 DE\u011e\u0130L TAHM\u0130NEN LAK\u0130N&#8230;&#8217;<\/b><\/p>\n<p>Bunlar da biri de hem\u015fire \u0130.A oldu. Kocaeli Gebze Fatih Devlet Hastanesi&#8217;nde vazife yapan hem\u015fire \u0130.A. sa\u00e7lar\u0131n\u0131 \u00f6r\u00fcp &#8216;Ayn\u0131 sa\u00e7 de\u011fil tahminen ancak birebir ac\u0131, birebir his&#8217; notuyla payla\u015f\u0131m yapt\u0131.\u00a0<\/p>\n<p>S\u00f6z konusu payla\u015f\u0131ma gelen yans\u0131lar\u0131n akabinde Kocaeli \u0130l Sa\u011fl\u0131k M\u00fcd\u00fcrl\u00fc\u011f\u00fc soru\u015fturma ba\u015flatt\u0131.<\/p>\n<p><img decoding=\"async\" src=\"https:\/\/ikimisli.tr\/wp-content\/uploads\/2026\/01\/sac-orme-akimina-katilan-hemsire-kendini-boyle-savundu-1-fj7gpGhK.jpg\"\/><\/p>\n<p><b>SERBEST BIRAKILDI<\/b><\/p>\n<p>Hem\u015fire \u0130.A. \u0130stanbul\u2019da karde\u015finin meskeninde g\u00f6zalt\u0131na al\u0131nd\u0131ktan sonra Kocaeli&#8217;de s\u00f6z\u00fc al\u0131nd\u0131.\u00a0 \u0130.A. hakk\u0131nda savc\u0131l\u0131k tutuklama talep etti. Mahkeme, yurt d\u0131\u015f\u0131na \u00e7\u0131k\u0131\u015f yasa\u011f\u0131 uygulayarak isimli denetim kural\u0131yla \u00f6zg\u00fcr b\u0131rakt\u0131.<\/p>\n<p><b>&#8216;BEN\u0130M DEVLET YANLISI PAYLA\u015eIMLARIM DA VAR&#8217;<\/b><\/p>\n<p>Hem\u015fire \u0130.A. ifadesinde &#8220;Pi\u015fman\u0131m benim devlet yanl\u0131s\u0131 payla\u015f\u0131mlar\u0131m da var. Zazay\u0131m, K\u00fcrt\u00e7e bilmiyorum m\u00fczik kelamlar\u0131n\u0131 bilmiyorum&#8221; s\u00f6zlerini kulland\u0131.<\/p>\n","protected":false},"excerpt":{"rendered":"<p>Ter\u00f6r \u00f6rg\u00fct\u00fc YPG&#8217;ye takviye vermek gayesiyle toplumsal medyada ba\u015flat\u0131lan &#8216;sa\u00e7 \u00f6rme&#8217; ak\u0131m\u0131na kat\u0131lan Hem\u015fire \u0130.A.&#8217;y\u0131 mahkeme, adli denetim kural\u0131yla \u00f6zg\u00fcr b\u0131rakt\u0131. Hem\u015fire \u0130.A., \u201cPi\u015fman\u0131m benim devlet yanl\u0131s\u0131 payla\u015f\u0131mlar\u0131m da var. Zazay\u0131m, K\u00fcrt\u00e7e bilmiyorum m\u00fczik kelamlar\u0131n\u0131 bilmiyorum\u201d diye kendini savundu.<\/p>\n","protected":false},"author":1,"featured_media":94925,"comment_status":"open","ping_status":"open","sticky":false,"template":"","format":"standard","meta":{"footnotes":""},"categories":[25],"tags":[9972],"class_list":["post-94924","post","type-post","status-publish","format-standard","has-post-thumbnail","hentry","category-gundem","tag-hemsire"],"_links":{"self":[{"href":"https:\/\/ikimisli.tr\/index.php\/wp-json\/wp\/v2\/posts\/94924","targetHints":{"allow":["GET"]}}],"collection":[{"href":"https:\/\/ikimisli.tr\/index.php\/wp-json\/wp\/v2\/posts"}],"about":[{"href":"https:\/\/ikimisli.tr\/index.php\/wp-json\/wp\/v2\/types\/post"}],"author":[{"embeddable":true,"href":"https:\/\/ikimisli.tr\/index.php\/wp-json\/wp\/v2\/users\/1"}],"replies":[{"embeddable":true,"href":"https:\/\/ikimisli.tr\/index.php\/wp-json\/wp\/v2\/comments?post=94924"}],"version-history":[{"count":1,"href":"https:\/\/ikimisli.tr\/index.php\/wp-json\/wp\/v2\/posts\/94924\/revisions"}],"predecessor-version":[{"id":94928,"href":"https:\/\/ikimisli.tr\/index.php\/wp-json\/wp\/v2\/posts\/94924\/revisions\/94928"}],"wp:featuredmedia":[{"embeddable":true,"href":"https:\/\/ikimisli.tr\/index.php\/wp-json\/wp\/v2\/media\/94925"}],"wp:attachment":[{"href":"https:\/\/ikimisli.tr\/index.php\/wp-json\/wp\/v2\/media?parent=94924"}],"wp:term":[{"taxonomy":"category","embeddable":true,"href":"https:\/\/ikimisli.tr\/index.php\/wp-json\/wp\/v2\/categories?post=94924"},{"taxonomy":"post_tag","embeddable":true,"href":"https:\/\/ikimisli.tr\/index.php\/wp-json\/wp\/v2\/tags?post=94924"}],"curies":[{"name":"wp","href":"https:\/\/api.w.org\/{rel}","templated":true}]}}