{"id":95062,"date":"2026-01-27T21:24:08","date_gmt":"2026-01-27T21:24:08","guid":{"rendered":"https:\/\/ikimisli.tr\/?p=95062"},"modified":"2026-01-27T21:24:08","modified_gmt":"2026-01-27T21:24:08","slug":"antalyanin-4-ilcesini-hortum-vurdu","status":"publish","type":"post","link":"https:\/\/ikimisli.tr\/index.php\/2026\/01\/27\/antalyanin-4-ilcesini-hortum-vurdu\/","title":{"rendered":"Antalya&#8217;n\u0131n 4 il\u00e7esini hortum vurdu"},"content":{"rendered":"<p>Ak\u015fam saatlerinde \u00e7\u0131kan hortum, Antalya&#8217;n\u0131n bat\u0131 il\u00e7elerini etkiledi. Kumluca, Finike, Demre, Ka\u015f&#8217;ta hortum nedeniyle birtak\u0131m meskenlerin \u00e7at\u0131s\u0131, trafik levhalar\u0131 u\u00e7tu, elektrik direkleri ziyan g\u00f6rd\u00fc, a\u011fa\u00e7lar devrildi. Bu b\u00f6lgedeki birtak\u0131m konutlar\u0131n yan\u0131 s\u0131ra seralarda da hasar olu\u015ftu. Finike k\u0131y\u0131 yolunda devrilen trafik levhas\u0131 bir ara\u00e7ta hasara yol a\u00e7t\u0131.<\/p>\n<p>Ka\u015f il\u00e7esi Sar\u0131belen Mahallesi&#8217;nde yakla\u015f\u0131k 10 mesken ziyan g\u00f6rd\u00fc. Sar\u0131belen Mahallesi Muhtar\u0131 Mevl\u00fct K\u00fc\u00e7\u00fckkaya, hasar tespit \u00e7al\u0131\u015fmas\u0131na ba\u015flad\u0131klar\u0131n\u0131, can kayb\u0131n\u0131n olmamas\u0131n\u0131n tek sevindirici taraf oldu\u011funu s\u00f6yledi.<\/p>\n<p>Kumluca il\u00e7esi Mavikent Mahallesi&#8217;nde hasar g\u00f6ren seralarda inceleme yapan Kumluca Ziraat Odas\u0131 Ba\u015fkan\u0131 Hidayet K\u00f6k\u00e7e ise &#8220;Can kayb\u0131, yaral\u0131 olmamas\u0131 bizim i\u00e7in en b\u00fcy\u00fck teselli. G\u00fcn a\u011far\u0131nca hasar tespit \u00e7al\u0131\u015fmas\u0131na ba\u015flayaca\u011f\u0131z. T\u00fcm \u00e7ift\u00e7imize ge\u00e7mi\u015f olsun.&#8221; a\u00e7\u0131klamas\u0131n\u0131 yapt\u0131.<\/p>\n<p><b>SARISU DERES\u0130 TA\u015eTI<\/b><\/p>\n<p>F\u0131rt\u0131na ve kuvvetli ya\u011f\u0131\u015f, Antalya kent merkezinde de hayat\u0131 olumsuz etkiledi. Bir\u00e7ok a\u011fa\u00e7 f\u0131rt\u0131na nedeniyle devrildi. Kepez il\u00e7esinde bir spor tesisinin \u00e7at\u0131s\u0131 \u00e7\u00f6kt\u00fc.<\/p>\n<p>Konyaalt\u0131 il\u00e7esindeki Sar\u0131su Deresi&#8217;nin debisinin y\u00fckselmesi sonucu ta\u015fk\u0131n olu\u015ftu. Birtak\u0131m ara\u00e7lar suyla dolan yollarda kald\u0131. \u0130tfaiye tak\u0131mlar\u0131 ta\u015fk\u0131n\u0131n etkiledi\u011fi sokaklardaki konutlar\u0131n garaj, bodrum kat\u0131 ve otoparklar\u0131n\u0131n su basmamas\u0131 i\u00e7in \u00e7al\u0131\u015fma ba\u015flatt\u0131.<\/p>\n<p>Trafik tak\u0131mlar\u0131, ta\u015fk\u0131ndan etkilenen etraf yollar\u0131 s\u00fcreksiz olarak ula\u015f\u0131ma kapatt\u0131.<\/p>\n<p>\u00d6te yandan D\u00f6\u015femealt\u0131 il\u00e7esinde de dolu tesirini g\u00f6sterdi.<\/p>\n","protected":false},"excerpt":{"rendered":"<p>Antalya&#8217;n\u0131n Kumluca, Finike, Demre ile Ka\u015f il\u00e7elerinde tesirli olan hortum kimi konut, sera ve ara\u00e7larda hasara yol a\u00e7t\u0131.<\/p>\n","protected":false},"author":1,"featured_media":95063,"comment_status":"open","ping_status":"open","sticky":false,"template":"","format":"standard","meta":{"footnotes":""},"categories":[25],"tags":[288,5206],"class_list":["post-95062","post","type-post","status-publish","format-standard","has-post-thumbnail","hentry","category-gundem","tag-hasar","tag-ilcesi"],"_links":{"self":[{"href":"https:\/\/ikimisli.tr\/index.php\/wp-json\/wp\/v2\/posts\/95062","targetHints":{"allow":["GET"]}}],"collection":[{"href":"https:\/\/ikimisli.tr\/index.php\/wp-json\/wp\/v2\/posts"}],"about":[{"href":"https:\/\/ikimisli.tr\/index.php\/wp-json\/wp\/v2\/types\/post"}],"author":[{"embeddable":true,"href":"https:\/\/ikimisli.tr\/index.php\/wp-json\/wp\/v2\/users\/1"}],"replies":[{"embeddable":true,"href":"https:\/\/ikimisli.tr\/index.php\/wp-json\/wp\/v2\/comments?post=95062"}],"version-history":[{"count":1,"href":"https:\/\/ikimisli.tr\/index.php\/wp-json\/wp\/v2\/posts\/95062\/revisions"}],"predecessor-version":[{"id":95064,"href":"https:\/\/ikimisli.tr\/index.php\/wp-json\/wp\/v2\/posts\/95062\/revisions\/95064"}],"wp:featuredmedia":[{"embeddable":true,"href":"https:\/\/ikimisli.tr\/index.php\/wp-json\/wp\/v2\/media\/95063"}],"wp:attachment":[{"href":"https:\/\/ikimisli.tr\/index.php\/wp-json\/wp\/v2\/media?parent=95062"}],"wp:term":[{"taxonomy":"category","embeddable":true,"href":"https:\/\/ikimisli.tr\/index.php\/wp-json\/wp\/v2\/categories?post=95062"},{"taxonomy":"post_tag","embeddable":true,"href":"https:\/\/ikimisli.tr\/index.php\/wp-json\/wp\/v2\/tags?post=95062"}],"curies":[{"name":"wp","href":"https:\/\/api.w.org\/{rel}","templated":true}]}}