{"id":9520,"date":"2025-02-10T17:48:06","date_gmt":"2025-02-10T17:48:06","guid":{"rendered":"https:\/\/ikimisli.tr\/?p=9520"},"modified":"2025-02-10T17:48:06","modified_gmt":"2025-02-10T17:48:06","slug":"abdde-ufe-aralikta-geriledi","status":"publish","type":"post","link":"https:\/\/ikimisli.tr\/index.php\/2025\/02\/10\/abdde-ufe-aralikta-geriledi\/","title":{"rendered":"ABD\u2019de \u00dcFE aral\u0131kta geriledi"},"content":{"rendered":"<p>ABD \u00c7al\u0131\u015fma Bakanl\u0131\u011f\u0131, aral\u0131k ay\u0131na ili\u015fkin \u00dcFE datalar\u0131n\u0131 a\u00e7\u0131klad\u0131.<\/p>\n<p>ABD \u00c7al\u0131\u015fma Bakanl\u0131\u011f\u0131&#8217;n\u0131n kas\u0131m ay\u0131 i\u00e7in y\u00fczde 0,4 olarak a\u00e7\u0131klad\u0131\u011f\u0131 \u00dcFE y\u00fczde 0,2 olarak revize edildi.<\/p>\n<p>Reuters anketine kat\u0131lan ekonomistler \u00dcFE&#8217;nin aral\u0131kta y\u00fczde 0,3 olaca\u011f\u0131n\u0131 kestirim ediyorlard\u0131.<\/p>\n<p>ABD&#8217;de besin ve g\u00fc\u00e7 fiyatlar\u0131n\u0131n yans\u0131t\u0131lmad\u0131\u011f\u0131 \u00e7ekirdek \u00fcretici fiyatlar\u0131 aral\u0131k ay\u0131nda beklentilerin alt\u0131nda kalarak de\u011fi\u015fim g\u00f6stermedi.<\/p>\n<p>Kas\u0131m ay\u0131nda \u00e7ekirdek \u00dcFE y\u00fczde 0,4 d\u00fczeyinde a\u00e7\u0131klanm\u0131\u015ft\u0131.<\/p>\n<p>Reuters anketine kat\u0131lan ekonomistler \u00dcFE&#8217;nin y\u00fczde 0,3 d\u00fczeyinde olaca\u011f\u0131n\u0131 iddia ediyorlard\u0131.<\/p>\n<p><b>\u00dcFE YILLIK BAZDA Y\u00dcZDE 3.3 Y\u00dcKSELD\u0130<\/b><\/p>\n<p>\u00dcFE aral\u0131kta y\u0131ll\u0131k bazda y\u00fczde 3,3 ile beklentilerin alt\u0131nda y\u00fckseldi.<\/p>\n<p>\u00dcFE kas\u0131m ay\u0131 i\u00e7in y\u0131ll\u0131k bazda y\u00fczde 3 d\u00fczeyinde a\u00e7\u0131klanm\u0131\u015ft\u0131.<\/p>\n<p>Reuters anketine kat\u0131lan ekonomistler \u00dcFE&#8217;nin y\u00fczde 3,4 d\u00fczeyinde olaca\u011f\u0131n\u0131 iddia ediyorlard\u0131<\/p>\n<p>Y\u0131ll\u0131k bazda \u00e7ekirdek \u00dcFE aral\u0131k ay\u0131nda y\u00fczde 3,5 ile beklentilerin alt\u0131nda y\u00fckseldi.<\/p>\n<p>Reuters anketine kat\u0131lan ekonomistler y\u0131ll\u0131k bazda y\u00fczde 3,8 d\u00fczeyinde olaca\u011f\u0131n\u0131 kestirim ediyorlard\u0131.<\/p>\n<p>Kas\u0131m ay\u0131nda y\u00fczde 3,4 olarak a\u00e7\u0131klanan y\u0131ll\u0131k bazda \u00e7ekirdek \u00dcFE y\u00fczde 3,5 d\u00fczeyine revize edildi.<\/p>\n","protected":false},"excerpt":{"rendered":"<p>ABD&#8217;de \u00fcretici fiyatlar\u0131 aral\u0131kta ayl\u0131k bazda y\u00fczde 0,2 y\u0131ll\u0131k bazda y\u00fczde 3,3 ile beklentilerin alt\u0131nda a\u00e7\u0131kland\u0131.<\/p>\n","protected":false},"author":1,"featured_media":9521,"comment_status":"open","ping_status":"open","sticky":false,"template":"","format":"standard","meta":{"footnotes":""},"categories":[24],"tags":[144,2249,2246,2248,2247],"class_list":["post-9520","post","type-post","status-publish","format-standard","has-post-thumbnail","hentry","category-ekonomi","tag-aralik","tag-seviyesinde","tag-ufe","tag-yillik-bazda","tag-yuzde-3"],"_links":{"self":[{"href":"https:\/\/ikimisli.tr\/index.php\/wp-json\/wp\/v2\/posts\/9520","targetHints":{"allow":["GET"]}}],"collection":[{"href":"https:\/\/ikimisli.tr\/index.php\/wp-json\/wp\/v2\/posts"}],"about":[{"href":"https:\/\/ikimisli.tr\/index.php\/wp-json\/wp\/v2\/types\/post"}],"author":[{"embeddable":true,"href":"https:\/\/ikimisli.tr\/index.php\/wp-json\/wp\/v2\/users\/1"}],"replies":[{"embeddable":true,"href":"https:\/\/ikimisli.tr\/index.php\/wp-json\/wp\/v2\/comments?post=9520"}],"version-history":[{"count":1,"href":"https:\/\/ikimisli.tr\/index.php\/wp-json\/wp\/v2\/posts\/9520\/revisions"}],"predecessor-version":[{"id":9522,"href":"https:\/\/ikimisli.tr\/index.php\/wp-json\/wp\/v2\/posts\/9520\/revisions\/9522"}],"wp:featuredmedia":[{"embeddable":true,"href":"https:\/\/ikimisli.tr\/index.php\/wp-json\/wp\/v2\/media\/9521"}],"wp:attachment":[{"href":"https:\/\/ikimisli.tr\/index.php\/wp-json\/wp\/v2\/media?parent=9520"}],"wp:term":[{"taxonomy":"category","embeddable":true,"href":"https:\/\/ikimisli.tr\/index.php\/wp-json\/wp\/v2\/categories?post=9520"},{"taxonomy":"post_tag","embeddable":true,"href":"https:\/\/ikimisli.tr\/index.php\/wp-json\/wp\/v2\/tags?post=9520"}],"curies":[{"name":"wp","href":"https:\/\/api.w.org\/{rel}","templated":true}]}}