{"id":95221,"date":"2026-01-28T06:36:05","date_gmt":"2026-01-28T06:36:05","guid":{"rendered":"https:\/\/ikimisli.tr\/?p=95221"},"modified":"2026-01-28T06:36:05","modified_gmt":"2026-01-28T06:36:05","slug":"mujde-diye-duyuruldu-hayal-kirikligi-cikti","status":"publish","type":"post","link":"https:\/\/ikimisli.tr\/index.php\/2026\/01\/28\/mujde-diye-duyuruldu-hayal-kirikligi-cikti\/","title":{"rendered":"&#8216;M\u00fcjde&#8217; diye duyuruldu, hayal k\u0131r\u0131kl\u0131\u011f\u0131 \u00e7\u0131kt\u0131"},"content":{"rendered":"<p>Yap-\u0130\u015flet-Devret (Y\u0130D) modeliyle hayata ge\u00e7irilen projeler, havac\u0131l\u0131k alan\u0131nda kamu b\u00fct\u00e7esi a\u00e7\u0131s\u0131ndan b\u00fcy\u00fck bir y\u00fck haline geldi. Yolcu garantilerinin alt\u0131nda kalan ger\u00e7ekle\u015fmeler nedeniyle Devlet Hava Meydanlar\u0131 \u0130\u015fletmesi\u2019nin kasas\u0131ndan \u015firketlere y\u00fcz milyonlarca dolarl\u0131k \u00f6deme yap\u0131ld\u0131\u011f\u0131 belirtildi.<\/p>\n<p>Y\u0130D kapsam\u0131nda in\u015fa edilen havalimanlar\u0131n\u0131n yan\u0131 s\u0131ra, yolcu muhta\u00e7l\u0131\u011f\u0131 g\u00f6zetilmeden bir\u00e7ok kentte yap\u0131lan havalimanlar\u0131 da kamuoyunda tart\u0131\u015fma yaratt\u0131. Bo\u015f kalan tesisler ortas\u0131nda yer alaca\u011f\u0131 taraf\u0131ndaki tenkitlerin oda\u011f\u0131ndaki Yozgat Havaliman\u0131\u2019nda da maliyet art\u0131\u015f\u0131 dikkat \u00e7ekti. 2018 y\u0131l\u0131nda \u00fcretimine ba\u015flanan proje, \u015fimdi tamamlanmadan ba\u015flang\u0131\u00e7 maliyetinin yakla\u015f\u0131k 14 kat\u0131na ula\u015ft\u0131.<\/p>\n<p><img decoding=\"async\" src=\"https:\/\/ikimisli.tr\/wp-content\/uploads\/2026\/01\/mujde-diye-duyuruldu-hayal-kirikligi-cikti-0-CIUgufdG.jpg\"\/><\/p>\n<p><b>\u0130LK MAL\u0130YET 652,4 M\u0130LYON TL<\/b><\/p>\n<p>Birg\u00fcn&#8217;den\u00a0Mustafa Bildircin&#8217;in haberine g\u00f6re\u00a0Yozgat ve etraf vilayetlerin hava ula\u015f\u0131m\u0131 gereksinimini kar\u015f\u0131lamak hedefiyle planlanan Yozgat Havaliman\u0131 i\u00e7in s\u00fcre\u00e7 2018 y\u0131l\u0131nda ba\u015flad\u0131. Kent merkezine yakla\u015f\u0131k 15 kilometre uzakl\u0131kta in\u015fa edilen havaliman\u0131n\u0131n altyap\u0131 imal ihalesi, \u201cbelli istekliler aras\u0131nda\u201d ger\u00e7ekle\u015ftirildi. \u0130hale, iktidara yak\u0131nl\u0131\u011f\u0131yla bilinen YDA \u0130n\u015faat ile EMT \u0130n\u015faat\u2019a verildi. Devlet Hava Meydanlar\u0131 \u0130\u015fletmesi ile y\u00fcklenici firmalar ortas\u0131nda 8 Mart 2018 tarihinde kontrat imzaland\u0131. Projenin toplam maliyeti 2021 y\u0131l\u0131nda 652 milyon 400 bin TL olarak ilan edildi.<\/p>\n<p>Cumhurba\u015fkan\u0131 ve AKP Genel Ba\u015fkan\u0131 Recep Tayyip Erdo\u011fan, \u015eubat 2019\u2019da Yozgat\u2019ta d\u00fczenlenen mitingde yapt\u0131\u011f\u0131 konu\u015fmada havaliman\u0131n\u0131n 2022 y\u0131l\u0131nda tamamlanaca\u011f\u0131n\u0131 a\u00e7\u0131klam\u0131\u015ft\u0131. Fakat proje, Ocak 2026 prestijiyle h\u00e2l\u00e2 bitirilemedi. Resm\u00ee kay\u0131tlarda tamamlanma tarihi 2028 olarak yer al\u0131rken, maliyetlerdeki s\u00fcratli y\u00fckseli\u015f dikkat \u00e7ekti.<\/p>\n<p><b>FAH\u0130\u015e HARCAMA<\/b><\/p>\n<p>2021 y\u0131l\u0131nda altyap\u0131 ve \u00fcstyap\u0131 \u00e7al\u0131\u015fmalar\u0131 d\u00e2hil olmak \u00fczere 652,4 milyon TL olarak duyurulan proje bedeline ra\u011fmen, 2025 y\u0131l\u0131n\u0131n sonu prestijiyle Yozgat Havaliman\u0131 i\u00e7in yap\u0131lan toplam harcaman\u0131n 6 milyar 685 milyon 331 bin TL\u2019ye ula\u015ft\u0131\u011f\u0131 belirlendi.<\/p>\n<p>2018\u20132025 devrinde yakla\u015f\u0131k 6,6 milyar TL kamu kayna\u011f\u0131 aktar\u0131lan proje i\u00e7in \u00f6ng\u00f6r\u00fclen toplam b\u00fct\u00e7edeki art\u0131\u015f da \u00e7arp\u0131c\u0131 boyutlara ula\u015ft\u0131. Yozgat Havaliman\u0131\u2019n\u0131n y\u0131llara nazaran g\u00fcncellenen toplam proje bedelleri ise \u015f\u00f6yle kaydedildi:<\/p>\n<p>2021: 652 milyon 485 bin TL<\/p>\n<p>2022: 990 milyon 906 bin TL<\/p>\n<p>2023: 2 milyar 983 milyon TL<\/p>\n<p>2024: 5 milyar 963 milyon TL<\/p>\n<p>2025: 7 milyar 876 milyon TL<\/p>\n<p>2026: 9 milyar 430 milyon TL<\/p>\n<p>\u00a0<\/p>\n","protected":false},"excerpt":{"rendered":"<p>Cumhurba\u015fkan\u0131 Erdo\u011fan\u2019\u0131n 2019 yerel se\u00e7imleri \u00f6ncesinde, \u201c2022\u2019de hizmete a\u00e7\u0131lacak\u201d diyerek duyurdu\u011fu Yozgat Havaliman\u0131 projesi, 2026 y\u0131l\u0131na gelinmesine kar\u015f\u0131n tamamlanamad\u0131. Birinci etapta 652,4 milyon TL\u2019ye mal olaca\u011f\u0131 a\u00e7\u0131klanan proje i\u00e7in, Ocak 2026 prestijiyle yap\u0131lan harcaman\u0131n 6,6 milyar TL\u2019ye ula\u015ft\u0131\u011f\u0131 ortaya \u00e7\u0131kt\u0131.<\/p>\n","protected":false},"author":1,"featured_media":95222,"comment_status":"open","ping_status":"open","sticky":false,"template":"","format":"standard","meta":{"footnotes":""},"categories":[24],"tags":[161,562,8523,437,3827],"class_list":["post-95221","post","type-post","status-publish","format-standard","has-post-thumbnail","hentry","category-ekonomi","tag-hava","tag-milyar","tag-milyon-tl","tag-proje","tag-yozgat"],"_links":{"self":[{"href":"https:\/\/ikimisli.tr\/index.php\/wp-json\/wp\/v2\/posts\/95221","targetHints":{"allow":["GET"]}}],"collection":[{"href":"https:\/\/ikimisli.tr\/index.php\/wp-json\/wp\/v2\/posts"}],"about":[{"href":"https:\/\/ikimisli.tr\/index.php\/wp-json\/wp\/v2\/types\/post"}],"author":[{"embeddable":true,"href":"https:\/\/ikimisli.tr\/index.php\/wp-json\/wp\/v2\/users\/1"}],"replies":[{"embeddable":true,"href":"https:\/\/ikimisli.tr\/index.php\/wp-json\/wp\/v2\/comments?post=95221"}],"version-history":[{"count":1,"href":"https:\/\/ikimisli.tr\/index.php\/wp-json\/wp\/v2\/posts\/95221\/revisions"}],"predecessor-version":[{"id":95224,"href":"https:\/\/ikimisli.tr\/index.php\/wp-json\/wp\/v2\/posts\/95221\/revisions\/95224"}],"wp:featuredmedia":[{"embeddable":true,"href":"https:\/\/ikimisli.tr\/index.php\/wp-json\/wp\/v2\/media\/95222"}],"wp:attachment":[{"href":"https:\/\/ikimisli.tr\/index.php\/wp-json\/wp\/v2\/media?parent=95221"}],"wp:term":[{"taxonomy":"category","embeddable":true,"href":"https:\/\/ikimisli.tr\/index.php\/wp-json\/wp\/v2\/categories?post=95221"},{"taxonomy":"post_tag","embeddable":true,"href":"https:\/\/ikimisli.tr\/index.php\/wp-json\/wp\/v2\/tags?post=95221"}],"curies":[{"name":"wp","href":"https:\/\/api.w.org\/{rel}","templated":true}]}}