{"id":95228,"date":"2026-01-28T07:00:12","date_gmt":"2026-01-28T07:00:12","guid":{"rendered":"https:\/\/ikimisli.tr\/?p=95228"},"modified":"2026-01-28T07:00:12","modified_gmt":"2026-01-28T07:00:12","slug":"bakan-acikladi-sehirler-tek-tek-belirlendi-bu-illere-binlerce-fabrika-kurulacak-cok-buyuk-goc-alacak","status":"publish","type":"post","link":"https:\/\/ikimisli.tr\/index.php\/2026\/01\/28\/bakan-acikladi-sehirler-tek-tek-belirlendi-bu-illere-binlerce-fabrika-kurulacak-cok-buyuk-goc-alacak\/","title":{"rendered":"Bakan a\u00e7\u0131klad\u0131, \u015fehirler tek tek belirlendi: Bu illere binlerce fabrika kurulacak, \u00e7ok b\u00fcy\u00fck g\u00f6\u00e7 alacak"},"content":{"rendered":"<p>Son y\u0131llarda Anadolu&#8217;daki bir\u00e7ok ilin n\u00fcfusunda \u00f6nemli d\u00fc\u015f\u00fc\u015f g\u00f6r\u00fcl\u00fcrken, T\u00fcrkiye n\u00fcfusunun de\u011ferli k\u0131sm\u0131 ba\u015fta \u0130stanbul olmak \u00fczere orant\u0131s\u0131z bi\u00e7imde b\u00fcy\u00fck\u015fehirlere y\u0131\u011f\u0131lm\u0131\u015f durumda.\u00a0<\/p>\n<p>Bu durumu aksine \u00e7evirmek ve m\u00fcmk\u00fcn bir \u0130stanbul zelzelesinde iktisad\u0131n durmas\u0131na mahzur olmak emeliyle haz\u0131rlanan &#8216;G\u00fcvenli Gelecek&#8217; plan\u0131nda son etaba gelindi.\u00a0<\/p>\n<p>T\u00fcrkiye Gazetesi&#8217;nin haberine nazaran Sanayi ve Teknoloji Bakan\u0131 Fatih Kac\u0131r, milletvekillerinin bu bahisteki sorular\u0131n\u0131 cevaplarken, 64 vilayette y\u00fcr\u00fct\u00fclen 166 Organize Sanayi B\u00f6lgesi (OSB) projesi ile end\u00fcstrinin Marmara d\u0131\u015f\u0131nda istikrarl\u0131 olarak yay\u0131lmas\u0131, b\u00f6lgesel kalk\u0131nman\u0131n desteklenmesi ve mahall\u00ee istihdam\u0131n art\u0131r\u0131lmas\u0131n\u0131n hedeflendi\u011fini kaydetti.<\/p>\n<p>Bakanl\u0131\u011f\u0131n haz\u0131rlad\u0131\u011f\u0131, \u2018Ulusal Sanayi Alanlar\u0131 Master Plan\u0131\u2019 ile de metropollerde ve afet riski y\u00fcksek b\u00f6lgelerde a\u011f\u0131rla\u015fan end\u00fcstrinin Anadolu\u2019ya istikrarl\u0131 bi\u00e7imde yay\u0131lmas\u0131 ama\u00e7lan\u0131yor.<\/p>\n<p><strong>L\u0130STEDE 14 V\u0130LAYET VAR<\/strong><\/p>\n<p>Sanayi ve Teknoloji Bakanl\u0131\u011f\u0131 koordinasyonunda \u0130\u00e7 Anadolu ve Do\u011fu Akdeniz ba\u015fta olmak \u00fczere farkl\u0131 sanayi havzalar\u0131 olu\u015fturulacak. Belirlenen vilayetler ise Kastamonu, Samsun, Ankara, Amasya, Eski\u015fehir, Yozgat, K\u0131r\u015fehir, Nev\u015fehir, Aksaray, Kayseri, Konya, Ni\u011fde, Karaman, Mersin.<\/p>\n<p><img decoding=\"async\" src=\"https:\/\/ikimisli.tr\/wp-content\/uploads\/2026\/01\/bakan-acikladi-sehirler-tek-tek-belirlendi-bu-illere-binlerce-fabrika-kurulacak-cok-buyuk-goc-kNe2JCO6.jpg\"\/><\/p>\n<p><strong>DEPREM UZMANLARI \u0130LE ORTAK \u00c7ALI\u015eMA Y\u00dcR\u00dcT\u00dcL\u00dcYOR<\/strong><\/p>\n<p>Ayr\u0131ca, \u0130stanbul, Tekirda\u011f, Bursa, Bal\u0131kesir, \u00c7anakkale, Yalova, Kocaeli ve Sakarya vilayetlerinde bulunan 77 OSB\u2019nin yan\u0131 s\u0131ra b\u00fcy\u00fck sanayi tesisleri, ula\u015f\u0131m ve g\u00fc\u00e7 altyap\u0131s\u0131 a\u00e7\u0131s\u0131ndan kritik g\u00f6r\u00fclen altyap\u0131lar\u0131n, sars\u0131nt\u0131lara kar\u015f\u0131 risk durumlar\u0131n\u0131n tespit edilmesine y\u00f6nelik bir \u00e7al\u0131\u015fma ba\u015flat\u0131ld\u0131. Ortaya \u00e7\u0131kacak bilgiler \u0131\u015f\u0131\u011f\u0131nda, sanayi b\u00f6lgeleri planlamas\u0131nda yer se\u00e7imi a\u00e7\u0131s\u0131ndan dikkate al\u0131nmas\u0131 gereken konular\u0131 i\u00e7eren bir rehber haz\u0131rlanacak. Bu \u00e7al\u0131\u015fma Bo\u011fazi\u00e7i \u00dcniversitesi Kandilli Rasathanemi ve Zelzele Ara\u015ft\u0131rma Enstit\u00fcs\u00fc ile birlikte y\u00fcr\u00fct\u00fclecek.<\/p>\n<p>\u00d6te yandan Orta Anadolu Kalk\u0131nma Ajans\u0131 (ORAN) taraf\u0131ndan y\u00fcr\u00fct\u00fclen bir \u00f6b\u00fcr \u00e7al\u0131\u015fma ile Kayseri, Sivas ve Yozgat \u00fczere vilayetlerin \u00fcretim kapasitesinin art\u0131r\u0131lmas\u0131 hedefleniyor, Birebir proje ile sanayi yap\u0131s\u0131n\u0131n g\u00fc\u00e7lendirilmesi ve b\u00f6lgenin ulusal lojistik a\u011flara entegre edilmesine y\u00f6nelik \u00e7al\u0131\u015fmalar da ger\u00e7ekle\u015ftirildi.<\/p>\n<p><strong>45 KENT FAY HATTINDA<\/strong><\/p>\n<p>Maden Tetkik Arama Genel M\u00fcd\u00fcrl\u00fc\u011f\u00fc (MTA) \u00fc\u00e7 ay evvel yay\u0131nlad\u0131\u011f\u0131 canl\u0131 fay \u00e7izgileri raporunda tehlikeye dikkat \u00e7ekmi\u015fti. Buna nazaran, 45 vilayet ve 110 il\u00e7e etkin fay \u00e7izgisi \u00fczerinde yer al\u0131yor.<\/p>\n<p>Uzunlu\u011fu 1.200 kilometre olan Kuzey Anadolu Fay S\u0131n\u0131r\u0131, 24 kentin merkezinden ge\u00e7iyor. Bu hatta 7 ve \u00fczeri b\u00fcy\u00fckl\u00fc\u011f\u00fcnde sars\u0131nt\u0131ya sebep olabilecek faylar bulunuyor.<\/p>\n<p>Bat\u0131 Anadolu Fay \u00c7izgisi ise Mu\u011fla, Ayd\u0131n, \u0130zmir, Manisa ve Denizli \u00fczere b\u00fcy\u00fck kentleri i\u00e7ine al\u0131yor.\u00a0<strong>\u0130zmir, Bal\u0131kesir, Manisa, Mu\u011fla, Ayd\u0131n, Denizli, Isparta, U\u015fak, Bursa, Bilecik Yalova, Sakarya, D\u00fczce, Kocaeli, K\u0131r\u015fehir, Bolu, Karab\u00fck, Hatay, Bart\u0131n, \u00c7ank\u0131r\u0131, Tokat, Amasya, \u00c7anakkale, Erzincan, Tunceli, Bing\u00f6l ve Mu\u015f, Hakk\u00e2ri, Osmaniye, K\u0131r\u0131kkale ve Siirt, T\u00fcrkiye&#8217;nin en riskli vilayetleri.<\/strong><\/p>\n<p>\u0130zmir; Star Rafineri, Alia\u011fa T\u00fcpra\u015f, Petkim, \u0130zmir Demir \u00c7elik \u00fczere sanayi devlerini bar\u0131nd\u0131r\u0131yor. \u0130zmir&#8217;den 40, Manisa&#8217;dan 23, Denizli&#8217;den 10, Bal\u0131kesir&#8217;den 5 firma 500 dev sanayi kurulu\u015fu ortas\u0131nda bulunuyor.<\/p>\n<p><img decoding=\"async\" src=\"https:\/\/ikimisli.tr\/wp-content\/uploads\/2026\/01\/bakan-acikladi-sehirler-tek-tek-belirlendi-bu-illere-binlerce-fabrika-kurulacak-cok-buyuk-goc-8qS2ODdz.png\"\/><\/p>\n<p>Fay \u00fcst\u00fcnde kurulu Bursa, T\u00fcrkiye&#8217;nin en \u00e7ok OSB bulunan ili. En b\u00fcy\u00fck sanayi kurulu\u015flar\u0131n\u0131n 79&#8217;u da birinci zelzele b\u00f6lgesinde yer alan Kocaeli&#8217;de bulunuyor.<\/p>\n<p>Bursa&#8217;da bu say\u0131 37. \u0130stanbul da ikinci zelzele b\u00f6lgesinde. OSB say\u0131s\u0131nda Bursa&#8217;dan sonra gelen Tekirda\u011f, ikinci derece sars\u0131nt\u0131 riski ta\u015f\u0131yor.<\/p>\n<p>Karab\u00fck Demir \u00c7elik&#8217;e konut sahipli\u011fi yapan Karab\u00fck en riskli vilayetlerden.<\/p>\n<p>Adana, Kahramanmara\u015f, Eski\u015fehir ve Samsun ikinci derece zelzele riski ta\u015f\u0131yor. Sars\u0131nt\u0131 riskinin en az oldu\u011fu d\u00f6rd\u00fcnc\u00fc ve be\u015finci k\u00fcmede yer alan kentler ise Sinop, Giresun, Trabzon, Rize, Artvin, K\u0131rklareli, Ankara, Edirne, Nev\u015fehir, Ni\u011fde, Aksaray, Konya ve Karaman.<\/p>\n","protected":false},"excerpt":{"rendered":"<p>Sanayi ve Teknoloji Bakan\u0131 Fatih Kac\u0131r, milletvekillerine yapt\u0131\u011f\u0131 sunumda 14 vilayette kurulmas\u0131 planlanan devasa Organize Sanayi B\u00f6lgesi (OBS) projesinin ayr\u0131nt\u0131lar\u0131n\u0131 payla\u015ft\u0131. T\u00fcrkiye&#8217;de zelzele riskinin g\u00f6rece d\u00fc\u015f\u00fck oldu\u011fu kentler \u00fczerine yap\u0131lan planlama ile milyonun \u00fczerinde istihdam yarat\u0131lmas\u0131 ve \u0130stanbul&#8217;un \u00fczerindeki sanayi tart\u0131s\u0131n\u0131n kald\u0131r\u0131lmas\u0131 planlan\u0131yor.<\/p>\n","protected":false},"author":1,"featured_media":95229,"comment_status":"open","ping_status":"open","sticky":false,"template":"","format":"standard","meta":{"footnotes":""},"categories":[25],"tags":[2827,285,1693,353,1141],"class_list":["post-95228","post","type-post","status-publish","format-standard","has-post-thumbnail","hentry","category-gundem","tag-anadolu","tag-deprem","tag-fay","tag-risk","tag-sanayi"],"_links":{"self":[{"href":"https:\/\/ikimisli.tr\/index.php\/wp-json\/wp\/v2\/posts\/95228","targetHints":{"allow":["GET"]}}],"collection":[{"href":"https:\/\/ikimisli.tr\/index.php\/wp-json\/wp\/v2\/posts"}],"about":[{"href":"https:\/\/ikimisli.tr\/index.php\/wp-json\/wp\/v2\/types\/post"}],"author":[{"embeddable":true,"href":"https:\/\/ikimisli.tr\/index.php\/wp-json\/wp\/v2\/users\/1"}],"replies":[{"embeddable":true,"href":"https:\/\/ikimisli.tr\/index.php\/wp-json\/wp\/v2\/comments?post=95228"}],"version-history":[{"count":1,"href":"https:\/\/ikimisli.tr\/index.php\/wp-json\/wp\/v2\/posts\/95228\/revisions"}],"predecessor-version":[{"id":95232,"href":"https:\/\/ikimisli.tr\/index.php\/wp-json\/wp\/v2\/posts\/95228\/revisions\/95232"}],"wp:featuredmedia":[{"embeddable":true,"href":"https:\/\/ikimisli.tr\/index.php\/wp-json\/wp\/v2\/media\/95229"}],"wp:attachment":[{"href":"https:\/\/ikimisli.tr\/index.php\/wp-json\/wp\/v2\/media?parent=95228"}],"wp:term":[{"taxonomy":"category","embeddable":true,"href":"https:\/\/ikimisli.tr\/index.php\/wp-json\/wp\/v2\/categories?post=95228"},{"taxonomy":"post_tag","embeddable":true,"href":"https:\/\/ikimisli.tr\/index.php\/wp-json\/wp\/v2\/tags?post=95228"}],"curies":[{"name":"wp","href":"https:\/\/api.w.org\/{rel}","templated":true}]}}