{"id":95257,"date":"2026-01-28T08:36:08","date_gmt":"2026-01-28T08:36:08","guid":{"rendered":"https:\/\/ikimisli.tr\/?p=95257"},"modified":"2026-01-28T08:36:08","modified_gmt":"2026-01-28T08:36:08","slug":"sap-hastaligi-icin-sprey-gelistirdiler","status":"publish","type":"post","link":"https:\/\/ikimisli.tr\/index.php\/2026\/01\/28\/sap-hastaligi-icin-sprey-gelistirdiler\/","title":{"rendered":"\u015eap hastal\u0131\u011f\u0131 i\u00e7in sprey geli\u015ftirdiler"},"content":{"rendered":"<p>Burdur MAK\u00dc Veteriner Fak\u00fcltesi&#8217;nden Prof. Dr. Mehmet Kale, ara\u015ft\u0131rma vazifelisi Yakup Sinan Orta ve uzman veteriner tabip \u0130brahim O\u011fuz Gayaker, \u015fap hastal\u0131\u011f\u0131na yakalanan b\u00fcy\u00fckba\u015flar\u0131n a\u011f\u0131z lezyonlar\u0131 nedeniyle yem yiyememesi \u00fczerine yeme iste\u011fini art\u0131ran sprey geli\u015ftirdi. Eserin tan\u0131t\u0131m\u0131nda konu\u015fan Burdur MAK\u00dc Rekt\u00f6r\u00fc Prof. Dr. H\u00fcseyin Dalgar, &#8220;Hayvanc\u0131l\u0131\u011f\u0131n de\u011ferli problemine bu katk\u0131y\u0131 sunmaktan \u00fcniversite olarak memnunuz, gururluyuz. Eme\u011fi ge\u00e7en hocalar\u0131m\u0131za, ara\u015ft\u0131rma tak\u0131m\u0131na, \u00f6\u011frencilere te\u015fekk\u00fcr ediyorum&#8221; dedi.<\/p>\n<p>Prof. Dr. Mehmet Kale ise &#8220;\u015eap hastal\u0131\u011f\u0131nda hayvanlarda yem yememe, ba\u011f\u0131\u015f\u0131kl\u0131k sistemi zay\u0131flamas\u0131, a\u011f\u0131zda yara olu\u015fmakta. Geli\u015ftirdi\u011fimiz a\u011f\u0131z ve deri bak\u0131m eseri bu durumlarda kullan\u0131lmakta. Eserin kullan\u0131m\u0131ndan 15-20 saniye sonra hayvan yemeye ba\u015fl\u0131yor. Eserimiz rastgele bir kimyasal husus i\u00e7ermiyor&#8221; diye konu\u015ftu.<\/p>\n<p>Burdur Dam\u0131zl\u0131k S\u0131\u011f\u0131r Yeti\u015ftiricileri Birli\u011fi Lideri Kamil \u00d6zcan da \u015fap hastal\u0131\u011f\u0131ndan \u00f6t\u00fcr\u00fc \u00fcreticinin \u00f6nemli ziyan g\u00f6rd\u00fc\u011f\u00fcn\u00fc belirterek, geli\u015ftirilen eser i\u00e7in akademisyenlere te\u015fekk\u00fcr etti.<\/p>\n<p>\u00dcretici \u0130brahim Kargal\u0131 ise sprey uygulamas\u0131 sonras\u0131 hayvan\u0131n 20-25 saniye i\u00e7erisinde yemeye ba\u015flad\u0131\u011f\u0131n\u0131 anlatt\u0131.<\/p>\n","protected":false},"excerpt":{"rendered":"<p>Burdur Mehmet Akif Ersoy \u00dcniversitesi (MAK\u00dc) Veteriner Fak\u00fcltesi&#8217;nde vazifeli 3 akademisyen, \u015fap hastal\u0131\u011f\u0131na yakalanan b\u00fcy\u00fckba\u015flar\u0131n tedavisinde kullan\u0131lmak \u00fczere sprey geli\u015ftirdi.<\/p>\n","protected":false},"author":1,"featured_media":95258,"comment_status":"open","ping_status":"open","sticky":false,"template":"","format":"standard","meta":{"footnotes":""},"categories":[25],"tags":[75,3329],"class_list":["post-95257","post","type-post","status-publish","format-standard","has-post-thumbnail","hentry","category-gundem","tag-urun","tag-yem"],"_links":{"self":[{"href":"https:\/\/ikimisli.tr\/index.php\/wp-json\/wp\/v2\/posts\/95257","targetHints":{"allow":["GET"]}}],"collection":[{"href":"https:\/\/ikimisli.tr\/index.php\/wp-json\/wp\/v2\/posts"}],"about":[{"href":"https:\/\/ikimisli.tr\/index.php\/wp-json\/wp\/v2\/types\/post"}],"author":[{"embeddable":true,"href":"https:\/\/ikimisli.tr\/index.php\/wp-json\/wp\/v2\/users\/1"}],"replies":[{"embeddable":true,"href":"https:\/\/ikimisli.tr\/index.php\/wp-json\/wp\/v2\/comments?post=95257"}],"version-history":[{"count":1,"href":"https:\/\/ikimisli.tr\/index.php\/wp-json\/wp\/v2\/posts\/95257\/revisions"}],"predecessor-version":[{"id":95259,"href":"https:\/\/ikimisli.tr\/index.php\/wp-json\/wp\/v2\/posts\/95257\/revisions\/95259"}],"wp:featuredmedia":[{"embeddable":true,"href":"https:\/\/ikimisli.tr\/index.php\/wp-json\/wp\/v2\/media\/95258"}],"wp:attachment":[{"href":"https:\/\/ikimisli.tr\/index.php\/wp-json\/wp\/v2\/media?parent=95257"}],"wp:term":[{"taxonomy":"category","embeddable":true,"href":"https:\/\/ikimisli.tr\/index.php\/wp-json\/wp\/v2\/categories?post=95257"},{"taxonomy":"post_tag","embeddable":true,"href":"https:\/\/ikimisli.tr\/index.php\/wp-json\/wp\/v2\/tags?post=95257"}],"curies":[{"name":"wp","href":"https:\/\/api.w.org\/{rel}","templated":true}]}}