{"id":9532,"date":"2025-02-10T18:24:05","date_gmt":"2025-02-10T18:24:05","guid":{"rendered":"https:\/\/ikimisli.tr\/?p=9532"},"modified":"2025-02-10T18:24:05","modified_gmt":"2025-02-10T18:24:05","slug":"konyaspordan-cevap-mourinho-sokak-agziyla-konusmasin","status":"publish","type":"post","link":"https:\/\/ikimisli.tr\/index.php\/2025\/02\/10\/konyaspordan-cevap-mourinho-sokak-agziyla-konusmasin\/","title":{"rendered":"Konyaspor&#8217;dan cevap: Mourinho sokak a\u011fz\u0131yla konu\u015fmas\u0131n!"},"content":{"rendered":"<p>S\u00fcper Lig&#8217;in 19. haftas\u0131nda Fenerbah\u00e7e&#8217;nin Konyaspor&#8217;u 3-2 ma\u011flup etti\u011fi m\u00fcsabakan\u0131n akabinde ya\u015fanan hakem tart\u0131\u015fmalar\u0131 b\u00fcy\u00fcyor. Konyaspor Ba\u015fkan\u0131 \u00d6mer Korkmaz ve Fenerbah\u00e7e Teknik Y\u00f6neticisi Jose Mourinho ortas\u0131ndaki polemik devam ediyor.<\/p>\n<p><b>KORKMAZ: VAR YOK, HAKEM YOK<\/b><\/p>\n<p>Kar\u015f\u0131la\u015fman\u0131n ard\u0131ndan Konyaspor Ba\u015fkan\u0131 \u00d6mer Korkmaz, hakem kararlar\u0131na sert reaksiyon g\u00f6stermi\u015f ve bilhassa Fenerbah\u00e7eli Edin Dzeko&#8217;nun k\u0131rm\u0131z\u0131 kart g\u00f6rmesi gerekti\u011fini savunmu\u015ftu. Korkmaz, &#8220;Sahada, VAR odas\u0131nda hakem yok. Korner olmayan durumdan gol yiyoruz. Anadolu gruplar\u0131 daha ne kadar \u00e7aba edebilir? \u015eayet t\u0131pk\u0131 durum Kad\u0131k\u00f6y&#8217;de Fenerbah\u00e7eli bir oyuncuya yap\u0131lsayd\u0131 penalt\u0131 verilmez miydi?&#8221; tabirlerini kullanm\u0131\u015ft\u0131.<\/p>\n<p><b>&#8216;BA\u015eKAN FUTBOLU DAHA \u00c2L\u00c2 B\u0130LMEL\u0130&#8217;<\/b><\/p>\n<p>Jose Mourinho ise bas\u0131n toplant\u0131s\u0131nda Korkmaz&#8217;\u0131n bu tenkitlerine cevap vererek, &#8220;Ba\u015fkan futbolu biraz daha \u00e2l\u00e2 bilmeli. Tart\u0131\u015f\u0131lan penalt\u0131 konumundan evvel Tadic&#8217;e faul vard\u0131, bizim lehimize frikik verilmesi gerekirdi. Konyaspor liderinin hakem tenkitleri yanl\u0131\u015f zira hafta boyunca &#8216;Beraberlik i\u00e7in dua edelim, bir puan bizim i\u00e7in uygun olur&#8217; demi\u015fti. Fakat kadrosu s\u0131f\u0131r puan ald\u0131. Kendisini sorgulamal\u0131.&#8221; kelamlar\u0131n\u0131 kullanm\u0131\u015ft\u0131.<\/p>\n<p><b>\u00d6MER KORKMAZ&#8217;DAN MOURINHO&#8217;YA TEPK\u0130<\/b><\/p>\n<p>Konyaspor Ba\u015fkan\u0131 \u00d6mer Korkmaz, Mourinho&#8217;nun bu kelamlar\u0131na Radyospor arac\u0131l\u0131\u011f\u0131yla cevap verdi:<\/p>\n<p>&#8220;Bizim \u00fclke olarak Jose Mourinho&#8217;dan beklentimiz gelip sokak a\u011fz\u0131yla konu\u015fmas\u0131 de\u011fil. Evet, tahminen futbolu onun kadar bilmiyoruz. Lakin t\u00fcm spor toplulu\u011funun birle\u015fti\u011fi bir nokta var: Konyaspor&#8217;un hakk\u0131n\u0131n gasp edildi\u011fi. Ben futbolu onun kadar bilmiyor olabilirim lakin camiam\u0131 savunmak i\u00e7in her t\u00fcrl\u00fc a\u00e7\u0131klamay\u0131 yapar\u0131m.&#8221;<\/p>\n<p><b>GERG\u0130NL\u0130K TIRMANIYOR<\/b><\/p>\n<p>\u0130ki taraf ortas\u0131ndaki bu kar\u015f\u0131l\u0131kl\u0131 a\u00e7\u0131klamalar, Harika Lig&#8217;deki hakem tart\u0131\u015fmalar\u0131n\u0131 daha da alevlendirdi. Bilhassa Anadolu kul\u00fcplerinin hakem kararlar\u0131na y\u00f6nelik tenkitleri, ligin adalet d\u00fczene\u011fine dair daha geni\u015f bir tart\u0131\u015fma ba\u015flatm\u0131\u015f durumda. G\u00f6zler, TFF ve Merkez Hakem \u015euras\u0131&#8217;n\u0131n bu polemik sonras\u0131 nas\u0131l bir a\u00e7\u0131klama yapaca\u011f\u0131na \u00e7evrildi.<\/p>\n","protected":false},"excerpt":{"rendered":"<p>Konyaspor Ba\u015fkan\u0131 \u00d6mer Korkmaz, &#8216;futbolu daha yeterli bilmeli&#8217; diyen Fenerbah\u00e7e Teknik Y\u00f6neticisi Jose Mourinho&#8217;ya kar\u015f\u0131l\u0131k verdi.<\/p>\n","protected":false},"author":1,"featured_media":9533,"comment_status":"open","ping_status":"open","sticky":false,"template":"","format":"standard","meta":{"footnotes":""},"categories":[30],"tags":[227,1967,2250],"class_list":["post-9532","post","type-post","status-publish","format-standard","has-post-thumbnail","hentry","category-spor","tag-hakem","tag-konyaspor","tag-korkmaz"],"_links":{"self":[{"href":"https:\/\/ikimisli.tr\/index.php\/wp-json\/wp\/v2\/posts\/9532","targetHints":{"allow":["GET"]}}],"collection":[{"href":"https:\/\/ikimisli.tr\/index.php\/wp-json\/wp\/v2\/posts"}],"about":[{"href":"https:\/\/ikimisli.tr\/index.php\/wp-json\/wp\/v2\/types\/post"}],"author":[{"embeddable":true,"href":"https:\/\/ikimisli.tr\/index.php\/wp-json\/wp\/v2\/users\/1"}],"replies":[{"embeddable":true,"href":"https:\/\/ikimisli.tr\/index.php\/wp-json\/wp\/v2\/comments?post=9532"}],"version-history":[{"count":1,"href":"https:\/\/ikimisli.tr\/index.php\/wp-json\/wp\/v2\/posts\/9532\/revisions"}],"predecessor-version":[{"id":9534,"href":"https:\/\/ikimisli.tr\/index.php\/wp-json\/wp\/v2\/posts\/9532\/revisions\/9534"}],"wp:featuredmedia":[{"embeddable":true,"href":"https:\/\/ikimisli.tr\/index.php\/wp-json\/wp\/v2\/media\/9533"}],"wp:attachment":[{"href":"https:\/\/ikimisli.tr\/index.php\/wp-json\/wp\/v2\/media?parent=9532"}],"wp:term":[{"taxonomy":"category","embeddable":true,"href":"https:\/\/ikimisli.tr\/index.php\/wp-json\/wp\/v2\/categories?post=9532"},{"taxonomy":"post_tag","embeddable":true,"href":"https:\/\/ikimisli.tr\/index.php\/wp-json\/wp\/v2\/tags?post=9532"}],"curies":[{"name":"wp","href":"https:\/\/api.w.org\/{rel}","templated":true}]}}