{"id":95457,"date":"2026-01-28T20:36:09","date_gmt":"2026-01-28T20:36:09","guid":{"rendered":"https:\/\/ikimisli.tr\/?p=95457"},"modified":"2026-01-28T20:36:09","modified_gmt":"2026-01-28T20:36:09","slug":"cumhurbaskani-erdogan-trump-ile-gorustu","status":"publish","type":"post","link":"https:\/\/ikimisli.tr\/index.php\/2026\/01\/28\/cumhurbaskani-erdogan-trump-ile-gorustu\/","title":{"rendered":"Cumhurba\u015fkan\u0131 Erdo\u011fan, Trump ile g\u00f6r\u00fc\u015ft\u00fc.."},"content":{"rendered":"<p>Cumhurba\u015fkan\u0131 Erdo\u011fan ile ABD Ba\u015fkan\u0131 Donald Trump, telefonda g\u00f6r\u00fc\u015ft\u00fc. G\u00f6r\u00fc\u015fmede, T\u00fcrkiye-ABD ikili ba\u011flar\u0131, Suriye\u2019deki son durum, Gazze Bar\u0131\u015f Kurulu \u00e7al\u0131\u015fmalar\u0131, savunma sanayii ba\u015fta olmak \u00fczere ticari m\u00fcnasebetler ile b\u00f6lgesel ve global geli\u015fmeler ele al\u0131nd\u0131.<\/p>\n<p>\u0130leti\u015fim Ba\u015fkanl\u0131\u011f\u0131 g\u00f6r\u00fc\u015fmeye dair a\u00e7\u0131klamada bulundu.<\/p>\n<p>G\u00f6r\u00fc\u015fmede, \u00f6nderler, T\u00fcrkiye-ABD ikili ba\u011flant\u0131lar\u0131, Suriye\u2019deki son durum, Gazze Bar\u0131\u015f Kurulu \u00e7al\u0131\u015fmalar\u0131, savunma sanayii ba\u015fta olmak \u00fczere ticari m\u00fcnasebetler ile b\u00f6lgesel ve global geli\u015fmeleri ele ald\u0131.<\/p>\n<p>Cumhurba\u015fkan\u0131 Erdo\u011fan g\u00f6r\u00fc\u015fmede, T\u00fcrkiye ile ABD ortas\u0131ndaki i\u015f birli\u011fini geli\u015ftirmek i\u00e7in ad\u0131mlar atmay\u0131 s\u00fcrd\u00fcreceklerini, ilgilerin her alanda ileri ta\u015f\u0131nmas\u0131n\u0131n iki \u00fclkenin de m\u00fc\u015fterek menfaatine oldu\u011funu tabir etti.<\/p>\n<p>Cumhurba\u015fkan\u0131 Erdo\u011fan, T\u00fcrkiye\u2019nin kom\u015fusu Suriye&#8217;de ate\u015fkes ve entegrasyon mutabakat\u0131n\u0131n tam olarak uygulanmas\u0131na b\u00fcy\u00fck k\u0131ymet verdi\u011fini, bu hususta ABD ve Suriye makamlar\u0131yla e\u015f g\u00fcd\u00fcm i\u00e7inde s\u00fcreci yak\u0131ndan takip ettiklerini belirtti.<\/p>\n<p>Cumhurba\u015fkan\u0131 Erdo\u011fan, Gazze Bar\u0131\u015f Kurulu\u2019nun g\u00fczel \u00e7al\u0131\u015fmalara imza atmas\u0131n\u0131 temenni etti\u011fini, Gazze\u2019deki insani felaketin sonland\u0131r\u0131lmas\u0131 ve Gazze\u2019nin yine in\u015fa edilmesi ile b\u00f6lgemizde kal\u0131c\u0131 bar\u0131\u015f\u0131n \u00f6n\u00fcn\u00fcn a\u00e7\u0131laca\u011f\u0131na inand\u0131\u011f\u0131n\u0131 s\u00f6yledi.<\/p>\n","protected":false},"excerpt":{"rendered":"<p>Cumhurba\u015fkan\u0131 Erdo\u011fan, ABD Ba\u015fkan\u0131 Donald Trump ile telefonda g\u00f6r\u00fc\u015ft\u00fc. G\u00f6r\u00fc\u015fmede, T\u00fcrkiye-ABD ikili ba\u011flar\u0131, Suriye&#8217;deki son durum, Gazze Bar\u0131\u015f Kurulu \u00e7al\u0131\u015fmalar\u0131, savunma sanayii ba\u015fta olmak \u00fczere ticari m\u00fcnasebetler ile b\u00f6lgesel ve global geli\u015fmeler ele al\u0131nd\u0131.<\/p>\n","protected":false},"author":1,"featured_media":95458,"comment_status":"open","ping_status":"open","sticky":false,"template":"","format":"standard","meta":{"footnotes":""},"categories":[25],"tags":[82,83],"class_list":["post-95457","post","type-post","status-publish","format-standard","has-post-thumbnail","hentry","category-gundem","tag-abd","tag-gazze"],"_links":{"self":[{"href":"https:\/\/ikimisli.tr\/index.php\/wp-json\/wp\/v2\/posts\/95457","targetHints":{"allow":["GET"]}}],"collection":[{"href":"https:\/\/ikimisli.tr\/index.php\/wp-json\/wp\/v2\/posts"}],"about":[{"href":"https:\/\/ikimisli.tr\/index.php\/wp-json\/wp\/v2\/types\/post"}],"author":[{"embeddable":true,"href":"https:\/\/ikimisli.tr\/index.php\/wp-json\/wp\/v2\/users\/1"}],"replies":[{"embeddable":true,"href":"https:\/\/ikimisli.tr\/index.php\/wp-json\/wp\/v2\/comments?post=95457"}],"version-history":[{"count":1,"href":"https:\/\/ikimisli.tr\/index.php\/wp-json\/wp\/v2\/posts\/95457\/revisions"}],"predecessor-version":[{"id":95459,"href":"https:\/\/ikimisli.tr\/index.php\/wp-json\/wp\/v2\/posts\/95457\/revisions\/95459"}],"wp:featuredmedia":[{"embeddable":true,"href":"https:\/\/ikimisli.tr\/index.php\/wp-json\/wp\/v2\/media\/95458"}],"wp:attachment":[{"href":"https:\/\/ikimisli.tr\/index.php\/wp-json\/wp\/v2\/media?parent=95457"}],"wp:term":[{"taxonomy":"category","embeddable":true,"href":"https:\/\/ikimisli.tr\/index.php\/wp-json\/wp\/v2\/categories?post=95457"},{"taxonomy":"post_tag","embeddable":true,"href":"https:\/\/ikimisli.tr\/index.php\/wp-json\/wp\/v2\/tags?post=95457"}],"curies":[{"name":"wp","href":"https:\/\/api.w.org\/{rel}","templated":true}]}}