{"id":95498,"date":"2026-01-28T22:36:09","date_gmt":"2026-01-28T22:36:09","guid":{"rendered":"https:\/\/ikimisli.tr\/?p=95498"},"modified":"2026-01-28T22:36:09","modified_gmt":"2026-01-28T22:36:09","slug":"dugun-bitti-makyaji-cikardilar","status":"publish","type":"post","link":"https:\/\/ikimisli.tr\/index.php\/2026\/01\/28\/dugun-bitti-makyaji-cikardilar\/","title":{"rendered":"D\u00fc\u011f\u00fcn bitti makyaj\u0131 \u00e7\u0131kard\u0131lar"},"content":{"rendered":"<p><em><strong>Ali Can POLAT<\/strong><\/em><\/p>\n<p>Kahramanmara\u015fmerkezli 6 \u015eubat sars\u0131nt\u0131lar\u0131n\u0131n \u00fczerinden neredeyse 3 y\u0131l ge\u00e7mesine kar\u015f\u0131n b\u00f6lgede meseleler birinci g\u00fcnk\u00fc \u00fczere devam ediyor.<\/p>\n<p>2025\u2019in son aylar\u0131nda Cumhurba\u015fkan\u0131 Tayyip Erdo\u011fan\u2019\u0131n b\u00f6lgeye yapaca\u011f\u0131 ziyaret i\u00e7in kent brandalarla s\u00fcslendi ve \u2018her\u015fey yolunda\u2019 imaj\u0131 verildi. Bu imaj i\u00e7in s\u00fcslenip \u0131\u015f\u0131kland\u0131r\u0131lan yerlerden Atat\u00fcrk Caddesi\u2019nde Erdo\u011fan gezdi. \u00c7evre ve \u015eehircilik Bakan\u0131 Murat Kurum, bu caddenin s\u00fcslenmi\u015f halini g\u00f6r\u00fcnt\u00fc ile payla\u015farak, \u201cK\u00fcllerinden do\u011fan Hatay\u2019\u0131m\u0131z tekrar g\u00f6z kama\u015ft\u0131r\u0131yor\u201d dedi. O caddede bug\u00fcn asfaltlar\u0131n s\u00f6k\u00fcld\u00fc\u011f\u00fc ve altyap\u0131 \u00e7al\u0131\u015fmalar\u0131n\u0131n h\u00e2l\u00e2 s\u00fcrd\u00fc\u011f\u00fc g\u00f6r\u00fcld\u00fc.<\/p>\n<p><img decoding=\"async\" src=\"https:\/\/ikimisli.tr\/wp-content\/uploads\/2026\/01\/dugun-bitti-makyaji-cikardilar-0-bf5FGVJc.jpg\"\/><\/p>\n<p>Erdo\u011fan\u2019\u0131n ziyaretinin akabinde yine eski haline d\u00f6nen ve \u015fantiyelerle dolan Hatay Atat\u00fcrk Caddesi\u2019nin \u015fimdiki hali.<\/p>\n<p>Cadde yine in\u015faat \u015fantiyesine d\u00f6nm\u00fc\u015fken konu\u015fan Hatay \u015eehir Planc\u0131lar\u0131 Odas\u0131 Ba\u015fkan\u0131 Serkan Ko\u00e7, \u201cHatay\u0131 d\u00fc\u011f\u00fcne sarfiyat \u00fczere makyajlam\u0131\u015flard\u0131. D\u00fc\u011f\u00fcn bitti art\u0131k makyaj\u0131 s\u00f6kt\u00fcler. Kentin tamam\u0131nda meseleler oldu\u011fu \u00fczere s\u00fcr\u00fcyor. Mevzuata nazaran evvel altyap\u0131 sonra bina yap\u0131l\u0131r burada g\u00f6steri yapmak i\u00e7in evvel binalar\u0131 diktiler, art\u0131k altyap\u0131yla u\u011fra\u015f\u0131yorlar\u201d diye konu\u015ftu.<\/p>\n<p><img decoding=\"async\" src=\"https:\/\/ikimisli.tr\/wp-content\/uploads\/2026\/01\/dugun-bitti-makyaji-cikardilar-1-1QRwJGAC.jpg\"\/><\/p>\n<p>Yollar \u00e7ukurlarla doldu, vatanda\u015f y\u00fcr\u00fcyemiyor.<\/p>\n<p><strong>ELEKTR\u0130K DE YOL DA YOK<\/strong><\/p>\n<p>\u0130n\u015faat M\u00fchendisleri Odas\u0131 \u0130nal B\u00fcy\u00fcka\u015f\u0131k da \u201cGe\u00e7en y\u0131l 6 \u015eubat\u2019\u0131n y\u0131ld\u00f6n\u00fcm\u00fcnde de birebir \u015feyi yapm\u0131\u015flard\u0131. Devlet yetkilileri gelece\u011fi vakit asfalt d\u00f6k\u00fcp, sonra s\u00f6kmek burada rutin oldu\u201d dedi.<\/p>\n<p>Hatay Mimarlar Odas\u0131 Ba\u015fkan\u0131 Mustafa \u00d6z\u00e7elik ise \u015funlar\u0131 s\u00f6yledi: \u201cKentte sabah uyan\u0131nca hangi yolu kullanabilece\u011finiz muhakkak de\u011fil her an her yola \u015fantiye kurulmu\u015f olabilir. Ka\u00e7 saat elektri\u011finiz olacak a\u015fik\u00e2r de\u011fil. Is\u0131nabilecek misiniz bilmiyorsunuz.\u201d<\/p>\n<p><img decoding=\"async\" src=\"https:\/\/ikimisli.tr\/wp-content\/uploads\/2026\/01\/dugun-bitti-makyaji-cikardilar-2-C5CgZcgW.jpg\"\/><\/p>\n<p><b><span>Yeni tiyatroya haz\u0131rlan\u0131yorlar<\/span><\/b><\/p>\n<p>Hatay\u2019\u0131n Defne il\u00e7esinde Halk Meclisi \u00dcyesi Hizam Has\u0131rc\u0131, \u201cSize bir foto\u011fraf atmak isterdim ancak otomobilim o yollarda \u00e7ukura d\u00fc\u015ft\u00fc, tamirde kullanam\u0131yorum. Oralarda y\u00fcr\u00fcmek bile imkans\u0131z\u201d dedi. Hatayl\u0131 bir vatanda\u015f ise, \u201cO caddeyi art\u0131k de sars\u0131nt\u0131n\u0131n y\u0131ld\u00f6n\u00fcm\u00fcnde oynayacaklar\u0131 tiyatro i\u00e7in haz\u0131rlayacaklar. Sorun \u00e7\u00f6zmeye dair hi\u00e7bir u\u011fra\u015flar\u0131 yok, yaln\u0131zca \u2018\u00e7\u00f6z\u00fcyoruz\u2019 alg\u0131s\u0131 yap\u0131yorlar\u201d s\u00f6zlerini kulland\u0131.<\/p>\n<p><img decoding=\"async\" src=\"https:\/\/ikimisli.tr\/wp-content\/uploads\/2026\/01\/dugun-bitti-makyaji-cikardilar-3-QNfIBa3P.jpg\"\/><\/p>\n<p>Cumhurba\u015fkan\u0131 Tayyip Erdo\u011fan\u2019\u0131n 2025\u2019teki ziyareti s\u0131ras\u0131nda \u201c\u015fehir aya\u011fa kald\u0131r\u0131ld\u0131\u201d denilerek, payla\u015f\u0131lan foto\u011fraflarda g\u00f6r\u00fcnen Hatay Atat\u00fcrk Caddesi.<\/p>\n","protected":false},"excerpt":{"rendered":"<p>Tabipler kesmeyen ne\u015fter, damar i\u00e7inde k\u0131r\u0131lan kateter, damarla uyumlu olmayan stent gere\u00e7leri y\u00fcz\u00fcnden halk s\u0131hhatinin riske at\u0131ld\u0131\u011f\u0131n\u0131 bildirdi.<\/p>\n","protected":false},"author":1,"featured_media":95499,"comment_status":"open","ping_status":"open","sticky":false,"template":"","format":"standard","meta":{"footnotes":""},"categories":[25],"tags":[689,3676,500],"class_list":["post-95498","post","type-post","status-publish","format-standard","has-post-thumbnail","hentry","category-gundem","tag-cadde","tag-hatay","tag-yol"],"_links":{"self":[{"href":"https:\/\/ikimisli.tr\/index.php\/wp-json\/wp\/v2\/posts\/95498","targetHints":{"allow":["GET"]}}],"collection":[{"href":"https:\/\/ikimisli.tr\/index.php\/wp-json\/wp\/v2\/posts"}],"about":[{"href":"https:\/\/ikimisli.tr\/index.php\/wp-json\/wp\/v2\/types\/post"}],"author":[{"embeddable":true,"href":"https:\/\/ikimisli.tr\/index.php\/wp-json\/wp\/v2\/users\/1"}],"replies":[{"embeddable":true,"href":"https:\/\/ikimisli.tr\/index.php\/wp-json\/wp\/v2\/comments?post=95498"}],"version-history":[{"count":1,"href":"https:\/\/ikimisli.tr\/index.php\/wp-json\/wp\/v2\/posts\/95498\/revisions"}],"predecessor-version":[{"id":95504,"href":"https:\/\/ikimisli.tr\/index.php\/wp-json\/wp\/v2\/posts\/95498\/revisions\/95504"}],"wp:featuredmedia":[{"embeddable":true,"href":"https:\/\/ikimisli.tr\/index.php\/wp-json\/wp\/v2\/media\/95499"}],"wp:attachment":[{"href":"https:\/\/ikimisli.tr\/index.php\/wp-json\/wp\/v2\/media?parent=95498"}],"wp:term":[{"taxonomy":"category","embeddable":true,"href":"https:\/\/ikimisli.tr\/index.php\/wp-json\/wp\/v2\/categories?post=95498"},{"taxonomy":"post_tag","embeddable":true,"href":"https:\/\/ikimisli.tr\/index.php\/wp-json\/wp\/v2\/tags?post=95498"}],"curies":[{"name":"wp","href":"https:\/\/api.w.org\/{rel}","templated":true}]}}