{"id":95567,"date":"2026-01-29T02:12:07","date_gmt":"2026-01-29T02:12:07","guid":{"rendered":"https:\/\/ikimisli.tr\/?p=95567"},"modified":"2026-01-29T02:12:07","modified_gmt":"2026-01-29T02:12:07","slug":"iktidarin-agir-topundan-muhalefetin-onunde-fidanin-ekibine-firca","status":"publish","type":"post","link":"https:\/\/ikimisli.tr\/index.php\/2026\/01\/29\/iktidarin-agir-topundan-muhalefetin-onunde-fidanin-ekibine-firca\/","title":{"rendered":"\u0130ktidar\u0131n a\u011f\u0131r topundan muhalefetin \u00f6n\u00fcnde Fidan&#8217;\u0131n ekibine f\u0131r\u00e7a"},"content":{"rendered":"<p>2018-2023 y\u0131llar\u0131 ortas\u0131nda T\u00fcrkiye Cumhurba\u015fkan\u0131 Yard\u0131mc\u0131s\u0131 olarak misyon yapan iktidar\u0131n k\u0131ymetli isimlerinden Fuat Oktay, TBMM D\u0131\u015fi\u015fleri Komitesi&#8217;nde yap\u0131lan toplant\u0131 s\u0131ras\u0131nda D\u0131\u015fi\u015fleri Bakan\u0131 Hakan Fidan&#8217;\u0131n yard\u0131mc\u0131lar\u0131 ve bakanl\u0131k b\u00fcrokratlar\u0131na sert tabirlerle reaksiyon g\u00f6sterdi.\u00a0<\/p>\n<p><strong>F\u0130DAN&#8217;IN TAKIMINI MUHALEFET\u0130N \u00d6N\u00dcNDE FIR\u00c7ALADI<\/strong><\/p>\n<p>DW T\u00fcrk\u00e7e&#8217;nin haberine nazaran Oktay, komitedeki g\u00f6r\u00fc\u015fmeler s\u0131ras\u0131nda bilhassa askeri ve ekonomik boyutu olan muahedelerde \u015feffafl\u0131k ve ayr\u0131nt\u0131 eksikli\u011fi ya\u015fand\u0131\u011f\u0131n\u0131 savundu. Yap\u0131lan sunumlar\u0131n i\u00e7inin bo\u015f oldu\u011funu vurgulayan Oktay, bakanl\u0131k heyetini sert bir lisanla ele\u015ftirerek &#8216;Dersinize \u00e7al\u0131\u015fmadan gelmi\u015fsiniz&#8217; bi\u00e7iminde konu\u015ftu.<\/p>\n<p><strong>&#8216;ANLATTIKLARINIZDAN H\u0130\u00c7B\u0130R \u015eEY ANLAMADIM&#8217;<\/strong><\/p>\n<p>Muhalif milletvekillerinin de bulundu\u011fu kurulda ya\u015fananlar dikkat \u00e7ekerken, toplant\u0131da Hakan Fidan\u2019\u0131n yard\u0131mc\u0131lar\u0131ndan biri taraf\u0131ndan yap\u0131lan bilgilendirme, Oktay\u2019\u0131 ikna etmedi. Bunun \u00fczerine Oktay, \u201cAnlatt\u0131klar\u0131n\u0131zdan benim ba\u015f\u0131mda hi\u00e7bir \u015fey olu\u015fmad\u0131. Diplomatik konu\u015fuyorsunuz lakin yap\u0131lan \u00e7al\u0131\u015fmalar burada izah edilemiyor\u201d diyerek reaksiyonunu s\u00fcrd\u00fcrd\u00fc. Oktay, bu duruma anlay\u0131\u015f g\u00f6stermeyece\u011fini de a\u00e7\u0131k\u00e7a lisana getirdi.<\/p>\n<p><strong>MUHALEFET F\u0130DAN&#8217;I \u0130STED\u0130, OKTAY REAKS\u0130YON G\u00d6STERD\u0130<\/strong><\/p>\n<p>Toplant\u0131 s\u0131ras\u0131nda muhalefet milletvekilleri, D\u0131\u015fi\u015fleri Bakan\u0131 Hakan Fidan\u2019\u0131n bizzat komiteye gelerek bilgi vermesi gerekti\u011fini s\u00f6z etti. Lakin bu teklif de Oktay\u2019\u0131n yans\u0131s\u0131yla kar\u015f\u0131land\u0131.<\/p>\n<p><strong>\u201cBAKAN YARDIMCISI, BAKANI TEMS\u0130L EDER\u201d<\/strong><\/p>\n<p>Muhalefetin davetine cevap veren Oktay, \u201cBakan yard\u0131mc\u0131s\u0131, bakan\u0131 temsil eder\u201d diyerek Hakan Fidan\u2019\u0131n toplant\u0131ya gelmesine gerek olmad\u0131\u011f\u0131 g\u00f6r\u00fc\u015f\u00fcn\u00fc savundu.<\/p>\n<p>Son iki toplant\u0131n\u0131n da misal gerginliklere sahne oldu\u011fu belirtilirken, ya\u015fanan tart\u0131\u015fma Meclis kulislerinde dikkatle izlenmeye devam ediyor.<\/p>\n","protected":false},"excerpt":{"rendered":"<p>TBMM D\u0131\u015fi\u015fleri Kurulu Lideri Fuat Oktay, komisyon toplant\u0131s\u0131nda D\u0131\u015fi\u015fleri Bakan\u0131 Hakan Fidan\u2019\u0131n yard\u0131mc\u0131lar\u0131 ve bakanl\u0131k b\u00fcrokratlar\u0131na sert tabirlerle y\u00fcklendi. Oktay, Fidan&#8217;\u0131n A grubunun askeri ve ekonomik boyutu olan mutabakatlara ait k\u00e2fi ve net bilgi veremedi\u011fini belirterek, \u201cBuraya haz\u0131rl\u0131ks\u0131z geliyorsunuz\u201d s\u00f6zleriyle duruma reaksiyon g\u00f6sterdi.<\/p>\n","protected":false},"author":1,"featured_media":95568,"comment_status":"open","ping_status":"open","sticky":false,"template":"","format":"standard","meta":{"footnotes":""},"categories":[25],"tags":[5822,247],"class_list":["post-95567","post","type-post","status-publish","format-standard","has-post-thumbnail","hentry","category-gundem","tag-oktay","tag-toplanti"],"_links":{"self":[{"href":"https:\/\/ikimisli.tr\/index.php\/wp-json\/wp\/v2\/posts\/95567","targetHints":{"allow":["GET"]}}],"collection":[{"href":"https:\/\/ikimisli.tr\/index.php\/wp-json\/wp\/v2\/posts"}],"about":[{"href":"https:\/\/ikimisli.tr\/index.php\/wp-json\/wp\/v2\/types\/post"}],"author":[{"embeddable":true,"href":"https:\/\/ikimisli.tr\/index.php\/wp-json\/wp\/v2\/users\/1"}],"replies":[{"embeddable":true,"href":"https:\/\/ikimisli.tr\/index.php\/wp-json\/wp\/v2\/comments?post=95567"}],"version-history":[{"count":1,"href":"https:\/\/ikimisli.tr\/index.php\/wp-json\/wp\/v2\/posts\/95567\/revisions"}],"predecessor-version":[{"id":95569,"href":"https:\/\/ikimisli.tr\/index.php\/wp-json\/wp\/v2\/posts\/95567\/revisions\/95569"}],"wp:featuredmedia":[{"embeddable":true,"href":"https:\/\/ikimisli.tr\/index.php\/wp-json\/wp\/v2\/media\/95568"}],"wp:attachment":[{"href":"https:\/\/ikimisli.tr\/index.php\/wp-json\/wp\/v2\/media?parent=95567"}],"wp:term":[{"taxonomy":"category","embeddable":true,"href":"https:\/\/ikimisli.tr\/index.php\/wp-json\/wp\/v2\/categories?post=95567"},{"taxonomy":"post_tag","embeddable":true,"href":"https:\/\/ikimisli.tr\/index.php\/wp-json\/wp\/v2\/tags?post=95567"}],"curies":[{"name":"wp","href":"https:\/\/api.w.org\/{rel}","templated":true}]}}