{"id":95593,"date":"2026-01-29T03:48:05","date_gmt":"2026-01-29T03:48:05","guid":{"rendered":"https:\/\/ikimisli.tr\/?p=95593"},"modified":"2026-01-29T03:48:05","modified_gmt":"2026-01-29T03:48:05","slug":"ucretli-whatsappin-fiyati-belirlendi-cok-buyuk-bir-gelir-bekleniyor","status":"publish","type":"post","link":"https:\/\/ikimisli.tr\/index.php\/2026\/01\/29\/ucretli-whatsappin-fiyati-belirlendi-cok-buyuk-bir-gelir-bekleniyor\/","title":{"rendered":"\u00dccretli WhatsApp&#8217;\u0131n fiyat\u0131 belirlendi: \u00c7ok b\u00fcy\u00fck bir gelir bekleniyor"},"content":{"rendered":"<p>Milyarlarca kullan\u0131c\u0131s\u0131 bulunan iletile\u015fme devi, uzun m\u00fcddettir konu\u015fulan &#8220;reklams\u0131z abonelik&#8221; modeli i\u00e7in d\u00fc\u011fmeye bast\u0131. Platformun deneme s\u00fcr\u00fcmlerinde ortaya \u00e7\u0131kan yeni ayr\u0131nt\u0131lar, \u015eirketin yeni gelir stratejisinin ayr\u0131nt\u0131lar\u0131n\u0131 g\u00f6zler \u00f6n\u00fcne seriyor.<\/p>\n<p><strong>ABONEL\u0130K F\u0130YATI NETLE\u015e\u0130YOR<\/strong><\/p>\n<p>WhatsApp\u2019\u0131n 2.26.3.9 kodlu Android beta s\u00fcr\u00fcm\u00fcnde ke\u015ffedilen yeni d\u00fczenleme, \u015firketin reklamlar\u0131 b\u00fcsb\u00fct\u00fcn devre d\u0131\u015f\u0131 b\u0131rakacak bir abonelik paketi \u00fczerinde \u00e7al\u0131\u015ft\u0131\u011f\u0131n\u0131 kan\u0131tl\u0131yor.<\/p>\n<p><img decoding=\"async\" src=\"https:\/\/ikimisli.tr\/wp-content\/uploads\/2026\/01\/ucretli-whatsappin-fiyati-belirlendi-cok-buyuk-bir-gelir-bekleniyor-0-Q4rYnjqa.jpg\"\/><\/p>\n<p>\u0130lk s\u0131z\u0131nt\u0131lara g\u00f6re, \u00f6zellikle Avrupa Birli\u011fi ve \u0130ngiltere\u2019deki kullan\u0131c\u0131lar\u0131 kapsayacak olan bu reklams\u0131z tecr\u00fcbenin ayl\u0131k maliyeti yakla\u015f\u0131k 4 Euro d\u00fczeyinde olacak. Meta cephesinden \u015fimdi fiyatland\u0131rmaya dair resmi bir onay gelmemi\u015f olsa da, s\u0131zan ekran imajlar\u0131 \u015firketin devasa kullan\u0131c\u0131 havuzunu direkt gelire d\u00f6n\u00fc\u015ft\u00fcrme konusunda kararl\u0131 oldu\u011funu g\u00f6steriyor.<\/p>\n<p><strong>REKLAMLARIN TES\u0130R ALANI DARALIYOR<\/strong><\/p>\n<p>Mevcut sistemde reklamlar, kullan\u0131c\u0131lar\u0131n Durum payla\u015f\u0131mlar\u0131n\u0131 izledi\u011fi ve Kanallar ortas\u0131nda gezindi\u011fi &#8220;G\u00fcncellemeler&#8221; sekmesinde kar\u015f\u0131m\u0131za \u00e7\u0131k\u0131yor. Durum ge\u00e7i\u015fleri ortas\u0131nda beliren ilanlar ve &#8220;Tan\u0131t\u0131lan Kanallar&#8221; ba\u015fl\u0131\u011f\u0131 alt\u0131ndaki teklifler, yeni abonelik sistemiyle birlikte tarihe kar\u0131\u015facak. Fiyatl\u0131 modeli tercih eden kullan\u0131c\u0131lar, durum g\u00fcncellemeleri ortas\u0131nda rastgele bir tan\u0131t\u0131m i\u00e7eri\u011fi g\u00f6rmeyecek ve sponsorlu kanal tavsiyeleriyle kar\u015f\u0131la\u015fmayacak. Lakin en \u00e7ok merak edilen nokta olan \u00f6zel iletile\u015fme, sesli ve manzaral\u0131 arama \u00fczere temel i\u015flevler, \u00f6deme yapmayan kullan\u0131c\u0131lar i\u00e7in de b\u00fcsb\u00fct\u00fcn fiyats\u0131z kalmaya devam edecek.<\/p>\n<p><strong>AVRUPA D\u00dcZENLEMELER\u0130 VE META&#8217;NIN YEN\u0130 ROTASI<\/strong><\/p>\n<p>\u015eirketin bu at\u0131l\u0131m\u0131 yaln\u0131zca ekonomik bir tercih de\u011fil, birebir vakitte Avrupa ve \u0130ngiltere\u2019deki yasal d\u00fczenlemelere ahenk sa\u011flama gayreti olarak bedellendiriliyor. B\u00f6lgedeki yasalar, platformlar\u0131n kullan\u0131c\u0131lara &#8220;reklaml\u0131 fiyats\u0131z kullan\u0131m&#8221; yahut &#8220;\u00fccretli reklams\u0131z kullan\u0131m&#8221; ortas\u0131nda bir se\u00e7im hakk\u0131 sunmas\u0131n\u0131 zarur\u00ee k\u0131l\u0131yor. Daha evvel Facebook ve Instagram\u2019da emsal bir yolu izleyen Meta, art\u0131k birebir stratejiyi WhatsApp\u2019a ta\u015f\u0131yor. Abonelik s\u00fcre\u00e7lerinin Google Play uygulama i\u00e7i sat\u0131n alma altyap\u0131s\u0131yla y\u00f6netilmesi beklenirken, bu paketin tek ba\u015f\u0131na m\u0131 yoksa Meta\u2019n\u0131n ba\u015fka uygulamalar\u0131n\u0131 da kapsayan genel bir abonelik plan\u0131na m\u0131 dahil olaca\u011f\u0131 \u015fimdi netlik kazanmad\u0131.<\/p>\n<p><strong>GEL\u0130\u015eT\u0130RME S\u00dcREC\u0130 VE TEKN\u0130K DE\u011e\u0130\u015e\u0130KL\u0130KLER<\/strong><\/p>\n<p>Yeni \u00f6zellik \u015fimdi test basama\u011f\u0131nda oldu\u011fu i\u00e7in resmi bir \u00e7\u0131k\u0131\u015f tarihi verilmi\u015f de\u011fil. Fiyatl\u0131 abonelik se\u00e7ene\u011fi b\u00fcsb\u00fct\u00fcn iste\u011fe ba\u011fl\u0131 bir tercih olarak kalacak ve fiyats\u0131z versiyonu kullananlar G\u00fcncellemeler sekmesinde reklam g\u00f6rmeye devam edecek. Bu esasl\u0131 de\u011fi\u015fimin yan\u0131 s\u0131ra platformda teknik bir bayrak de\u011fi\u015fimi de ya\u015fan\u0131yor. WhatsApp, GIF sa\u011flay\u0131c\u0131s\u0131 Tenor\u2019un 2026 ortas\u0131nda hizmetini durduracak olmas\u0131 nedeniyle varsay\u0131lan sa\u011flay\u0131c\u0131s\u0131n\u0131 Klipy olarak de\u011fi\u015ftiriyor. iOS beta s\u00fcr\u00fcmlerinde fark edilen bu ge\u00e7i\u015f, kullan\u0131c\u0131 taraf\u0131nda rastgele bir s\u00fcre\u00e7 gerektirmeden otomatik olarak yans\u0131t\u0131lacak.<\/p>\n","protected":false},"excerpt":{"rendered":"<p>D\u00fcnyan\u0131n en tan\u0131nan anl\u0131k iletile\u015fme uygulamas\u0131 WhatsApp, kurulu\u015fundan bu yana sad\u0131k kald\u0131\u011f\u0131 &#8220;tamamen \u00fccretsiz&#8221; imaj\u0131n\u0131 temelinden sarsacak tarihi bir d\u00f6nemece giriyor. Fiyatl\u0131 hale getirilecek uygulama i\u00e7in belirlenen fiyat da muhakkak oldu.<\/p>\n","protected":false},"author":1,"featured_media":95594,"comment_status":"open","ping_status":"open","sticky":false,"template":"","format":"standard","meta":{"footnotes":""},"categories":[31],"tags":[9906,1432,2253],"class_list":["post-95593","post","type-post","status-publish","format-standard","has-post-thumbnail","hentry","category-teknoloji","tag-abonelik","tag-kullanici","tag-reklam"],"_links":{"self":[{"href":"https:\/\/ikimisli.tr\/index.php\/wp-json\/wp\/v2\/posts\/95593","targetHints":{"allow":["GET"]}}],"collection":[{"href":"https:\/\/ikimisli.tr\/index.php\/wp-json\/wp\/v2\/posts"}],"about":[{"href":"https:\/\/ikimisli.tr\/index.php\/wp-json\/wp\/v2\/types\/post"}],"author":[{"embeddable":true,"href":"https:\/\/ikimisli.tr\/index.php\/wp-json\/wp\/v2\/users\/1"}],"replies":[{"embeddable":true,"href":"https:\/\/ikimisli.tr\/index.php\/wp-json\/wp\/v2\/comments?post=95593"}],"version-history":[{"count":1,"href":"https:\/\/ikimisli.tr\/index.php\/wp-json\/wp\/v2\/posts\/95593\/revisions"}],"predecessor-version":[{"id":95596,"href":"https:\/\/ikimisli.tr\/index.php\/wp-json\/wp\/v2\/posts\/95593\/revisions\/95596"}],"wp:featuredmedia":[{"embeddable":true,"href":"https:\/\/ikimisli.tr\/index.php\/wp-json\/wp\/v2\/media\/95594"}],"wp:attachment":[{"href":"https:\/\/ikimisli.tr\/index.php\/wp-json\/wp\/v2\/media?parent=95593"}],"wp:term":[{"taxonomy":"category","embeddable":true,"href":"https:\/\/ikimisli.tr\/index.php\/wp-json\/wp\/v2\/categories?post=95593"},{"taxonomy":"post_tag","embeddable":true,"href":"https:\/\/ikimisli.tr\/index.php\/wp-json\/wp\/v2\/tags?post=95593"}],"curies":[{"name":"wp","href":"https:\/\/api.w.org\/{rel}","templated":true}]}}