{"id":95621,"date":"2026-01-29T05:36:07","date_gmt":"2026-01-29T05:36:07","guid":{"rendered":"https:\/\/ikimisli.tr\/?p=95621"},"modified":"2026-01-29T05:36:07","modified_gmt":"2026-01-29T05:36:07","slug":"polislerin-anonsu-sosyal-medyanin-diline-dustu","status":"publish","type":"post","link":"https:\/\/ikimisli.tr\/index.php\/2026\/01\/29\/polislerin-anonsu-sosyal-medyanin-diline-dustu\/","title":{"rendered":"Polislerin anonsu sosyal medyan\u0131n diline d\u00fc\u015ft\u00fc"},"content":{"rendered":"<div>\n<p>\u0130zmir\u2019de trafi\u011fin a\u011f\u0131r oldu\u011fu k\u0131y\u0131 \u015feridinde sahipsiz olduklar\u0131 anla\u015f\u0131lan bir k\u00fcme inek, ana yola \u00e7\u0131karak ara\u00e7 trafi\u011finin durmas\u0131na neden oldu. \u015eof\u00f6rlerin ihbar\u0131 \u00fczerine olay yerine trafik polisleri sevk edildi.<\/p>\n<p><b>&#8220;\u0130NEKLER DA\u011eILIN&#8221; ANONSU<\/b><\/p>\n<p>Olay yerine ula\u015fan polis tak\u0131mlar\u0131, inekleri yol kenar\u0131na uzakla\u015ft\u0131rmak i\u00e7in grup arac\u0131n\u0131n megafonunu kulland\u0131. Misyonlu polis memurunun ara\u00e7tan, &#8220;\u0130nekler da\u011f\u0131l\u0131n, yoldan \u00e7ekilin&#8221; halinde anons ge\u00e7ti\u011fi duyuldu. Toplumsal medyada payla\u015f\u0131lan manzaralarda, anonsun akabinde ineklerin yava\u015f\u00e7a yol kenar\u0131na hakikat hareket etti\u011fi g\u00f6r\u00fcld\u00fc.<\/p>\n<p><img decoding=\"async\" src=\"https:\/\/ikimisli.tr\/wp-content\/uploads\/2026\/01\/polislerin-anonsu-sosyal-medyanin-diline-dustu-0-t9UUcp6s.png\"\/><\/p>\n<p><b>BELED\u0130YE TAKIMLARINA HABER VER\u0130LD\u0130<\/b><\/p>\n<p>Polis gruplar\u0131n\u0131n m\u00fcdahalesiyle yolun bir \u015feridi trafi\u011fe a\u00e7\u0131l\u0131rken, ineklerin inan\u00e7l\u0131 bir alana al\u0131nmas\u0131 ve sahiplerinin tespiti i\u00e7in belediye gruplar\u0131na bilgi verildi. Hayvanlar\u0131n yoldan b\u00fcsb\u00fct\u00fcn uzakla\u015ft\u0131r\u0131lmas\u0131yla birlikte trafik ak\u0131\u015f\u0131 ola\u011fana d\u00f6nd\u00fc.<\/p>\n<\/p><\/div>\n","protected":false},"excerpt":{"rendered":"<p>\u0130zmir\u2019de k\u0131y\u0131 yolunda trafi\u011fin aksamas\u0131na neden olan inek s\u00fcr\u00fcs\u00fcne polis gruplar\u0131 megafonla m\u00fcdahale etti. Tak\u0131m arac\u0131ndan yap\u0131lan \u201c\u0130nekler da\u011f\u0131l\u0131n\u201d anonsu etraftakiler taraf\u0131ndan kaydedildi.<\/p>\n","protected":false},"author":1,"featured_media":95622,"comment_status":"open","ping_status":"open","sticky":false,"template":"","format":"standard","meta":{"footnotes":""},"categories":[25],"tags":[287,500],"class_list":["post-95621","post","type-post","status-publish","format-standard","has-post-thumbnail","hentry","category-gundem","tag-ekip","tag-yol"],"_links":{"self":[{"href":"https:\/\/ikimisli.tr\/index.php\/wp-json\/wp\/v2\/posts\/95621","targetHints":{"allow":["GET"]}}],"collection":[{"href":"https:\/\/ikimisli.tr\/index.php\/wp-json\/wp\/v2\/posts"}],"about":[{"href":"https:\/\/ikimisli.tr\/index.php\/wp-json\/wp\/v2\/types\/post"}],"author":[{"embeddable":true,"href":"https:\/\/ikimisli.tr\/index.php\/wp-json\/wp\/v2\/users\/1"}],"replies":[{"embeddable":true,"href":"https:\/\/ikimisli.tr\/index.php\/wp-json\/wp\/v2\/comments?post=95621"}],"version-history":[{"count":1,"href":"https:\/\/ikimisli.tr\/index.php\/wp-json\/wp\/v2\/posts\/95621\/revisions"}],"predecessor-version":[{"id":95624,"href":"https:\/\/ikimisli.tr\/index.php\/wp-json\/wp\/v2\/posts\/95621\/revisions\/95624"}],"wp:featuredmedia":[{"embeddable":true,"href":"https:\/\/ikimisli.tr\/index.php\/wp-json\/wp\/v2\/media\/95622"}],"wp:attachment":[{"href":"https:\/\/ikimisli.tr\/index.php\/wp-json\/wp\/v2\/media?parent=95621"}],"wp:term":[{"taxonomy":"category","embeddable":true,"href":"https:\/\/ikimisli.tr\/index.php\/wp-json\/wp\/v2\/categories?post=95621"},{"taxonomy":"post_tag","embeddable":true,"href":"https:\/\/ikimisli.tr\/index.php\/wp-json\/wp\/v2\/tags?post=95621"}],"curies":[{"name":"wp","href":"https:\/\/api.w.org\/{rel}","templated":true}]}}