{"id":95630,"date":"2026-01-29T06:00:06","date_gmt":"2026-01-29T06:00:06","guid":{"rendered":"https:\/\/ikimisli.tr\/?p=95630"},"modified":"2026-01-29T06:00:06","modified_gmt":"2026-01-29T06:00:06","slug":"10-yildir-kaciyordu-iki-kadinin-katili-dna-testi-ile-yakalandi","status":"publish","type":"post","link":"https:\/\/ikimisli.tr\/index.php\/2026\/01\/29\/10-yildir-kaciyordu-iki-kadinin-katili-dna-testi-ile-yakalandi\/","title":{"rendered":"10 y\u0131ld\u0131r ka\u00e7\u0131yordu! \u0130ki kad\u0131n\u0131n katili DNA testi ile yakaland\u0131"},"content":{"rendered":"<p>\u0130\u00e7i\u015fleri Bakan\u0131 Ali Yerlikaya 10 y\u0131l evvel i\u015flenen bir bayan cinayetinin failinin yakaland\u0131\u011f\u0131n\u0131 duyurdu.\u00a0<\/p>\n<p>Yerlikaya 2016 y\u0131l\u0131nda i\u015flenen cinayetin 2019&#8217;da \u00f6b\u00fcr bir olay\u0131n faili taraf\u0131ndan yap\u0131ld\u0131\u011f\u0131n\u0131n tespit edilmesi \u00fczerine DNA testi yap\u0131ld\u0131\u011f\u0131n\u0131\u00a0 \u015f\u00fcphelinin DNA profilinin uyumluluk g\u00f6stermesi \u00fczerine yakaland\u0131\u011f\u0131n\u0131 belirtti.<\/p>\n<p>Yerlikaya X hesab\u0131ndan yapt\u0131\u011f\u0131 payla\u015f\u0131mda \u015funlar\u0131 kaydetti:<\/p>\n<p>\u201cAntalya\u2019da 10 y\u0131l evvel i\u015flenen faili me\u00e7hul bayan cinayeti, \u00a0Antalya Emniyet M\u00fcd\u00fcrl\u00fc\u011f\u00fcm\u00fczce ayd\u0131nlat\u0131ld\u0131, katil hapiste\u201d<\/p>\n<p>Faili me\u00e7hul cinayetleri geriye yanl\u0131\u015fs\u0131z tek tek ele alan Polisimiz, Antalya\u2019da 29.02.2016 tarihinde \u00f6ld\u00fcr\u00fclen S.K. isimli bayan\u0131n katil yada katilerinin pe\u015fine d\u00fc\u015ft\u00fc.<\/p>\n<p>Antalya Cumhuriyet Ba\u015fsavc\u0131l\u0131\u011f\u0131nca y\u00fcr\u00fct\u00fclen soru\u015fturma kapsam\u0131nda, Antalya Emniyet M\u00fcd\u00fcrl\u00fc\u011f\u00fc Asayi\u015f \u015eube M\u00fcd\u00fcrl\u00fc\u011f\u00fc, Cinayet Ofis Amirli\u011fi gruplar\u0131nca titiz bir \u00e7al\u0131\u015fma ba\u015flat\u0131ld\u0131.<\/p>\n<p>Bahse mevzu evrak ile ilgili ayr\u0131nt\u0131l\u0131 ve teknolojik \u00e7al\u0131\u015fmalar tekrar ele al\u0131nd\u0131. Olay\u0131 ger\u00e7ekle\u015ftiren \u015f\u00fcphelinin daha evvelden benzeri olaylara kar\u0131\u015fm\u0131\u015f olabilece\u011fi k\u0131ymetlendirilerek ar\u015fiv \u00e7al\u0131\u015fmas\u0131na ba\u015fland\u0131.\u00a0<\/p>\n<p>14.06.2019 g\u00fcn\u00fc Antalya Muratpa\u015fa \u0130l\u00e7esinde \u00f6ld\u00fcr\u00fclen K.K.D isimli bayan cinayeti ile 2016 y\u0131l\u0131nda i\u015flenen S.K. isimli bayan cinayeti ortas\u0131nda benzerlikler tespit edildi.\u00a0<\/p>\n<p>2019 y\u0131l\u0131nda K.K.D isimli bayan cinayetinin \u015f\u00fcphelisi olarak tutuklanan M.K.\u2019n\u0131n 2016 y\u0131l\u0131nda i\u015flenen cinayetinin de faili olabilece\u011fi de\u011ferlendirildi.\u00a0<\/p>\n<p>Cinayet Ofis Amirli\u011fi gruplar\u0131 mahpustaki M.K.\u2019dan 25.11.2025 tarihinde kan \u00f6rne\u011fi alarak, 2016 y\u0131l\u0131nda \u00f6ld\u00fcr\u00fclen S.K.\u2019dan elde edilen biyolojik bulgularla kar\u015f\u0131la\u015ft\u0131rmak \u00fczere \u0130zmir \u0130simli T\u0131p Kurumuna g\u00f6nderdi.<\/p>\n<p>22.01.2026 tarihinde \u0130zmir \u0130simli T\u0131p Kurumundan gelen yan\u0131ta nazaran; 2016 y\u0131l\u0131nda \u00f6ld\u00fcr\u00fclen S.K. isimli bayandan daha evvel elde edilen \u00f6rneklerden \u00e7\u0131kart\u0131lan DNA profili ile ku\u015fkulu M.K.\u2019dan al\u0131nan kan \u00f6rne\u011finden \u00e7\u0131kart\u0131lan DNA profilinin uyumluluk g\u00f6sterdi\u011fi tespit edildi.\u00a0<\/p>\n<p>29.02.2016 tarihinde \u00f6ld\u00fcr\u00fclen S.K. isimli bayan\u0131n katilinin de M.K. oldu\u011fu tespit edildi. Cinayet ayd\u0131nlat\u0131ld\u0131.<\/p>\n<p>Valimizi, Cumhuriyet Ba\u015fsavc\u0131l\u0131\u011f\u0131m\u0131z\u0131, Emniyet M\u00fcd\u00fcr\u00fcm\u00fcz\u00fc, Cinayet Ofisimizi ve polisimizi y\u00fcrekten tebrik ediyorum. Allah aya\u011f\u0131n\u0131za ta\u015f de\u011fdirmesin.<\/p>\n<p>2 bayan\u0131 \u00f6ld\u00fcren vicdans\u0131z, Polisimizden ka\u00e7amad\u0131. Hi\u00e7bir hatan\u0131n cezas\u0131z kalmamas\u0131 i\u00e7in \u00f6zel gruplar\u0131m\u0131z ile geriye d\u00f6n\u00fck faili me\u00e7hul cinayetleri ayd\u0131nlatmak \u00fczere gece-g\u00fcnd\u00fcz \u00e7abam\u0131za devam ediyoruz<\/p>\n","protected":false},"excerpt":{"rendered":"<p>Bakan Yerlikaya Antalya\u2019da 10 y\u0131l evvel i\u015flenen faili me\u00e7hul bayan cinayetinin di\u011fer bir bayan cinayetiyle ba\u011f\u0131n\u0131n tespit edilmesi \u00fczerine yap\u0131lan DNA testi ile katilin yakaland\u0131\u011f\u0131n\u0131 duyurdu. Yerlikaya failin 2016 ve 2019 y\u0131llar\u0131nda iki bayan\u0131 katletti\u011fini kaydetti.<\/p>\n","protected":false},"author":1,"featured_media":95631,"comment_status":"open","ping_status":"open","sticky":false,"template":"","format":"standard","meta":{"footnotes":""},"categories":[25],"tags":[2162,2432,10070,10071,3464],"class_list":["post-95630","post","type-post","status-publish","format-standard","has-post-thumbnail","hentry","category-gundem","tag-antalya","tag-cinayet","tag-faili","tag-oldurulen","tag-s-k"],"_links":{"self":[{"href":"https:\/\/ikimisli.tr\/index.php\/wp-json\/wp\/v2\/posts\/95630","targetHints":{"allow":["GET"]}}],"collection":[{"href":"https:\/\/ikimisli.tr\/index.php\/wp-json\/wp\/v2\/posts"}],"about":[{"href":"https:\/\/ikimisli.tr\/index.php\/wp-json\/wp\/v2\/types\/post"}],"author":[{"embeddable":true,"href":"https:\/\/ikimisli.tr\/index.php\/wp-json\/wp\/v2\/users\/1"}],"replies":[{"embeddable":true,"href":"https:\/\/ikimisli.tr\/index.php\/wp-json\/wp\/v2\/comments?post=95630"}],"version-history":[{"count":1,"href":"https:\/\/ikimisli.tr\/index.php\/wp-json\/wp\/v2\/posts\/95630\/revisions"}],"predecessor-version":[{"id":95632,"href":"https:\/\/ikimisli.tr\/index.php\/wp-json\/wp\/v2\/posts\/95630\/revisions\/95632"}],"wp:featuredmedia":[{"embeddable":true,"href":"https:\/\/ikimisli.tr\/index.php\/wp-json\/wp\/v2\/media\/95631"}],"wp:attachment":[{"href":"https:\/\/ikimisli.tr\/index.php\/wp-json\/wp\/v2\/media?parent=95630"}],"wp:term":[{"taxonomy":"category","embeddable":true,"href":"https:\/\/ikimisli.tr\/index.php\/wp-json\/wp\/v2\/categories?post=95630"},{"taxonomy":"post_tag","embeddable":true,"href":"https:\/\/ikimisli.tr\/index.php\/wp-json\/wp\/v2\/tags?post=95630"}],"curies":[{"name":"wp","href":"https:\/\/api.w.org\/{rel}","templated":true}]}}