{"id":9564,"date":"2025-02-10T20:24:14","date_gmt":"2025-02-10T20:24:14","guid":{"rendered":"https:\/\/ikimisli.tr\/?p=9564"},"modified":"2025-02-10T20:24:14","modified_gmt":"2025-02-10T20:24:14","slug":"yeniden-refahtan-dikkat-ceken-cikis-turkiye-icin-erken-secim-kapida","status":"publish","type":"post","link":"https:\/\/ikimisli.tr\/index.php\/2025\/02\/10\/yeniden-refahtan-dikkat-ceken-cikis-turkiye-icin-erken-secim-kapida\/","title":{"rendered":"Yeniden Refah&#8217;tan dikkat \u00e7eken \u00e7\u0131k\u0131\u015f: T\u00fcrkiye i\u00e7in erken se\u00e7im kap\u0131da!"},"content":{"rendered":"<p>Yeniden Refah Partisi Genel Lider Yard\u0131mc\u0131s\u0131 K\u0131l\u0131\u00e7, partisinin Merkez Y\u00fcr\u00fctme Kurulu (MYK) toplant\u0131s\u0131n\u0131n akabinde, g\u00fcndeme ait a\u00e7\u0131klamalarda bulundu.<\/p>\n<p>Cumhurba\u015fkan\u0131 Recep Tayyip Erdo\u011fan taraf\u0131ndan d\u00fcn a\u00e7\u0131klanan faizsiz evlilik kredisinin 150 bin lira olmas\u0131n\u0131 k\u00e2fi bulmad\u0131klar\u0131n\u0131 belirten K\u0131l\u0131\u00e7, &#8220;Say\u0131n Cumhurba\u015fkan\u0131 2 sene evvel kelam vermi\u015fti. D\u00fcn prosed\u00fcr\u00fc a\u00e7\u0131klad\u0131. Diyoruz ki enflasyon ilavesiyle evlilik kredisi 150 bin lira de\u011fil en az 350 bin lira olmal\u0131d\u0131r&#8221; de\u011ferlendirmesinde bulundu.<\/p>\n<p>Evlilik kredisi almak i\u00e7in belirlenen kaidelerin s\u0131k\u0131nt\u0131 oldu\u011funu savunan K\u0131l\u0131\u00e7, &#8220;\u015eartlardan biri \u00e7iftlerin ayl\u0131k gelirinin minimum fiyat\u0131n 2,3 kat\u0131ndan fazla olmamas\u0131. Hi\u00e7 de\u011filse bu ko\u015ful listeden \u00e7\u0131kar\u0131lmal\u0131d\u0131r. Minimum fiyat ne ki, 2,3 kat\u0131 ne olsun. Bu ko\u015fulu koydu\u011fumuz vakit yararlanabilecek insan say\u0131s\u0131 k\u0131s\u0131tl\u0131 hale gelecek&#8221; diye konu\u015ftu.<\/p>\n<p><img decoding=\"async\" src=\"https:\/\/ikimisli.tr\/wp-content\/uploads\/2025\/02\/yeniden-refahtan-dikkat-ceken-cikis-turkiye-icin-erken-secim-kapida-0-74BHHSOa.jpg\"\/><\/p>\n<p>K\u0131l\u0131\u00e7, taban fiyat\u0131n, memur ve memur emeklisi maa\u015flar\u0131ndaki art\u0131\u015f\u0131n yetersiz oldu\u011funu \u00f6ne s\u00fcrd\u00fc.<\/p>\n<p>DEM Parti&#8217;nin \u0130mral\u0131 ziyaretinin akabinde siyasi partilerle olan g\u00f6r\u00fc\u015fmelerini yak\u0131ndan takip ettiklerini aktaran K\u0131l\u0131\u00e7, &#8220;Yeniden Refah Partisi olarak, b\u00f6l\u00fcc\u00fc ter\u00f6r \u00f6rg\u00fct\u00fcn\u00fcn hi\u00e7bir kaide ileri s\u00fcrmeksizin silah b\u0131rakmas\u0131 d\u0131\u015f\u0131nda bir tahlil yolu olmad\u0131\u011f\u0131n\u0131n alt\u0131n\u0131 \u00e7iziyoruz&#8221; dedi.<\/p>\n<p>K\u0131l\u0131\u00e7, bir gazetecinin &#8220;MHP Genel Ba\u015fkan\u0131 Devlet Bah\u00e7eli&#8217;nin erken se\u00e7ime&#8221; ait a\u00e7\u0131klamas\u0131n\u0131 sormas\u0131 \u00fczerine, \u015funlar\u0131 kaydetti:<\/p>\n<p>&#8220;Ge\u00e7im zorsa se\u00e7im kaidedir. A\u00e7\u0131klad\u0131\u011f\u0131m\u0131z ekonomik ve toplumsal bilgiler T\u00fcrkiye&#8217;de erken se\u00e7im \u015fartlar\u0131n\u0131n olu\u015ftu\u011funu, olgunla\u015ft\u0131\u011f\u0131n\u0131 ortaya koymaktad\u0131r. T\u00fcrkiye i\u00e7in erken se\u00e7im kap\u0131dad\u0131r. 2025 y\u0131l\u0131nda iktidar\u0131n erken se\u00e7im karar\u0131 alaca\u011f\u0131n\u0131 zannetmiyoruz&#8221;<\/p>\n","protected":false},"excerpt":{"rendered":"<p>Partisinin MYK toplant\u0131s\u0131n\u0131n akabinde a\u00e7\u0131klamalarda bulunan Yeniden Refah Partisi (YRP) Genel Lider Yard\u0131mc\u0131s\u0131 K\u0131l\u0131\u00e7, T\u00fcrkiye i\u00e7in &#8216;erken Se\u00e7im&#8217;in kap\u0131da oldu\u011funu lakin iktidar\u0131n 2025 y\u0131l\u0131nda bu t\u00fcrl\u00fc bir karar alaca\u011f\u0131n\u0131 d\u00fc\u015f\u00fcnmediklerini s\u00f6yledi.<\/p>\n","protected":false},"author":1,"featured_media":9565,"comment_status":"open","ping_status":"open","sticky":false,"template":"","format":"standard","meta":{"footnotes":""},"categories":[25],"tags":[2255,2254,652],"class_list":["post-9564","post","type-post","status-publish","format-standard","has-post-thumbnail","hentry","category-gundem","tag-kilic","tag-sart","tag-secim"],"_links":{"self":[{"href":"https:\/\/ikimisli.tr\/index.php\/wp-json\/wp\/v2\/posts\/9564","targetHints":{"allow":["GET"]}}],"collection":[{"href":"https:\/\/ikimisli.tr\/index.php\/wp-json\/wp\/v2\/posts"}],"about":[{"href":"https:\/\/ikimisli.tr\/index.php\/wp-json\/wp\/v2\/types\/post"}],"author":[{"embeddable":true,"href":"https:\/\/ikimisli.tr\/index.php\/wp-json\/wp\/v2\/users\/1"}],"replies":[{"embeddable":true,"href":"https:\/\/ikimisli.tr\/index.php\/wp-json\/wp\/v2\/comments?post=9564"}],"version-history":[{"count":1,"href":"https:\/\/ikimisli.tr\/index.php\/wp-json\/wp\/v2\/posts\/9564\/revisions"}],"predecessor-version":[{"id":9567,"href":"https:\/\/ikimisli.tr\/index.php\/wp-json\/wp\/v2\/posts\/9564\/revisions\/9567"}],"wp:featuredmedia":[{"embeddable":true,"href":"https:\/\/ikimisli.tr\/index.php\/wp-json\/wp\/v2\/media\/9565"}],"wp:attachment":[{"href":"https:\/\/ikimisli.tr\/index.php\/wp-json\/wp\/v2\/media?parent=9564"}],"wp:term":[{"taxonomy":"category","embeddable":true,"href":"https:\/\/ikimisli.tr\/index.php\/wp-json\/wp\/v2\/categories?post=9564"},{"taxonomy":"post_tag","embeddable":true,"href":"https:\/\/ikimisli.tr\/index.php\/wp-json\/wp\/v2\/tags?post=9564"}],"curies":[{"name":"wp","href":"https:\/\/api.w.org\/{rel}","templated":true}]}}